{"id":123354,"date":"2025-12-28T11:39:14","date_gmt":"2025-12-28T11:39:14","guid":{"rendered":"https:\/\/www.europesays.com\/no\/123354\/"},"modified":"2025-12-28T11:39:14","modified_gmt":"2025-12-28T11:39:14","slug":"dodsfall-politiet-etterforsker-dodsfall-krimteknikere-er-pa-plass-oppland-arbeiderblad","status":"publish","type":"post","link":"https:\/\/www.europesays.com\/no\/123354\/","title":{"rendered":"D\u00f8dsfall, Politiet | Etterforsker d\u00f8dsfall \u2013 krimteknikere er p\u00e5 plass &#8211; Oppland Arbeiderblad"},"content":{"rendered":"<ol>\n<li><a href=\"https:\/\/news.google.com\/rss\/articles\/CBMiiAFBVV95cUxQZEtrbGpCZk41Ny1tMDJEeUJzYktYUmpibzFubWRSYzBoeDMwTVVFUHFwRHNEVUszcUJqbjl2a3pPZjFVa2xiTko2OWZpU2VWNmpZWUxCNU9WcG4wdDdoeWRTWTBybUo2ZUtVdzBLRFBHQUFjU0oyM0ZqWTMyNXp5T3J0SG9saExX?oc=5\" target=\"_blank\" rel=\"nofollow noopener\">D\u00f8dsfall, Politiet | Etterforsker d\u00f8dsfall \u2013 krimteknikere er p\u00e5 plass<\/a>&nbsp;&nbsp;Oppland Arbeiderblad<\/li>\n<li><a href=\"https:\/\/news.google.com\/rss\/articles\/CBMigAFBVV95cUxOSWJFR3lpMVpGd0dvNFdZR3ppaVMzdnNTeDFYa2c5MERFb0pnNXBoZi1TdnR3S3FPUDlPa2xzSThOVnlRSHpudGVleXdmeDNwYkI4cGdXU1BtTmlWSHdqYlhpeWFnZVJVeWRlX1hTS0VRTER0aFJ2d2txUXBsU0RnNw?oc=5\" target=\"_blank\" rel=\"nofollow noopener\">Mistenkelig d\u00f8dsfall i Grue: Kvinne funnet d\u00f8d &#8211; siktede er p\u00e5 frifot<\/a>&nbsp;&nbsp;TV2.no<\/li>\n<li><a href=\"https:\/\/news.google.com\/rss\/articles\/CBMiigFBVV95cUxPZUpxdTlCNXNPZE5GR3REeE5rSS1SNF90ZVUtNFh1UGhlbWZka18xZ1A2aDhMX1FWcUllcjNFbVF1M0ZiUGk2YTRJZmNhckJmQmg4T09jcmp1azVYZWJBM3hnVmxwTEExdlJTVTNfaHNRV1RBRFNkMlNzajZmc3lVVFBNQWRGSU8yQkE?oc=5\" target=\"_blank\" rel=\"nofollow noopener\">D\u00f8dsfall, Politiet | Kvinne funnet d\u00f8d \u2013 \u00e9n person er siktet og etters\u00f8kt<\/a>&nbsp;&nbsp;Hamar Arbeiderblad<\/li>\n<li><a href=\"https:\/\/news.google.com\/rss\/articles\/CBMie0FVX3lxTFBBclBYaWZPZGs5U2hvdzgzUjBjYkZ1U0FpaXRSNFNvby1QQkYzV3VZcFIzNlVVZVppY3pRMU5lamlfS1JiSnRVNXZsZWdkbE8zQThiWVVYaGxvOGE4M3dQenhXeG9QV2xUVUVfTjJtWU9VWmtwNW5EVUVXZw?oc=5\" target=\"_blank\" rel=\"nofollow noopener\">Politiet innlandet, Sol\u00f8r | Person siktet etter d\u00f8dsfall i Grue<\/a>&nbsp;&nbsp;\u00d8stlendingen<\/li>\n<li><a href=\"https:\/\/news.google.com\/rss\/articles\/CBMioAFBVV95cUxPbnlHSEZIakRLZTMxZVp4eVRnQlRvQ0FzdjBPZGhTaGZLTGVIU1VnZTlGNFVSd3ZPVERNZ2MzOHlrcFdfZy1vMlM0WmJEdElGMElaUV94S1kteFRtdWk0Mk9BbUNaRjJtNllaR0xjUWRpQnJiQlgxNWhSU0g5dEpiX1loZy1PbnJTN1l6UThZOXRBMG9uSGpCaXNXME1BZUND?oc=5\" target=\"_blank\" rel=\"nofollow noopener\">Person siktet etter funn av d\u00f8d kvinne i Sol\u00f8r i Innlandet<\/a>&nbsp;&nbsp;Nettavisen<\/li>\n<\/ol>\n","protected":false},"excerpt":{"rendered":"D\u00f8dsfall, Politiet | Etterforsker d\u00f8dsfall \u2013 krimteknikere er p\u00e5 plass&nbsp;&nbsp;Oppland Arbeiderblad Mistenkelig d\u00f8dsfall i Grue: Kvinne funnet d\u00f8d&hellip;\n","protected":false},"author":2,"featured_media":123355,"comment_status":"","ping_status":"","sticky":false,"template":"","format":"standard","meta":{"footnotes":""},"categories":[12],"tags":[20,21,24,25,15,22,23,13,30,28,29,14,16,26,27,42,43,44,45],"class_list":{"0":"post-123354","1":"post","2":"type-post","3":"status-publish","4":"format-standard","5":"has-post-thumbnail","7":"category-verden","8":"tag-breaking-news","9":"tag-breakingnews","10":"tag-featured-news","11":"tag-featurednews","12":"tag-headlines","13":"tag-latest-news","14":"tag-latestnews","15":"tag-news","16":"tag-no","17":"tag-norge","18":"tag-norway","19":"tag-nyheter","20":"tag-overskrifter","21":"tag-top-stories","22":"tag-topstories","23":"tag-verden","24":"tag-world","25":"tag-world-news","26":"tag-worldnews"},"share_on_mastodon":{"url":"https:\/\/pubeurope.com\/@no\/115797004234704718","error":""},"_links":{"self":[{"href":"https:\/\/www.europesays.com\/no\/wp-json\/wp\/v2\/posts\/123354","targetHints":{"allow":["GET"]}}],"collection":[{"href":"https:\/\/www.europesays.com\/no\/wp-json\/wp\/v2\/posts"}],"about":[{"href":"https:\/\/www.europesays.com\/no\/wp-json\/wp\/v2\/types\/post"}],"author":[{"embeddable":true,"href":"https:\/\/www.europesays.com\/no\/wp-json\/wp\/v2\/users\/2"}],"replies":[{"embeddable":true,"href":"https:\/\/www.europesays.com\/no\/wp-json\/wp\/v2\/comments?post=123354"}],"version-history":[{"count":0,"href":"https:\/\/www.europesays.com\/no\/wp-json\/wp\/v2\/posts\/123354\/revisions"}],"wp:featuredmedia":[{"embeddable":true,"href":"https:\/\/www.europesays.com\/no\/wp-json\/wp\/v2\/media\/123355"}],"wp:attachment":[{"href":"https:\/\/www.europesays.com\/no\/wp-json\/wp\/v2\/media?parent=123354"}],"wp:term":[{"taxonomy":"category","embeddable":true,"href":"https:\/\/www.europesays.com\/no\/wp-json\/wp\/v2\/categories?post=123354"},{"taxonomy":"post_tag","embeddable":true,"href":"https:\/\/www.europesays.com\/no\/wp-json\/wp\/v2\/tags?post=123354"}],"curies":[{"name":"wp","href":"https:\/\/api.w.org\/{rel}","templated":true}]}}