{"id":123356,"date":"2025-12-28T11:41:09","date_gmt":"2025-12-28T11:41:09","guid":{"rendered":"https:\/\/www.europesays.com\/no\/123356\/"},"modified":"2025-12-28T11:41:09","modified_gmt":"2025-12-28T11:41:09","slug":"fyrverkeri-nyttarsaften-debatten-raser-om-nyttarsraketter-i-tonsberg-hjerteskjaerende-tonsbergs-blad","status":"publish","type":"post","link":"https:\/\/www.europesays.com\/no\/123356\/","title":{"rendered":"Fyrverkeri, Nytt\u00e5rsaften | Debatten raser om nytt\u00e5rsraketter i T\u00f8nsberg: \u2013 Hjerteskj\u00e6rende &#8211; T\u00f8nsbergs Blad"},"content":{"rendered":"<ol>\n<li><a href=\"https:\/\/news.google.com\/rss\/articles\/CBMimAFBVV95cUxONHI1OE5QeGU2MUt6b21ENjkyRXJRU1V4anJuTmZ2VC1DUXlpUXpja3ZzejAxT3NVTFpMVE9jSzdaX1RUd2J1Sjdvc2J1UGtGNXZpVV9iM1pJSVdPeUZxOVUwSWE3d3lpajBZalVhU2lmM21URmVlSnBiUWZ0MHdxLUZnY3U1a1g1OEhVMFVtN3Y4b1RwTE14cA?oc=5\" target=\"_blank\" rel=\"nofollow noopener\">Fyrverkeri, Nytt\u00e5rsaften | Debatten raser om nytt\u00e5rsraketter i T\u00f8nsberg: \u2013 Hjerteskj\u00e6rende<\/a>&nbsp;&nbsp;T\u00f8nsbergs Blad<\/li>\n<li><a href=\"https:\/\/news.google.com\/rss\/articles\/CBMijgFBVV95cUxOa3NKZkYzZU5zV2t1ajRmc2M3aTI5aHROWGRocnNDSWVhSlRNT01sbGg0MEhoNEdSSXg2V2U5YUIwczB5N3JISVB2S2lOTFduQzdOTDVQQWp2VnpxZk42UHNmUUZ4WldQQWdaUERIbl9WVnV0ZkJxYl9SQmx5V0p2SmRuRC1ucHB3Zm9UWkJR?oc=5\" target=\"_blank\" rel=\"nofollow noopener\">Nytt\u00e5rsaften n\u00e6rmer seg: &#8211; V\u00e6r tidlig ute med fyrverkeriet<\/a>&nbsp;&nbsp;DRM24.no<\/li>\n<li><a href=\"https:\/\/news.google.com\/rss\/articles\/CBMijwFBVV95cUxPMThMVVIxTDJ1R1lnWWpWUFpWVXhkc3dmZW1QR0VVX2dTVTBZX1NGY0E0Wmg5VnhqRzRnYlBORDdmTnYzUlJmWDNjdWdoTzBLMmpnbDI2VkhOV1ZDTTRWbWpzeVhFdVotYjdjTVNJaFNZNG9NT0pybXpfdlNTSG5Ka2lndmJhaWYzUzFRNzh0TQ?oc=5\" target=\"_blank\" rel=\"nofollow noopener\">Atr\u00e5, Fyrverkeriutsalg | Supernova eller stjerneskudd &#8211; uansett blir det fest<\/a>&nbsp;&nbsp;Rjukan Arbeiderblad<\/li>\n<li><a href=\"https:\/\/news.google.com\/rss\/articles\/CBMimAFBVV95cUxPcjRjZXh5OU0xd2NIbk0xU1lhV1BEWHl6S2NrZ0dGZi1FdEhRakprNFJJT3pnbVBLY3NYNE0wOTNkVXBiR0hZUmZCQVVrNEtOU3pmZ0xDdnVTa2llbFliNkdnTDVRbmVNME9uSnJBR1BuTGdpOGN4YlduRldUZUtiZGxMN29LN2FhN1F5UGRSaWNrVGJRUlQ2Vg?oc=5\" target=\"_blank\" rel=\"nofollow noopener\">Fyrverkeri-fella: Derfor skader menn seg mest<\/a>&nbsp;&nbsp;Hardanger Folkeblad<\/li>\n<li><a href=\"https:\/\/news.google.com\/rss\/articles\/CBMif0FVX3lxTFBaRWlDRG5DOEJUY1pqR1JzcDlGNUJXRGdHUGdwbVlBVGFjMGhBS09iQ3FhcHZCZmd6Y1VSOXlUUHFOY25RWFdfSXZ4bHkxVkJVWG1NMlp6d2swYXA3RlZTV1dUc1JFWXd3d2pfNGVJazNiYmY4d0ZmRTJmbURGZ00?oc=5\" target=\"_blank\" rel=\"nofollow noopener\">Se oversikten: Her f\u00e5r du kj\u00f8pt fyrverkeri<\/a>&nbsp;&nbsp;Romerikes Blad<\/li>\n<\/ol>\n","protected":false},"excerpt":{"rendered":"Fyrverkeri, Nytt\u00e5rsaften | Debatten raser om nytt\u00e5rsraketter i T\u00f8nsberg: \u2013 Hjerteskj\u00e6rende&nbsp;&nbsp;T\u00f8nsbergs Blad Nytt\u00e5rsaften n\u00e6rmer seg: &#8211; V\u00e6r tidlig&hellip;\n","protected":false},"author":2,"featured_media":123357,"comment_status":"","ping_status":"","sticky":false,"template":"","format":"standard","meta":{"footnotes":""},"categories":[5],"tags":[20,21,24,25,15,19,22,23,17,18,13,30,28,29,14,16,26,27],"class_list":{"0":"post-123356","1":"post","2":"type-post","3":"status-publish","4":"format-standard","5":"has-post-thumbnail","7":"category-overskrifter","8":"tag-breaking-news","9":"tag-breakingnews","10":"tag-featured-news","11":"tag-featurednews","12":"tag-headlines","13":"tag-hovedoppslag","14":"tag-latest-news","15":"tag-latestnews","16":"tag-main-news","17":"tag-mainnews","18":"tag-news","19":"tag-no","20":"tag-norge","21":"tag-norway","22":"tag-nyheter","23":"tag-overskrifter","24":"tag-top-stories","25":"tag-topstories"},"share_on_mastodon":{"url":"https:\/\/pubeurope.com\/@no\/115797012399447967","error":""},"_links":{"self":[{"href":"https:\/\/www.europesays.com\/no\/wp-json\/wp\/v2\/posts\/123356","targetHints":{"allow":["GET"]}}],"collection":[{"href":"https:\/\/www.europesays.com\/no\/wp-json\/wp\/v2\/posts"}],"about":[{"href":"https:\/\/www.europesays.com\/no\/wp-json\/wp\/v2\/types\/post"}],"author":[{"embeddable":true,"href":"https:\/\/www.europesays.com\/no\/wp-json\/wp\/v2\/users\/2"}],"replies":[{"embeddable":true,"href":"https:\/\/www.europesays.com\/no\/wp-json\/wp\/v2\/comments?post=123356"}],"version-history":[{"count":0,"href":"https:\/\/www.europesays.com\/no\/wp-json\/wp\/v2\/posts\/123356\/revisions"}],"wp:featuredmedia":[{"embeddable":true,"href":"https:\/\/www.europesays.com\/no\/wp-json\/wp\/v2\/media\/123357"}],"wp:attachment":[{"href":"https:\/\/www.europesays.com\/no\/wp-json\/wp\/v2\/media?parent=123356"}],"wp:term":[{"taxonomy":"category","embeddable":true,"href":"https:\/\/www.europesays.com\/no\/wp-json\/wp\/v2\/categories?post=123356"},{"taxonomy":"post_tag","embeddable":true,"href":"https:\/\/www.europesays.com\/no\/wp-json\/wp\/v2\/tags?post=123356"}],"curies":[{"name":"wp","href":"https:\/\/api.w.org\/{rel}","templated":true}]}}