{"id":123358,"date":"2025-12-28T11:42:10","date_gmt":"2025-12-28T11:42:10","guid":{"rendered":"https:\/\/www.europesays.com\/no\/123358\/"},"modified":"2025-12-28T11:42:10","modified_gmt":"2025-12-28T11:42:10","slug":"tour-de-ski-langrenn-tour-de-ski-heidi-weng-slatt-ut-kristine-stavas-skistad-og-mathilde-myhrvold-leverte","status":"publish","type":"post","link":"https:\/\/www.europesays.com\/no\/123358\/","title":{"rendered":"Tour de Ski, Langrenn | Tour de ski: Heidi Weng sl\u00e5tt ut \u2013 Kristine Stav\u00e5s Skistad og Mathilde Myhrvold leverte"},"content":{"rendered":"\n<p>   <img decoding=\"async\" width=\"1500\" height=\"440\" fetchpriority=\"low\"  loading=\"lazy\"  src=\"https:\/\/www.europesays.com\/no\/wp-content\/uploads\/2025\/12\/tour+de+ski+byline+simen+l%C3%B8nning+sjur+tveito.jpg\" alt=\"\" class=\"brick-c-cFOWSL\" style=\"--brick-image-ratio: 1500 \/ 440;\"\/><\/p>\n<p>TOBLACH\/OSLO (Nettavisen): Tour de ski er i gang med sprintprolog i Toblach, og det ble ingen god opplevelse for flere av de st\u00f8rste profilene p\u00e5 kvinnesiden.<\/p>\n<p>Sammenlagth\u00e5p som Heidi Weng (34), Frida Karlsson (26) og Ebba Andersson (28) endte nemlig alle utenfor de 30 beste p\u00e5 resultatene. De kvalifiserte seg dermed ikke for kvartfinalene og sprintens utslagsrunder.<\/p>\n<p>\u2013 Sammenlagtfavorittene sliter p\u00e5 denne distansen, kommenterer NRK-ekspert Fredrik Aukland.<\/p>\n<p>Weng endte over elleve sekunder bak prologens vinner Johanna Hagstr\u00f6m (27).<\/p>\n<p>Weng tenker ikke p\u00e5 sammendraget<\/p>\n<p>Weng virket imidlertid \u00e5 ta det hele med knusende ro.<\/p>\n<p>\u2013 Det var helt greit. Det var litt lenger ned p\u00e5 listen enn i fjor, men s\u00e5nn er det, sier Weng etter prologen.<\/p>\n<p>Hun forteller til Nettavisen at mye fortsatt kan skje i touren, men sier samtidig at hun bruker lite krefter p\u00e5 \u00e5 tenke p\u00e5 sammendraget i touren.<\/p>\n<p>\u2013 Jeg har aldri tenkt p\u00e5 sammendraget, for \u00e5 v\u00e6re \u00e6rlig. Akkurat det tror jeg det er mer media som tenker p\u00e5, forteller Weng.<\/p>\n<p>Hun legger til at hun allerede har vunnet Tour de Ski tidligere, og at en sammenlagtseier ikke er like viktig n\u00e5.<\/p>\n<p>Med tidlig exit p\u00e5 den f\u00f8rste etappen av touren, m\u00e5 Weng n\u00e5 forberede seg p\u00e5 mandagens etappe i Toblach.<\/p>\n<p><b>Les ogs\u00e5:<\/b> <a href=\"https:\/\/www.nettavisen.no\/sport\/program-for-tour-de-ski-2025-2026\/s\/5-95-2798023\" rel=\"Follow nofollow noopener\" target=\"_blank\">Hele programmet for Tour de ski<\/a><\/p>\n<p>Skistad imponerte<\/p>\n<p>Kristine Stav\u00e5s Skistad (26) leverte en solid sprintprolog med en sjetteplass, men m\u00e5tte likevel se seg sl\u00e5tt av flere konkurrenter. Blant dem var Mathilde Myhrvold (27) fullf\u00f8rte som Norges beste p\u00e5 femteplass.<\/p>\n<p>   <img decoding=\"async\" width=\"1152\" height=\"648\" fetchpriority=\"low\"  loading=\"lazy\"  src=\"https:\/\/www.europesays.com\/no\/wp-content\/uploads\/2025\/12\/skistad.jpg\" alt=\"\" class=\"brick-c-cFOWSL\" style=\"--brick-image-ratio: 1152 \/ 648;\"\/><\/p>\n<p>      STERK: Kristine Stav\u00e5s Skistad kom godt i gang med Tour de ski i Toblach.<br \/>\n      Foto: Gian Ehrenzeller (AP\/NTB)\n    <\/p>\n<p>Svenske Hagstr\u00f6m var enda noen hakk sterkere, og slo b\u00e5de Myrvold og Skistad med rundt tre sekunder.<\/p>\n<p>Ogs\u00e5 tyske Coletta Rydzek, Finlands Jasmi Joensuu og den amerikanske veteranen Jessie Diggins klokket ogs\u00e5 inn p\u00e5 sterkere tider enn Norges to beste.<\/p>\n<p><b>Les ogs\u00e5:<\/b> <a href=\"https:\/\/www.nettavisen.no\/sport\/kombinertprofilen-ida-marie-hagen-far-tv-jobb-under-ol\/s\/5-95-2798856\" rel=\"Follow nofollow noopener\" target=\"_blank\">F\u00e5r ny jobb under OL<\/a><\/p>\n<p>F\u00f8r utslagsheatene m\u00e5 Skistad likevel finne seg i \u00e5 ha et lite favorittstempel.<\/p>\n<p>\u2013 Hun er som regel bunnsolid, og den l\u00f8ypa her tror jeg kan passe henne bra, kommenterte Viaplay-ekspert Niklas Dyrhaug da Konnerud-l\u00f8peren startet prologen sin.<\/p>\n<p>De svenske stjernene Jonna Sundling og Linn Svahn er blant Skistads argeste rivaler i sprint\u00f8velsene til vanlig, men deltar ikke i Tour de ski.<\/p>\n","protected":false},"excerpt":{"rendered":"TOBLACH\/OSLO (Nettavisen): Tour de ski er i gang med sprintprolog i Toblach, og det ble ingen god opplevelse&hellip;\n","protected":false},"author":2,"featured_media":123359,"comment_status":"","ping_status":"","sticky":false,"template":"","format":"standard","meta":{"footnotes":""},"categories":[59],"tags":[30,28,29,83,82],"class_list":{"0":"post-123358","1":"post","2":"type-post","3":"status-publish","4":"format-standard","5":"has-post-thumbnail","7":"category-sport","8":"tag-no","9":"tag-norge","10":"tag-norway","11":"tag-sport","12":"tag-sports"},"share_on_mastodon":{"url":"https:\/\/pubeurope.com\/@no\/115797016386819837","error":""},"_links":{"self":[{"href":"https:\/\/www.europesays.com\/no\/wp-json\/wp\/v2\/posts\/123358","targetHints":{"allow":["GET"]}}],"collection":[{"href":"https:\/\/www.europesays.com\/no\/wp-json\/wp\/v2\/posts"}],"about":[{"href":"https:\/\/www.europesays.com\/no\/wp-json\/wp\/v2\/types\/post"}],"author":[{"embeddable":true,"href":"https:\/\/www.europesays.com\/no\/wp-json\/wp\/v2\/users\/2"}],"replies":[{"embeddable":true,"href":"https:\/\/www.europesays.com\/no\/wp-json\/wp\/v2\/comments?post=123358"}],"version-history":[{"count":0,"href":"https:\/\/www.europesays.com\/no\/wp-json\/wp\/v2\/posts\/123358\/revisions"}],"wp:featuredmedia":[{"embeddable":true,"href":"https:\/\/www.europesays.com\/no\/wp-json\/wp\/v2\/media\/123359"}],"wp:attachment":[{"href":"https:\/\/www.europesays.com\/no\/wp-json\/wp\/v2\/media?parent=123358"}],"wp:term":[{"taxonomy":"category","embeddable":true,"href":"https:\/\/www.europesays.com\/no\/wp-json\/wp\/v2\/categories?post=123358"},{"taxonomy":"post_tag","embeddable":true,"href":"https:\/\/www.europesays.com\/no\/wp-json\/wp\/v2\/tags?post=123358"}],"curies":[{"name":"wp","href":"https:\/\/api.w.org\/{rel}","templated":true}]}}