{"id":123378,"date":"2025-12-28T12:05:09","date_gmt":"2025-12-28T12:05:09","guid":{"rendered":"https:\/\/www.europesays.com\/no\/123378\/"},"modified":"2025-12-28T12:05:09","modified_gmt":"2025-12-28T12:05:09","slug":"skal-ikke-vaere-mulig","status":"publish","type":"post","link":"https:\/\/www.europesays.com\/no\/123378\/","title":{"rendered":"&#8211; Skal ikke v\u00e6re mulig"},"content":{"rendered":"<p class=\"kicker \" style=\"\">Tour de Ski<\/p>\n<p>  Dagbladet f\u00f8lger herrenes sprint i Italia. Johannes H\u00f8sflot Kl\u00e6bo med monsterprolog.<\/p>\n<p>\n    IMPONERTE: Johannes H\u00f8sflot Kl\u00e6bo. Foto: NTB\n  <\/p>\n<p> TOBLACH (Dagbladet): Dagbladet er p\u00e5 plass i italienske Toblach og f\u00f8lger herrenes sprint. Johannes H\u00f8sflot Kl\u00e6bo leverte varene i prologen.<\/p>\n<p> &#8211; Det skal ikke v\u00e6re mulig, sa NRKs Jann Post da Kl\u00e6bo ledet med halvannet sekund etter 0,7 km.<\/p>\n<p>&#8211; Hvis det er noe som utmerker seg i denne prologen s\u00e5 er det Kl\u00e6bo som er i en egen klasse, melder NRK-ekspert Fredrik Aukland. <\/p>\n<p>I m\u00e5l var han 1,76 sekunder raskere enn Gus Schumacher p\u00e5 andreplass.\u00a0<\/p>\n<p>&#8211; Det gikk fort, sier Harald \u00d8stberg Amundsen til Dagbladet om Kl\u00e6bo.<\/p>\n<p>\u00d8stberg Amundsen ble nummer ti i prologen.<\/p>\n<p>&#8211; Nei, det var hardt. Det var greit, men tungt \u00e5 komme i gang. Det er en veldig intens l\u00f8ype, s\u00e5 det blir tett. <\/p>\n<p> Amundsen har rett, og p\u00e5 andreplass bak Kl\u00e6bo og ned til 30. plass som gir avansement, skiller det bare 3,6 sekunder. <\/p>\n<p>&#8211; Det er helt vilt, sier Viaplay-kommentator Niklas Dyrhaug.<\/p>\n<p>Nordmennene Kl\u00e6bo, Vike, Heggen, Evensen, Amundsen og Valnes er alle videre til kvartfinalene. Edvin Anger er den eneste svensken som gikk videre.<\/p>\n<p>Herrenes sprintfinale starter klokka 15.45.<\/p>\n<p>    Tour de Ski-program:<\/p>\n<ul>\n<li>28. desember: Sprint fristil<\/li>\n<li>29. desember: 10 km klassisk intervallstart<\/li>\n<li>31. desember: 5 km fristil\u00a0<\/li>\n<li>1. januar: 20 km klassisk jaktstart<\/li>\n<li>3. januar: Sprint klassisk i Val di Fiemme<\/li>\n<li>4. januar: 15 km fristil fellesstart opp Alpe Cermis<\/li>\n<\/ul>\n<p>      Vis mer<br \/>\n      Vis mindre<\/p>\n","protected":false},"excerpt":{"rendered":"Tour de Ski Dagbladet f\u00f8lger herrenes sprint i Italia. Johannes H\u00f8sflot Kl\u00e6bo med monsterprolog. IMPONERTE: Johannes H\u00f8sflot Kl\u00e6bo.&hellip;\n","protected":false},"author":2,"featured_media":123379,"comment_status":"","ping_status":"","sticky":false,"template":"","format":"standard","meta":{"footnotes":""},"categories":[10],"tags":[20,21,24,25,15,398,22,23,13,30,28,29,14,16,83,26,27,12662,399],"class_list":{"0":"post-123378","1":"post","2":"type-post","3":"status-publish","4":"format-standard","5":"has-post-thumbnail","7":"category-norge","8":"tag-breaking-news","9":"tag-breakingnews","10":"tag-featured-news","11":"tag-featurednews","12":"tag-headlines","13":"tag-langrenn","14":"tag-latest-news","15":"tag-latestnews","16":"tag-news","17":"tag-no","18":"tag-norge","19":"tag-norway","20":"tag-nyheter","21":"tag-overskrifter","22":"tag-sport","23":"tag-top-stories","24":"tag-topstories","25":"tag-tour-de-ski","26":"tag-vintersport"},"share_on_mastodon":{"url":"https:\/\/pubeurope.com\/@no\/115797106717527684","error":""},"_links":{"self":[{"href":"https:\/\/www.europesays.com\/no\/wp-json\/wp\/v2\/posts\/123378","targetHints":{"allow":["GET"]}}],"collection":[{"href":"https:\/\/www.europesays.com\/no\/wp-json\/wp\/v2\/posts"}],"about":[{"href":"https:\/\/www.europesays.com\/no\/wp-json\/wp\/v2\/types\/post"}],"author":[{"embeddable":true,"href":"https:\/\/www.europesays.com\/no\/wp-json\/wp\/v2\/users\/2"}],"replies":[{"embeddable":true,"href":"https:\/\/www.europesays.com\/no\/wp-json\/wp\/v2\/comments?post=123378"}],"version-history":[{"count":0,"href":"https:\/\/www.europesays.com\/no\/wp-json\/wp\/v2\/posts\/123378\/revisions"}],"wp:featuredmedia":[{"embeddable":true,"href":"https:\/\/www.europesays.com\/no\/wp-json\/wp\/v2\/media\/123379"}],"wp:attachment":[{"href":"https:\/\/www.europesays.com\/no\/wp-json\/wp\/v2\/media?parent=123378"}],"wp:term":[{"taxonomy":"category","embeddable":true,"href":"https:\/\/www.europesays.com\/no\/wp-json\/wp\/v2\/categories?post=123378"},{"taxonomy":"post_tag","embeddable":true,"href":"https:\/\/www.europesays.com\/no\/wp-json\/wp\/v2\/tags?post=123378"}],"curies":[{"name":"wp","href":"https:\/\/api.w.org\/{rel}","templated":true}]}}