{"id":123382,"date":"2025-12-28T12:07:16","date_gmt":"2025-12-28T12:07:16","guid":{"rendered":"https:\/\/www.europesays.com\/no\/123382\/"},"modified":"2025-12-28T12:07:16","modified_gmt":"2025-12-28T12:07:16","slug":"na-har-roma-lagt-inn-bud","status":"publish","type":"post","link":"https:\/\/www.europesays.com\/no\/123382\/","title":{"rendered":"&#8211; N\u00e5 har Roma lagt inn bud"},"content":{"rendered":"<p>        Ash Donelon\n    <\/p>\n<p class=\"kicker t22 font-weight-bold m-font-weight-bold tertiary color_mobile_tertiary\" style=\"\">FABRIZIO ROMANO:\u00a0<\/p>\n<p>Joshua Zirkzee har v\u00e6rt \u00f8verst p\u00e5 Romas \u00f8nskeliste en god stund n\u00e5. Den italienske hovedstadsklubben fant ham ikke pent innpakket under treet p\u00e5 julaften, men tar med seg Zirkzee-\u00f8nsket inn i det nye \u00e5ret.\u00a0<\/p>\n<p>Og n\u00e5 skal de ha lagt inn et bud p\u00e5 nederlenderen.<\/p>\n<p>Det forteller Fabrizio Romano p\u00e5 sin <a href=\"https:\/\/www.youtube.com\/watch?v=8w1g3cXNNRU\" target=\"_blank\" rel=\"nofollow noopener\">italienske YouTube-kanal<\/a>. Den er i st\u00f8rre grad viet til det som skjer p\u00e5 markedet i og rundt italienske klubber.\u00a0<\/p>\n<p class=\"font-weight-bold m-font-weight-bold\" data-lab-font_weight=\"font-weight-bold\">Overgangsguruen forteller at Roma har lagt inn et formelt bud p\u00e5 Zirkzee. Forslaget til\u00a0\u00abGiallorossi\u00bb er \u00e5 hente Zirkzee p\u00e5 et seks m\u00e5neder langt l\u00e5n med en kj\u00f8psopsjon som blir til et obligatorisk kj\u00f8p dersom visse kriterier innfris.\u00a0<\/p>\n<p>                <img decoding=\"async\" src=\"https:\/\/www.europesays.com\/no\/wp-content\/uploads\/2025\/12\/1405402.webp\" width=\"480\" height=\"274\" title=\"- N\u00e5 har Roma lagt inn bud\" alt=\"Joshua Zirkzee fortviler mot Everton.\" loading=\"lazy\" style=\"\"\/><\/p>\n<p>            Alex Livesey\n        <\/p>\n<p class=\"font-weight-bold m-font-weight-bold\" data-lab-font_weight=\"font-weight-bold\">Det kan, for eksempel, v\u00e6re at Roma kvalifiserer seg til Champions League via tabellplassering. If\u00f8lge Romano har United bekreftet, via mellommenn, at de har mottatt budet budet fra Roma.\u00a0<\/p>\n<p>Romano forteller videre at United kommer til \u00e5 ta seg god tid med \u00e5 bestemme seg for hva de gj\u00f8r og det er ikke sikkert det kommer en avklaring f\u00f8r etter Afrikamesterskapet n\u00e5r viktige offensive spillere som Bryan Mbeumo og Amad returnerer.\u00a0<\/p>\n<p>United er tynt besatt og skader har skapt utfordringer for R\u00faben Amorim og de r\u00f8de djevlene. Det er dermed aldri sikkert at United aksepterer budet fra Roma.\u00a0<\/p>\n<p>Zirkzee har f\u00e5tt begrenset med spilletid denne sesongen og hadde et svakt innhopp mot Newcastle p\u00e5 Boxing Day.\u00a0<\/p>\n<p>                <img decoding=\"async\" src=\"https:\/\/www.europesays.com\/no\/wp-content\/uploads\/2025\/12\/1410993.webp\" width=\"480\" height=\"274\" title=\"- N\u00e5 har Roma lagt inn bud\" alt=\"Zirkzee i duell med en Newcastle-spiller.\" loading=\"lazy\" style=\"\"\/><\/p>\n<p>            Martin Rickett &#8211; PA Images\n        <\/p>\n<p>Italienske Gazzetta dello Sport melder at Gian Piero Gasperini, Romas trener, nylig var i kontakt med Zirkzee og det er flere rapporter som sl\u00e5r fast at United-spissen gjerne returnerer til Italia.\u00a0<\/p>\n<p>Det var i Bologna han slo igjennom og storspilte f\u00f8r de r\u00f8de djevlene hentet ham.\u00a0<\/p>\n<p class=\"font-weight-bold m-font-weight-bold\" data-lab-font_weight=\"font-weight-bold\">P\u00e5 Old Trafford har han slitt. Denne sesongen har det bare blitt \u00e9n scoring, og han kan vise til totalt \u00e5tte nettkjenninger p\u00e5 sine 61 opptredener.\u00a0<\/p>\n<p>        <a itemprop=\"url\" class=\"\" href=\"https:\/\/www.united.no\/nyheter\/ble-skuffet-over-klubbens-beslutning\/1411078\" data-k5a-url=\"https:\/\/www.united.no\/a\/1411078\" rel=\"nofollow noopener\" target=\"_blank\"><\/p>\n<p>\nTHE ATHLETIC OM OBI:\n<\/p>\n<p>            &#8211; Ble skuffet over klubbens beslutning<\/p>\n<p>        <\/a><\/p>\n","protected":false},"excerpt":{"rendered":"Ash Donelon FABRIZIO ROMANO:\u00a0 Joshua Zirkzee har v\u00e6rt \u00f8verst p\u00e5 Romas \u00f8nskeliste en god stund n\u00e5. Den italienske&hellip;\n","protected":false},"author":2,"featured_media":120613,"comment_status":"","ping_status":"","sticky":false,"template":"","format":"standard","meta":{"footnotes":""},"categories":[59],"tags":[30,28,29,83,82],"class_list":{"0":"post-123382","1":"post","2":"type-post","3":"status-publish","4":"format-standard","5":"has-post-thumbnail","7":"category-sport","8":"tag-no","9":"tag-norge","10":"tag-norway","11":"tag-sport","12":"tag-sports"},"share_on_mastodon":{"url":"https:\/\/pubeurope.com\/@no\/115797114584316558","error":""},"_links":{"self":[{"href":"https:\/\/www.europesays.com\/no\/wp-json\/wp\/v2\/posts\/123382","targetHints":{"allow":["GET"]}}],"collection":[{"href":"https:\/\/www.europesays.com\/no\/wp-json\/wp\/v2\/posts"}],"about":[{"href":"https:\/\/www.europesays.com\/no\/wp-json\/wp\/v2\/types\/post"}],"author":[{"embeddable":true,"href":"https:\/\/www.europesays.com\/no\/wp-json\/wp\/v2\/users\/2"}],"replies":[{"embeddable":true,"href":"https:\/\/www.europesays.com\/no\/wp-json\/wp\/v2\/comments?post=123382"}],"version-history":[{"count":0,"href":"https:\/\/www.europesays.com\/no\/wp-json\/wp\/v2\/posts\/123382\/revisions"}],"wp:featuredmedia":[{"embeddable":true,"href":"https:\/\/www.europesays.com\/no\/wp-json\/wp\/v2\/media\/120613"}],"wp:attachment":[{"href":"https:\/\/www.europesays.com\/no\/wp-json\/wp\/v2\/media?parent=123382"}],"wp:term":[{"taxonomy":"category","embeddable":true,"href":"https:\/\/www.europesays.com\/no\/wp-json\/wp\/v2\/categories?post=123382"},{"taxonomy":"post_tag","embeddable":true,"href":"https:\/\/www.europesays.com\/no\/wp-json\/wp\/v2\/tags?post=123382"}],"curies":[{"name":"wp","href":"https:\/\/api.w.org\/{rel}","templated":true}]}}