{"id":123390,"date":"2025-12-28T12:19:13","date_gmt":"2025-12-28T12:19:13","guid":{"rendered":"https:\/\/www.europesays.com\/no\/123390\/"},"modified":"2025-12-28T12:19:13","modified_gmt":"2025-12-28T12:19:13","slug":"tre-dode-etter-uvaer-i-sverige","status":"publish","type":"post","link":"https:\/\/www.europesays.com\/no\/123390\/","title":{"rendered":"Tre d\u00f8de etter uv\u00e6r i Sverige"},"content":{"rendered":"<p class=\"extendedContent hyperion-css-eyn926\" data-test-tag=\"lead-text\">Uv\u00e6ret \u00abJohannes\u00bb har herjet i Sverige. Flere titalls husstander er uten str\u00f8m, og tre er d\u00f8de. <\/p>\n<p>Publisert: 28.12.2025 09:28<\/p>\n<p class=\"paywall hyperion-css-1j42uic\">En person d\u00f8de l\u00f8rdag av skadene etter \u00e5 ha blitt klemt fast under et tre utenfor byen Sandviken i Sverige. Senere p\u00e5 kvelden d\u00f8de ogs\u00e5 en mann mens han ryddet falne tr\u00e6r i H\u00e4rn\u00f6sand i Nord-Sverige.<\/p>\n<p class=\"paywall hyperion-css-1j42uic\">S\u00f8ndag d\u00f8de en mann av skadene etter \u00e5 ha f\u00e5tt et tre over seg l\u00f8rdag kveld, skriver <a aria-label=\"SVT\" class=\"default hyperion-css-1raymq9\" href=\"https:\/\/www.svt.se\/nyheter\/inrikes\/stormen-johannes-drar-in-over-sverige-smhi-varnar?inlagg=75bc2cb433d8103889cf9871cf39fbca\" target=\"_blank\" rel=\"noopener nofollow noreferrer\" data-test-tag=\"external-link\">SVT<\/a>. <\/p>\n<p class=\"paywall hyperion-css-1j42uic\">L\u00f8rdag herjet et kraftig uv\u00e6r i Sverige og Finland. Stormen f\u00f8rte blant annet til kraftig vind i st\u00f8rsteparten av Nord-Sverige og vestlige deler av Finland. Uv\u00e6ret har f\u00e5tt navnet Johannes i Sverige, mens det heter Hannes i Finland.<\/p>\n","protected":false},"excerpt":{"rendered":"Uv\u00e6ret \u00abJohannes\u00bb har herjet i Sverige. Flere titalls husstander er uten str\u00f8m, og tre er d\u00f8de. Publisert: 28.12.2025&hellip;\n","protected":false},"author":2,"featured_media":914,"comment_status":"","ping_status":"","sticky":false,"template":"","format":"standard","meta":{"footnotes":""},"categories":[12],"tags":[20,21,24,25,15,22,23,13,30,28,29,14,16,26,27,42,43,44,45],"class_list":{"0":"post-123390","1":"post","2":"type-post","3":"status-publish","4":"format-standard","5":"has-post-thumbnail","7":"category-verden","8":"tag-breaking-news","9":"tag-breakingnews","10":"tag-featured-news","11":"tag-featurednews","12":"tag-headlines","13":"tag-latest-news","14":"tag-latestnews","15":"tag-news","16":"tag-no","17":"tag-norge","18":"tag-norway","19":"tag-nyheter","20":"tag-overskrifter","21":"tag-top-stories","22":"tag-topstories","23":"tag-verden","24":"tag-world","25":"tag-world-news","26":"tag-worldnews"},"share_on_mastodon":{"url":"https:\/\/pubeurope.com\/@no\/115797161611361570","error":""},"_links":{"self":[{"href":"https:\/\/www.europesays.com\/no\/wp-json\/wp\/v2\/posts\/123390","targetHints":{"allow":["GET"]}}],"collection":[{"href":"https:\/\/www.europesays.com\/no\/wp-json\/wp\/v2\/posts"}],"about":[{"href":"https:\/\/www.europesays.com\/no\/wp-json\/wp\/v2\/types\/post"}],"author":[{"embeddable":true,"href":"https:\/\/www.europesays.com\/no\/wp-json\/wp\/v2\/users\/2"}],"replies":[{"embeddable":true,"href":"https:\/\/www.europesays.com\/no\/wp-json\/wp\/v2\/comments?post=123390"}],"version-history":[{"count":0,"href":"https:\/\/www.europesays.com\/no\/wp-json\/wp\/v2\/posts\/123390\/revisions"}],"wp:featuredmedia":[{"embeddable":true,"href":"https:\/\/www.europesays.com\/no\/wp-json\/wp\/v2\/media\/914"}],"wp:attachment":[{"href":"https:\/\/www.europesays.com\/no\/wp-json\/wp\/v2\/media?parent=123390"}],"wp:term":[{"taxonomy":"category","embeddable":true,"href":"https:\/\/www.europesays.com\/no\/wp-json\/wp\/v2\/categories?post=123390"},{"taxonomy":"post_tag","embeddable":true,"href":"https:\/\/www.europesays.com\/no\/wp-json\/wp\/v2\/tags?post=123390"}],"curies":[{"name":"wp","href":"https:\/\/api.w.org\/{rel}","templated":true}]}}