{"id":123405,"date":"2025-12-28T12:38:13","date_gmt":"2025-12-28T12:38:13","guid":{"rendered":"https:\/\/www.europesays.com\/no\/123405\/"},"modified":"2025-12-28T12:38:13","modified_gmt":"2025-12-28T12:38:13","slug":"frp-politikk-frp-fosser-fram-blant-kvinner-knuser-myten-om-at-vi-bare-er-et-mannsparti","status":"publish","type":"post","link":"https:\/\/www.europesays.com\/no\/123405\/","title":{"rendered":"Frp, Politikk | Frp fosser fram blant kvinner: \u2013 Knuser myten om at vi bare er et mannsparti"},"content":{"rendered":"\n<p>\u2013 Jeg synes det er utrolig artig. Det knuser myten om at Frp bare er et mannsparti. Vi er definitivt ogs\u00e5 et parti for kvinner, sier Listhaug til NTB.<\/p>\n<p>Vanligvis blir Frp-lederen en \u00abtradwife\u00bb i julen og st\u00e5r for matlagingen og mye av det som skal ordnes i hjemmet. Men i \u00e5r reiser hun og familien bort p\u00e5 en etterlengtet ferie etter et formidabelt valg\u00e5r.<\/p>\n<p>\u2013 Jeg skal ikke lage mat, jeg skal ikke vaske, jeg skal ikke vaske kl\u00e6r, bare slappe av, sier Listhaug.<\/p>\n<p>  <a href=\"https:\/\/www.rb.no\/5-43-2642440\" class=\"related-teaser has-image default-story-teaser article--c-eRUmMG article--c-eRUmMG-jKCPdD-design-default\" rel=\"nofollow noopener\" target=\"_blank\"><\/p>\n<p>    <img decoding=\"async\" loading=\"lazy\"  src=\"https:\/\/www.europesays.com\/no\/wp-content\/uploads\/2025\/12\/fyrverkeri%2B311222%2B03.jpg\" alt=\"\" class=\"brick-c-cFOWSL\" style=\"\"\/><\/p>\n<p>\n            Les ogs\u00e5<\/p>\n<p>              Se oversikten: Her f\u00e5r du kj\u00f8pt fyrverkeri\n        <\/p>\n<p>  <\/a><br \/>\n  Framgang ogs\u00e5 hos kvinnene<\/p>\n<p>N\u00e5r man ser tilbake p\u00e5 valgkampen, har mye av fortellingen v\u00e6rt Frps appell og vekst blant unge menn.<\/p>\n<p>Men Listhaug peker n\u00e5 p\u00e5 flere resultater fra <a href=\"https:\/\/www.ssb.no\/valg\/stortingsvalg\/statistikk\/stortingsvalget-velgerundersokelsen\" rel=\"nofollow noopener\" target=\"_blank\"> SSBs velgerunders\u00f8kelse<\/a> rett f\u00f8r jul, som viser at partiet har gjort et byks ogs\u00e5 blant kvinnelige velgere:<\/p>\n<p>* Frp var nest st\u00f8rste parti blant kvinnelige velgere i alle aldersgrupper under valget, med unntak av 70 \u00e5r og eldre, der de deler andreplassen med H\u00f8yre.<\/p>\n<p>* 17 prosent av norske kvinner stemte Frp i valget, mot 8 prosent i 2021. Blant annet stemte 17 prosent av kvinnene i aldersgruppen 18 til 34 \u00e5r p\u00e5 Fremskrittspartiet.<\/p>\n<p>\u2013 Fortsatt potensial<\/p>\n<p>Listhaug mener partiet har f\u00e5tt st\u00f8rre troverdighet i en bredde av saker og trekker spesielt fram helse, eldreomsorg og skolepolitikk.<\/p>\n<p>\u2013 Menn er mest opptatt av skatt. Det er kj\u00f8nnsforskjeller. Men vi har n\u00e5 en bredde i saker som gj\u00f8r at vi egentlig n\u00e5r b\u00e5de menn og kvinner. Det synes jeg er kjekt \u00e5 se, rett og slett.<\/p>\n<p>\u2013 Har Frp tidligere v\u00e6rt et gubbeparti?<\/p>\n<p>\u2013 Nei, men vi har jo en overvekt av menn, b\u00e5de som medlemmer og som velgere. Det har vi fremdeles. Men dette viser jo at vi ogs\u00e5 er store blant damer. Jeg tror ogs\u00e5 vi har et stort potensial til \u00e5 f\u00e5 med oss enda flere.<\/p>\n<p>Bekymrede m\u00f8dre<\/p>\n<p>Debatten om ungdomskriminalitet er ogs\u00e5 en del av forklaringen p\u00e5 Frps \u00abdametekke\u00bb, mener Listhaug.<\/p>\n<p>\u2013 Jeg tror dette med svenske tilstander og ungdomskriminalitet har gjort mange bekymret. Mange m\u00f8dre er bekymret for barna sine. Ikke n\u00f8dvendigvis for at ungene skal falle inn i et kriminelt milj\u00f8, men for at de skal bli utsatt for disse kriminelle ten\u00e5ringene.<\/p>\n<p>Listhaug har tre barn og kjenner selv p\u00e5 bekymringen. De erfaringene trakk hun ogs\u00e5 fram i valgkampen. For eksempel i skolepolitikken.<\/p>\n<p>\u2013 Mange foreldre er bekymret for utviklingen i skolen. Jeg har sett det selv litt over tid. At br\u00e5kmakere f\u00e5r herje, mens de som er p\u00e5 skolen for \u00e5 l\u00e6re, blir offer for dem. Og s\u00e5 er det mobbing som ikke blir tatt tak i.<\/p>\n<p>  <a href=\"https:\/\/www.rb.no\/5-43-2641243\" class=\"related-teaser has-image default-story-teaser article--c-eRUmMG article--c-eRUmMG-jKCPdD-design-default\" rel=\"nofollow noopener\" target=\"_blank\"><\/p>\n<p>    <img decoding=\"async\" loading=\"lazy\"  src=\"https:\/\/www.europesays.com\/no\/wp-content\/uploads\/2025\/12\/KathrineGebyr-5.jpg\" alt=\"\" class=\"brick-c-cFOWSL\" style=\"\"\/><\/p>\n<p>\n            Les ogs\u00e5<\/p>\n<p>              R\u00f8dt-politiker skaper storm: \u2013 Folk sitter hjemme og klasker ut sure oppst\u00f8t\n        <\/p>\n<p>  <\/a><br \/>\n  Familiepartiet<\/p>\n<p>\u2013 Er Frp i st\u00f8rre grad blitt et familieparti?<\/p>\n<p>\u2013 Jeg har jo mine erfaringer, da. I og med at jeg har tre barn, s\u00e5 ser jeg jo dette p\u00e5 n\u00e6rt hold. Jeg setter ord p\u00e5 det jeg ser, og det som veldig mange andre foreldre ser. Og s\u00e5 t\u00f8r vi \u00e5 gj\u00f8re noe med det.<\/p>\n<p>Som travel partileder har Listhaug tidligere fortalt at hun er langt fra en \u00abtradwife\u00bb, og at ektemannen tar mye ansvar hjemme.<\/p>\n<p>Men i julen snus rollene som regel om.<\/p>\n<p>\u2013 Ja, det er jeg som lager mat, og det liker jeg.<\/p>\n<p>\u2013 S\u00e5 i julen liker du \u00e5 v\u00e6re litt tradwife?<\/p>\n<p>\u2013 Det liker jeg for s\u00e5 vidt ellers ogs\u00e5, det er bare det at jeg har ikke s\u00e5 mye tid til det. Men jeg er vokst opp med s\u00e5nne ordentlige husm\u00f8dre, s\u00e5 jeg har n\u00e5 l\u00e6rt ett og annet opp gjennom \u00e5rene.<\/p>\n<p>Men i \u00e5r blir det alts\u00e5 ferie.<\/p>\n<p>\u2013 Fantastisk \u00e5 f\u00e5 v\u00e6re hjemme med foreldrene<\/p>\n<p>N\u00e5r det gjelder familiepolitikken, mener Frp-lederen at politikerne blander seg for mye inn i hvordan m\u00f8dre og fedre vil gj\u00f8re det hjemme.<\/p>\n<p>Og om mor vil v\u00e6re hjemme med barna.<\/p>\n<p>\u2013 Jeg heier p\u00e5 dem som vil det \u2013 og jeg heier p\u00e5 dem som jobber. Jeg heier p\u00e5 at folk skal f\u00e5 gj\u00f8re slik som de vil. Det er det jeg synes er problemet, at politikere skal drive \u00e5 stikke nesa si opp i og blande seg inn i hvordan folk lever livet sitt.<\/p>\n<p>\u2013 Det er klart at for barna er det jo fantastisk \u00e5 f\u00e5 lov til \u00e5 v\u00e6re hjemme med foreldre. Jeg levde jo i den tiden der det var ganske vanlig \u00e5 gj\u00f8re det og fikk v\u00e6re hjemme stort sett til jeg begynte p\u00e5 skolen, sier Listhaug.<\/p>\n<p>Men premisset hun setter til folk som vil v\u00e6re husm\u00f8dre, er at de m\u00e5 finansiere det selv. Og klare seg p\u00e5 den inntekten de har.<\/p>\n<p>Og s\u00e5 er det dette med integrering. Frp-lederen mener at det ogs\u00e5 kan ha en bakside \u00e5 v\u00e6re hjemme hvis man ikke deltar i samfunnet.<\/p>\n<p>\u2013 Hvis du ikke kan norsk, ikke er i jobb, lever p\u00e5 offentlige ytelser og ikke har noe kontakt med det norske samfunnet, s\u00e5 er det klart at det er oppskriften p\u00e5 problemer og d\u00e5rlig integrering.<\/p>\n<p>  <a href=\"https:\/\/www.rb.no\/5-43-2637051\" class=\"related-teaser has-image default-story-teaser article--c-eRUmMG article--c-eRUmMG-jKCPdD-design-default\" rel=\"nofollow noopener\" target=\"_blank\"><\/p>\n<p>    <img decoding=\"async\" loading=\"lazy\"  src=\"https:\/\/www.europesays.com\/no\/wp-content\/uploads\/2025\/12\/ordf_rer_Eidsvoll-8217.jpg\" alt=\"\" class=\"brick-c-cFOWSL\" style=\"\"\/><\/p>\n<p>\n            Les ogs\u00e5<\/p>\n<p>              Full splittelse: \u2013 Gj\u00f8r meg oppriktig bekymret\n        <\/p>\n<p>  <\/a><\/p>\n","protected":false},"excerpt":{"rendered":"\u2013 Jeg synes det er utrolig artig. Det knuser myten om at Frp bare er et mannsparti. Vi&hellip;\n","protected":false},"author":2,"featured_media":123406,"comment_status":"","ping_status":"","sticky":false,"template":"","format":"standard","meta":{"footnotes":""},"categories":[5],"tags":[36,20,21,24,25,680,15,19,22,23,17,18,13,30,28,29,14,16,41,1510,8274,26,27],"class_list":{"0":"post-123405","1":"post","2":"type-post","3":"status-publish","4":"format-standard","5":"has-post-thumbnail","7":"category-overskrifter","8":"tag-art","9":"tag-breaking-news","10":"tag-breakingnews","11":"tag-featured-news","12":"tag-featurednews","13":"tag-frp","14":"tag-headlines","15":"tag-hovedoppslag","16":"tag-latest-news","17":"tag-latestnews","18":"tag-main-news","19":"tag-mainnews","20":"tag-news","21":"tag-no","22":"tag-norge","23":"tag-norway","24":"tag-nyheter","25":"tag-overskrifter","26":"tag-politikk","27":"tag-story","28":"tag-sylvi-listaug","29":"tag-top-stories","30":"tag-topstories"},"share_on_mastodon":{"url":"https:\/\/pubeurope.com\/@no\/115797236484091335","error":""},"_links":{"self":[{"href":"https:\/\/www.europesays.com\/no\/wp-json\/wp\/v2\/posts\/123405","targetHints":{"allow":["GET"]}}],"collection":[{"href":"https:\/\/www.europesays.com\/no\/wp-json\/wp\/v2\/posts"}],"about":[{"href":"https:\/\/www.europesays.com\/no\/wp-json\/wp\/v2\/types\/post"}],"author":[{"embeddable":true,"href":"https:\/\/www.europesays.com\/no\/wp-json\/wp\/v2\/users\/2"}],"replies":[{"embeddable":true,"href":"https:\/\/www.europesays.com\/no\/wp-json\/wp\/v2\/comments?post=123405"}],"version-history":[{"count":0,"href":"https:\/\/www.europesays.com\/no\/wp-json\/wp\/v2\/posts\/123405\/revisions"}],"wp:featuredmedia":[{"embeddable":true,"href":"https:\/\/www.europesays.com\/no\/wp-json\/wp\/v2\/media\/123406"}],"wp:attachment":[{"href":"https:\/\/www.europesays.com\/no\/wp-json\/wp\/v2\/media?parent=123405"}],"wp:term":[{"taxonomy":"category","embeddable":true,"href":"https:\/\/www.europesays.com\/no\/wp-json\/wp\/v2\/categories?post=123405"},{"taxonomy":"post_tag","embeddable":true,"href":"https:\/\/www.europesays.com\/no\/wp-json\/wp\/v2\/tags?post=123405"}],"curies":[{"name":"wp","href":"https:\/\/api.w.org\/{rel}","templated":true}]}}