{"id":123411,"date":"2025-12-28T12:45:17","date_gmt":"2025-12-28T12:45:17","guid":{"rendered":"https:\/\/www.europesays.com\/no\/123411\/"},"modified":"2025-12-28T12:45:17","modified_gmt":"2025-12-28T12:45:17","slug":"funn-av-dod-kvinne-mistenker-drap","status":"publish","type":"post","link":"https:\/\/www.europesays.com\/no\/123411\/","title":{"rendered":"Funn av d\u00f8d kvinne \u2013 mistenker drap"},"content":{"rendered":"\n<p class=\"_lead_o9xde_2 _lead_xtcu6_50 layout-component text-serif-m layout-normal text-serif-l layout-component layout-wide layout-padded _wide_17hqh_1 layout-padded\">En kvinne i 40-\u00e5rene ble s\u00f8ndag funnet d\u00f8d p\u00e5 en adresse i Grue kommune natt til s\u00f8ndag. Siktede er fortsatt p\u00e5 frifot.<\/p>\n<p> <img class=\"_image_qp4xg_65 layout-component layout-wide\" data-fullscreen- data-track-element-type=\"Article image fullscreen\" data-track-name=\"ImageFullscreen\" fetchpriority=\"high\" decoding=\"sync\" loading=\"eager\" height=\"181\" itemprop=\"image\"  src=\"https:\/\/www.europesays.com\/no\/wp-content\/uploads\/2025\/12\/13f67bdbb69723accfdd43b4023290ed.jpg\"  style=\"object-position:50% 50%;aspect-ratio:1.75;height:auto;object-fit:cover;width:100%\" width=\"102\"\/>  Rapporterer fra Grue og Oslo Oppdatert s\u00f8ndag 28. desember kl. 13:44     <\/p>\n<p class=\"_paragraph_o9xde_4 _paragraph_xtcu6_10 layout-component text-serif-m layout-normal text-serif-m layout-padded\">En person er siktet i saken og er besluttet p\u00e5grepet. Politiet har enn\u00e5 ikke funnet personen. De \u00f8nsker p\u00e5 n\u00e5v\u00e6rende tidspunkt ikke \u00e5 g\u00e5 ut med kj\u00f8nn eller alder p\u00e5 vedkommende.<\/p>\n<p class=\"_paragraph_o9xde_4 _paragraph_xtcu6_10 layout-component text-serif-m layout-normal text-serif-m layout-padded\">\u2013 Vi har per n\u00e5 ikke p\u00e5grepet siktede. Politiet jobber med \u00e5 f\u00e5 tak i vedkommende og f\u00e5 kontroll p\u00e5 personen. Ingenting tilsier at det er fare for andre, sier politiadvokat Ann Katrin Nysveen til VG.<\/p>\n<p class=\"_paragraph_o9xde_4 _paragraph_xtcu6_10 layout-component text-serif-m layout-normal text-serif-m layout-padded\"><strong class=\"_strong_o9xde_25\">N\u00e6rmeste p\u00e5r\u00f8rende er varslet. <\/strong><\/p>\n<ul class=\"_gallery_1qa3s_23\" tabindex=\"0\">\n<li class=\"_item_1qa3s_37\" data-index=\"0\"><img decoding=\"async\" class=\"_image_foru8_23 _articleGallery_foru8_39\" data-fullscreen- width=\"6000\" height=\"4000\" itemprop=\"image\" loading=\"lazy\"  src=\"https:\/\/www.europesays.com\/no\/wp-content\/uploads\/2025\/12\/fd4bdae5-c4ea-441d-ac53-5adbb1e113e1\"  style=\"object-position:50% 50%;aspect-ratio:var(--gallery-aspect-ratio, 16 \/ 9)\"\/>Krimteknikere p\u00e5 jobb inne i boligen til den avd\u00f8de kvinnen. Foto: Tore Kristiansen \/ VG<\/li>\n<li class=\"_item_1qa3s_37\" data-index=\"1\"><img decoding=\"async\" class=\"_image_foru8_23 _articleGallery_foru8_39\" data-fullscreen- width=\"3744\" height=\"2496\" itemprop=\"image\" loading=\"lazy\"  src=\"https:\/\/www.europesays.com\/no\/wp-content\/uploads\/2025\/12\/5323954a-6450-412a-b8e4-18af91913426\"  style=\"object-position:50% 50%;aspect-ratio:var(--gallery-aspect-ratio, 16 \/ 9)\"\/>Foto: Tore Kristiansen \/ VG<\/li>\n<\/ul>\n<p>Krimteknikere p\u00e5 jobb inne i boligen til den avd\u00f8de kvinnen. Foto: Tore Kristiansen \/ VG<\/p>\n<p>Nabo: \u2013 Det er tragisk<\/p>\n<p class=\"_paragraph_o9xde_4 _paragraph_xtcu6_10 layout-component text-serif-m layout-normal text-serif-m layout-padded\">VG m\u00f8tte s\u00f8ndag ettermiddag Bj\u00f8rn Vidar Steen, som er nabo til offeret.<\/p>\n<p class=\"_paragraph_o9xde_4 _paragraph_xtcu6_10 layout-component text-serif-m layout-normal text-serif-m layout-padded\">\u2013 Jeg kom ut i gangen og der m\u00f8tte jeg politiet og jeg sp\u00f8r hva som har skjedd. \u00abDet har skjedd noe her\u00bb sa politiet.<\/p>\n<p class=\"_paragraph_o9xde_4 _paragraph_xtcu6_10 layout-component text-serif-m layout-normal text-serif-m layout-padded\">Steen forteller at bygget er b\u00e5de et leilighets- og et forretningsbygg.<\/p>\n<p><img alt=\"Bj\u00f8rn Vidar Steen er nabo til avd\u00f8de.  Foto: Tore Kristiansen \/ VG\" class=\"_image_qp4xg_65 layout-component layout-normal\" data-fullscreen- data-track-element-type=\"Article image fullscreen\" data-track-name=\"ImageFullscreen\" decoding=\"async\" loading=\"lazy\" height=\"2496\" itemprop=\"image\"  src=\"https:\/\/www.europesays.com\/no\/wp-content\/uploads\/2025\/12\/ae2b3132-f42f-4b8c-9d8d-29bb1474c1b0\"  style=\"object-position:0% 0%\" width=\"3744\"\/>Bj\u00f8rn Vidar Steen er nabo til avd\u00f8de.  Foto: Tore Kristiansen \/ VG<\/p>\n<p class=\"_paragraph_o9xde_4 _paragraph_xtcu6_10 layout-component text-serif-m layout-normal text-serif-m layout-padded\">\u2013 Hva tenker du om at det skjer en s\u00e5nn hendelse her?<\/p>\n<p class=\"_paragraph_o9xde_4 _paragraph_xtcu6_10 layout-component text-serif-m layout-normal text-serif-m layout-padded\">\u2013 Jeg synes det er tragisk. Jeg har bodd her i mange \u00e5r og s\u00e5 f\u00e5r jeg oppleve dette her. Det var ikke noe s\u00e6rlig, sier han til VGs reporter p\u00e5 stedet.<\/p>\n<p class=\"_paragraph_o9xde_4 _paragraph_xtcu6_10 layout-component text-serif-m layout-normal text-serif-m layout-padded\">\u2013 Blir du redd?<\/p>\n<p class=\"_paragraph_o9xde_4 _paragraph_xtcu6_10 layout-component text-serif-m layout-normal text-serif-m layout-padded\">\u2013 Ikke redd men urolig. Jeg er ikke bekymret for meg selv. <\/p>\n<p class=\"_paragraph_o9xde_4 _paragraph_xtcu6_10 layout-component text-serif-m layout-normal text-serif-m layout-padded\">\u2013 Hva kan du si om omr\u00e5det rundt her?<\/p>\n<p class=\"_paragraph_o9xde_4 _paragraph_xtcu6_10 layout-component text-serif-m layout-normal text-serif-m layout-padded\">\u2013 Det er stille og rolig her, fredelig. Flott, egentlig, svarer Steen.<\/p>\n<ul class=\"_gallery_1qa3s_23\" tabindex=\"0\">\n<li class=\"_item_1qa3s_37\" data-index=\"0\"><img decoding=\"async\" class=\"_image_foru8_23 _articleGallery_foru8_39\" data-fullscreen- width=\"6000\" height=\"4000\" itemprop=\"image\" loading=\"lazy\"  src=\"https:\/\/www.europesays.com\/no\/wp-content\/uploads\/2025\/12\/973c902c-3563-4de0-a785-c117ec4fb435\"  style=\"object-position:50% 50%;aspect-ratio:var(--gallery-aspect-ratio, 16 \/ 9)\"\/>Politiet er p\u00e5 plass utenfor en adresse i Grue kommune. Foto: Tore Kristiansen \/ VG<\/li>\n<\/ul>\n<p>Politiet er p\u00e5 plass utenfor en adresse i Grue kommune. Foto: Tore Kristiansen \/ VG<\/p>\n<p>\u2013 Utsatt for vold<\/p>\n<p class=\"_paragraph_o9xde_4 _paragraph_xtcu6_10 layout-component text-serif-m layout-normal text-serif-m layout-padded\">Det ble sl\u00e5tt alarm l\u00f8rdag 27. desember.<\/p>\n<p class=\"_paragraph_o9xde_4 _paragraph_xtcu6_10 layout-component text-serif-m layout-normal text-serif-m layout-padded\">\u2013 Politiet rykket ut etter en bekymringsmelding i 17-tiden i g\u00e5r om at det ikke var oppn\u00e5dd kontakt med kvinnen. Politiet dro til hennes bopel og fant henne d\u00f8d. Omstendighetene p\u00e5 stedet kan tyde p\u00e5 at hun er utsatt for vold, opplyser Nysveen.<\/p>\n<p class=\"_paragraph_o9xde_4 _paragraph_xtcu6_10 layout-component text-serif-m layout-normal text-serif-m layout-padded\">D\u00f8ds\u00e5rsaken er ikke kjent. Avd\u00f8de vil bli obdusert.<\/p>\n<p>Aktiver kart<br \/>\nRelasjon mellom siktede og avd\u00f8de<\/p>\n<p class=\"_paragraph_o9xde_4 _paragraph_xtcu6_10 layout-component text-serif-m layout-normal text-serif-m layout-padded\">Det er en relasjon mellom den siktede og den avd\u00f8de kvinnen, if\u00f8lge politiet. <\/p>\n<p class=\"_paragraph_o9xde_4 _paragraph_xtcu6_10 layout-component text-serif-m layout-normal text-serif-m layout-padded\">\u2013 Jeg kan ikke si noe n\u00e6rmere om relasjonen enn at det har v\u00e6rt en p\u00e5g\u00e5ende relasjon mellom avd\u00f8de og siktede.<\/p>\n<p class=\"_paragraph_o9xde_4 _paragraph_xtcu6_10 layout-component text-serif-m layout-normal text-serif-m layout-padded\">\u2013 Var det vitner til stede?<\/p>\n<p class=\"_paragraph_o9xde_4 _paragraph_xtcu6_10 layout-component text-serif-m layout-normal text-serif-m layout-padded\">\u2013 Politiet er i innledende fase og jobber med \u00e5 f\u00e5 kartlagt hendelsesforl\u00f8pet og eventuelle vitner som kan ha v\u00e6rt til stede.<\/p>\n<p><img alt=\"Flere politifok er p\u00e5 plass p\u00e5 stedet. De har blant annet gjennomf\u00f8rt avh\u00f8r av vitner.  Foto: Tore Kristiansen\" class=\"_image_qp4xg_65 layout-component layout-normal\" data-fullscreen- data-track-element-type=\"Article image fullscreen\" data-track-name=\"ImageFullscreen\" decoding=\"async\" loading=\"lazy\" height=\"3733\" itemprop=\"image\"  src=\"https:\/\/www.europesays.com\/no\/wp-content\/uploads\/2025\/12\/3d6faa3e-67a8-469c-ae30-5dd14ba919e7\"  style=\"object-position:0% 0%\" width=\"4978\"\/>Flere politifok er p\u00e5 plass p\u00e5 stedet. De har blant annet gjennomf\u00f8rt avh\u00f8r av vitner.  Foto: Tore Kristiansen<\/p>\n<p class=\"_paragraph_o9xde_4 _paragraph_xtcu6_10 layout-component text-serif-m layout-normal text-serif-m layout-padded\"><strong class=\"_strong_o9xde_25\">B\u00e5de avd\u00f8de og siktede er kjent for politiet fra tidligere, bekrefter politiadvokaten.<\/strong><\/p>\n<p class=\"_paragraph_o9xde_4 _paragraph_xtcu6_10 layout-component text-serif-m layout-normal text-serif-m layout-padded\">Innlandet politidistrikt skriver s\u00f8ndag f\u00f8lgende i en pressemelding:<\/p>\n<p class=\"_paragraph_o9xde_4 _paragraph_xtcu6_10 layout-component text-serif-m layout-normal text-serif-m layout-padded\">\u2013 Politiet etterforsker saken ut ifra flere ulike hypoteser, en av hypotesene er at dette er et drap. Kvinnen vil bli obdusert. Politiet gj\u00f8r n\u00e5 kriminaltekniske unders\u00f8kelser og har bistand fra Kripos. Det gjennomf\u00f8res blant annet flere avh\u00f8r av mulige vitner.<\/p>\n<p>    <img decoding=\"async\" alt=\"Tips oss illustrasjon\" src=\"https:\/\/www.europesays.com\/no\/wp-content\/uploads\/2025\/10\/pssst-small.webp.webp\"\/>    <\/p>\n<p class=\"title-serif-s\">Har du tips?<\/p>\n<p class=\"text-sans-m\">Send oss informasjon, bilder eller video.<\/p>\n<p>  <a href=\"https:\/\/www.vg.no\/tips-oss\" rel=\"nofollow noopener\" target=\"_blank\"> Tips oss <\/a>      <\/p>\n","protected":false},"excerpt":{"rendered":"En kvinne i 40-\u00e5rene ble s\u00f8ndag funnet d\u00f8d p\u00e5 en adresse i Grue kommune natt til s\u00f8ndag. Siktede&hellip;\n","protected":false},"author":2,"featured_media":123412,"comment_status":"","ping_status":"","sticky":false,"template":"","format":"standard","meta":{"footnotes":""},"categories":[10],"tags":[31,20,21,2320,24,25,8138,15,813,22,23,13,30,28,29,14,16,26,27],"class_list":{"0":"post-123411","1":"post","2":"type-post","3":"status-publish","4":"format-standard","5":"has-post-thumbnail","7":"category-norge","8":"tag-breaking","9":"tag-breaking-news","10":"tag-breakingnews","11":"tag-drap-i-norge","12":"tag-featured-news","13":"tag-featurednews","14":"tag-grue","15":"tag-headlines","16":"tag-innlandet","17":"tag-latest-news","18":"tag-latestnews","19":"tag-news","20":"tag-no","21":"tag-norge","22":"tag-norway","23":"tag-nyheter","24":"tag-overskrifter","25":"tag-top-stories","26":"tag-topstories"},"share_on_mastodon":{"url":"https:\/\/pubeurope.com\/@no\/115797264291723569","error":""},"_links":{"self":[{"href":"https:\/\/www.europesays.com\/no\/wp-json\/wp\/v2\/posts\/123411","targetHints":{"allow":["GET"]}}],"collection":[{"href":"https:\/\/www.europesays.com\/no\/wp-json\/wp\/v2\/posts"}],"about":[{"href":"https:\/\/www.europesays.com\/no\/wp-json\/wp\/v2\/types\/post"}],"author":[{"embeddable":true,"href":"https:\/\/www.europesays.com\/no\/wp-json\/wp\/v2\/users\/2"}],"replies":[{"embeddable":true,"href":"https:\/\/www.europesays.com\/no\/wp-json\/wp\/v2\/comments?post=123411"}],"version-history":[{"count":0,"href":"https:\/\/www.europesays.com\/no\/wp-json\/wp\/v2\/posts\/123411\/revisions"}],"wp:featuredmedia":[{"embeddable":true,"href":"https:\/\/www.europesays.com\/no\/wp-json\/wp\/v2\/media\/123412"}],"wp:attachment":[{"href":"https:\/\/www.europesays.com\/no\/wp-json\/wp\/v2\/media?parent=123411"}],"wp:term":[{"taxonomy":"category","embeddable":true,"href":"https:\/\/www.europesays.com\/no\/wp-json\/wp\/v2\/categories?post=123411"},{"taxonomy":"post_tag","embeddable":true,"href":"https:\/\/www.europesays.com\/no\/wp-json\/wp\/v2\/tags?post=123411"}],"curies":[{"name":"wp","href":"https:\/\/api.w.org\/{rel}","templated":true}]}}