{"id":123415,"date":"2025-12-28T12:47:10","date_gmt":"2025-12-28T12:47:10","guid":{"rendered":"https:\/\/www.europesays.com\/no\/123415\/"},"modified":"2025-12-28T12:47:10","modified_gmt":"2025-12-28T12:47:10","slug":"til-fotball-her-er-tils-julegave-til-fansen-dette-koster-jesper-nordlys","status":"publish","type":"post","link":"https:\/\/www.europesays.com\/no\/123415\/","title":{"rendered":"TIL, Fotball | Her er TILs julegave til fansen \u2013 dette koster Jesper &#8211; Nordlys"},"content":{"rendered":"<ol>\n<li><a href=\"https:\/\/news.google.com\/rss\/articles\/CBMijwFBVV95cUxPcTNSSEdZY1FtNTZNb0dyX0FiaVRLei00Y05EVXVqN0otcGhONjQweDRiTVhTMzdkbWV1MXJVaktxQWVEa2ZFTWZLcWNGYVZja085N3ltcXBKM2hfMFVNWW5TSTBaV1owVmh1UHJpdlNET0pqRjZmTTA0RllDVk9HQWtpNlhjaEs2bTNkWmdJTQ?oc=5\" target=\"_blank\" rel=\"nofollow noopener\">TIL, Fotball | Her er TILs julegave til fansen \u2013 dette koster Jesper<\/a>&nbsp;&nbsp;Nordlys<\/li>\n<li><a href=\"https:\/\/news.google.com\/rss\/articles\/CBMiqwFBVV95cUxQRmlyNndBTE95bWVqbVUwOHhjYUlmek42dk1PM0dHVzU0WVJsYU9zcjkwaU1oUV9lNXRsQW9ob0xjbmk3Y0kySmVFY3NhVGg1VW9NVU1EUmN4SmRFcEgxUlVPd2dRd0ZlOXA5dVpORUxkV3dBRkYwSHdnNFFlWV8tUi1KNTAyZ1JDcDh4eUJSWWw2bGtOejEtLUM2M0RrSlowNVdjd3JxTGZDYXc?oc=5\" target=\"_blank\" rel=\"nofollow noopener\">Eliteserien: Troms\u00f8 mot kj\u00f8p av KFUM-stopper \u2013 skal bruke over 30 millioner<\/a>&nbsp;&nbsp;VG<\/li>\n<li><a href=\"https:\/\/news.google.com\/rss\/articles\/CBMivgFBVV95cUxOcFFHZkY2UVJ2dWRBUHd4U2pfMkNxODRfOHZ2cHdrZGpubGRHd0FQMXhiV2VLY08ySGhmQlV5NkhDUTNIeUI1Y2lCTlB0akJFVzdocFRkdkVHWFg3VkJrd2ZBVi1oelRRY3lGMHdhWVJtc1lhdTVRWnlLcUhydnhuTXV5R1RHY21HVDlaTGpfSEtVT3YtdkFETERyeFpLREs1aHR5RU1KZjh5TkVTb1gwVkVrcnczWXoyR1NEZV93?oc=5\" target=\"_blank\" rel=\"nofollow noopener\">(+) Har takket ja til \u00e5 dra fra TIL &#8211; storkj\u00f8p kommer andre vei<\/a>&nbsp;&nbsp;itromso.no<\/li>\n<li><a href=\"https:\/\/news.google.com\/rss\/articles\/CBMimgFBVV95cUxQQXU4Rzl2RnMzV250SUxOeVFubWJUMUF2bUZxOVF0S0NyRkI2S0hiSGNmbVFIVG1wN0RqbkJFcExEa2xvdGRlQjFhUExKYjRNVEJ6T0NRMWx6UWx4WnR6ZkUwZjRUempkZE5FT0pGcGxmTTc5NzNEeC1tV2JPdTJrQnhqWmJvSTVLSDRjMUc4aUF2M1g5dHZwSnVB?oc=5\" target=\"_blank\" rel=\"nofollow noopener\">TV 2 erfarer: Troms\u00f8 blar opp 13 millioner for stoppertalent<\/a>&nbsp;&nbsp;TV2.no<\/li>\n<li><a href=\"https:\/\/news.google.com\/rss\/articles\/CBMinwFBVV95cUxPWUFuLXRHUUVkcDBRQlBaMkNieVpQNmVMSmxUZmV5clk4YlZiZ0dBU3Jnd244aEpmZmdBNFlURU12NDBHLXEtTVlTUnlJZUZtcGtCT3R1MGhnRlBJeWVCRzloc0x1Y2JFNXJ2YkpTMHZwLUlRblZhUklhbTctRTF2QzJfQ2lRZzNqeTJYc2h0b3RZY0EtcFBxekNBVUx0Ymc?oc=5\" target=\"_blank\" rel=\"nofollow noopener\">Mathias T\u00f8nnessen, Troms\u00f8 il | Troms\u00f8 blar opp 13 millioner for Eliteserien-profil<\/a>&nbsp;&nbsp;Nettavisen<\/li>\n<\/ol>\n","protected":false},"excerpt":{"rendered":"TIL, Fotball | Her er TILs julegave til fansen \u2013 dette koster Jesper&nbsp;&nbsp;Nordlys Eliteserien: Troms\u00f8 mot kj\u00f8p av&hellip;\n","protected":false},"author":2,"featured_media":123416,"comment_status":"","ping_status":"","sticky":false,"template":"","format":"standard","meta":{"footnotes":""},"categories":[59],"tags":[30,28,29,83,82],"class_list":{"0":"post-123415","1":"post","2":"type-post","3":"status-publish","4":"format-standard","5":"has-post-thumbnail","7":"category-sport","8":"tag-no","9":"tag-norge","10":"tag-norway","11":"tag-sport","12":"tag-sports"},"share_on_mastodon":{"url":"https:\/\/pubeurope.com\/@no\/115797271652325956","error":""},"_links":{"self":[{"href":"https:\/\/www.europesays.com\/no\/wp-json\/wp\/v2\/posts\/123415","targetHints":{"allow":["GET"]}}],"collection":[{"href":"https:\/\/www.europesays.com\/no\/wp-json\/wp\/v2\/posts"}],"about":[{"href":"https:\/\/www.europesays.com\/no\/wp-json\/wp\/v2\/types\/post"}],"author":[{"embeddable":true,"href":"https:\/\/www.europesays.com\/no\/wp-json\/wp\/v2\/users\/2"}],"replies":[{"embeddable":true,"href":"https:\/\/www.europesays.com\/no\/wp-json\/wp\/v2\/comments?post=123415"}],"version-history":[{"count":0,"href":"https:\/\/www.europesays.com\/no\/wp-json\/wp\/v2\/posts\/123415\/revisions"}],"wp:featuredmedia":[{"embeddable":true,"href":"https:\/\/www.europesays.com\/no\/wp-json\/wp\/v2\/media\/123416"}],"wp:attachment":[{"href":"https:\/\/www.europesays.com\/no\/wp-json\/wp\/v2\/media?parent=123415"}],"wp:term":[{"taxonomy":"category","embeddable":true,"href":"https:\/\/www.europesays.com\/no\/wp-json\/wp\/v2\/categories?post=123415"},{"taxonomy":"post_tag","embeddable":true,"href":"https:\/\/www.europesays.com\/no\/wp-json\/wp\/v2\/tags?post=123415"}],"curies":[{"name":"wp","href":"https:\/\/api.w.org\/{rel}","templated":true}]}}