{"id":123417,"date":"2025-12-28T12:52:10","date_gmt":"2025-12-28T12:52:10","guid":{"rendered":"https:\/\/www.europesays.com\/no\/123417\/"},"modified":"2025-12-28T12:52:10","modified_gmt":"2025-12-28T12:52:10","slug":"sogndal-politi-to-personar-evakuert-etter-brann","status":"publish","type":"post","link":"https:\/\/www.europesays.com\/no\/123417\/","title":{"rendered":"Sogndal, Politi | To personar evakuert etter brann\u00a0"},"content":{"rendered":"\n<p>Det var klokka 01.18 natt til s\u00f8ndag at det kom melding om brann i ein tomannsbustad p\u00e5 Kaupanger.<\/p>\n<p>Det vart d\u00e5 opplyst om r\u00f8ykutvikling i eit sikringsskap i kjellaren i ein tomannsbustad. If\u00f8lgje politiet skal det ha vore flammar, men d\u00e5 naudetatane kom til staden, var det berre r\u00f8yk.<\/p>\n<p>   <img decoding=\"async\" width=\"601\" height=\"798\" fetchpriority=\"low\"  loading=\"lazy\"  src=\"https:\/\/www.europesays.com\/no\/wp-content\/uploads\/2025\/12\/image_CCE406F7-56DF-4BB6-B0FC-6BC2743A9CF3_1766913170.jpeg\" alt=\"\" class=\"brick-c-cFOWSL\" style=\"--brick-image-ratio: 601 \/ 798;\"\/><\/p>\n<p>      Mange som var p\u00e5 veg heim fr\u00e5 romjulsfest i Skogly natt til s\u00f8ndag fekk med seg det som skjedde.<br \/>\n      Foto: Ida Ur Haugen\n    <\/p>\n<p>Brannen skal s\u00e5 ha blussa opp att, men like etter klokka 02.00 hadde brannmannskapa kontroll over flammane.<\/p>\n<p>To personar oppheldt seg i bustaden d\u00e5 det byrja \u00e5 brenne, desse vart evakuert og kunne ikkje opphalda seg i bustaden resten av natta p\u00e5 grunn av mykje r\u00f8yk.<\/p>\n<p>\u2013 Naboane som bur i den andre delen av bustaden kunne overnatta i bustaden, medan dei to som vart evakuerte vart k\u00f8yrde til legevakt etter \u00e5 ha pusta inn r\u00f8yk og overlatne til helsepersonell, opplyser operasjonsleiar i Vest politidistrikt, Tatjana Knappen.<\/p>\n<p>Politiet legg til at dei to i bustaden var ei kvinne i 50-\u00e5ra og ei kvinne i 20-\u00e5ra og at desse to etter kvart overnatta hj\u00e5 familie.<\/p>\n","protected":false},"excerpt":{"rendered":"Det var klokka 01.18 natt til s\u00f8ndag at det kom melding om brann i ein tomannsbustad p\u00e5 Kaupanger.&hellip;\n","protected":false},"author":2,"featured_media":123418,"comment_status":"","ping_status":"","sticky":false,"template":"","format":"standard","meta":{"footnotes":""},"categories":[10],"tags":[36,6626,20,21,10766,24,25,15,736,22,23,13,30,28,29,14,16,254,1029,1510,26,27],"class_list":{"0":"post-123417","1":"post","2":"type-post","3":"status-publish","4":"format-standard","5":"has-post-thumbnail","7":"category-norge","8":"tag-art","9":"tag-brann-og-redning","10":"tag-breaking-news","11":"tag-breakingnews","12":"tag-bustad-og-eigedom","13":"tag-featured-news","14":"tag-featurednews","15":"tag-headlines","16":"tag-helse","17":"tag-latest-news","18":"tag-latestnews","19":"tag-news","20":"tag-no","21":"tag-norge","22":"tag-norway","23":"tag-nyheter","24":"tag-overskrifter","25":"tag-politi","26":"tag-sogndal","27":"tag-story","28":"tag-top-stories","29":"tag-topstories"},"share_on_mastodon":{"url":"https:\/\/pubeurope.com\/@no\/115797291546459318","error":""},"_links":{"self":[{"href":"https:\/\/www.europesays.com\/no\/wp-json\/wp\/v2\/posts\/123417","targetHints":{"allow":["GET"]}}],"collection":[{"href":"https:\/\/www.europesays.com\/no\/wp-json\/wp\/v2\/posts"}],"about":[{"href":"https:\/\/www.europesays.com\/no\/wp-json\/wp\/v2\/types\/post"}],"author":[{"embeddable":true,"href":"https:\/\/www.europesays.com\/no\/wp-json\/wp\/v2\/users\/2"}],"replies":[{"embeddable":true,"href":"https:\/\/www.europesays.com\/no\/wp-json\/wp\/v2\/comments?post=123417"}],"version-history":[{"count":0,"href":"https:\/\/www.europesays.com\/no\/wp-json\/wp\/v2\/posts\/123417\/revisions"}],"wp:featuredmedia":[{"embeddable":true,"href":"https:\/\/www.europesays.com\/no\/wp-json\/wp\/v2\/media\/123418"}],"wp:attachment":[{"href":"https:\/\/www.europesays.com\/no\/wp-json\/wp\/v2\/media?parent=123417"}],"wp:term":[{"taxonomy":"category","embeddable":true,"href":"https:\/\/www.europesays.com\/no\/wp-json\/wp\/v2\/categories?post=123417"},{"taxonomy":"post_tag","embeddable":true,"href":"https:\/\/www.europesays.com\/no\/wp-json\/wp\/v2\/tags?post=123417"}],"curies":[{"name":"wp","href":"https:\/\/api.w.org\/{rel}","templated":true}]}}