{"id":123419,"date":"2025-12-28T12:54:10","date_gmt":"2025-12-28T12:54:10","guid":{"rendered":"https:\/\/www.europesays.com\/no\/123419\/"},"modified":"2025-12-28T12:54:10","modified_gmt":"2025-12-28T12:54:10","slug":"tour-de-ski-johannes-hosflot-klaebo","status":"publish","type":"post","link":"https:\/\/www.europesays.com\/no\/123419\/","title":{"rendered":"Tour de Ski, Johannes h\u00f8sflot Kl\u00e6bo"},"content":{"rendered":"\n<p>   <img decoding=\"async\" width=\"1500\" height=\"440\" fetchpriority=\"low\"  loading=\"lazy\"  src=\"https:\/\/www.europesays.com\/no\/wp-content\/uploads\/2025\/12\/1766926450_977_tour+de+ski+byline+simen+l%C3%B8nning+sjur+tveito.jpg\" alt=\"\" class=\"brick-c-cFOWSL\" style=\"--brick-image-ratio: 1500 \/ 440;\"\/><\/p>\n<p>TOBLACH\/OSLO (Nettavisen): Johannes H\u00f8sflot Kl\u00e6bo (29) satte en tidlig standard for hvor niv\u00e5et ligger da han sprintet inn til bestetid p\u00e5 s\u00f8ndagens sprintprolog i Tour de ski.<\/p>\n<p>Superstjernen var klart raskest av dem som startet tidlig av de hele 122 ut\u00f8verne p\u00e5 start.<\/p>\n<p>I et ellers veldig jevnt startfelt fullf\u00f8rte By\u00e5sen-ut\u00f8ver Kl\u00e6bo med tida 2.27,15. Med det var han nesten to sekunder raskere enn Gus Schumacher fra USA p\u00e5 andreplassen.<\/p>\n<p>Runar-l\u00f8peren Oskar Opstad Vike (21) fulgte opp med tredje beste tid. Han var 1,92 sekunder bak Kl\u00e6bo.<\/p>\n<p><b>Les ogs\u00e5:<\/b> <a href=\"https:\/\/www.nettavisen.no\/sport\/tour-de-ski-heidi-weng-slatt-ut-kristine-stavas-skistad-og-mathilde-myhrvold-leverte\/s\/5-95-2798929\" rel=\"Follow nofollow noopener\" target=\"_blank\">Weng knust \u2013 sl\u00e5tt ut<\/a><\/p>\n<p>Ogs\u00e5 stortalentet Lars Heggen (20) imponerte med sterke takter og en god plassering inne blant de seks beste.<\/p>\n<p>\u2013 En kanon\u00e5pning p\u00e5 Tour de ski. Lars Heggen har jeg som en kandidat til \u00e5 klatre helt opp p\u00e5 pallen i Tour de ski sammenlagt, i hvert fall topp fem, sier Viaplay-ekspert Niklas Dyrhaug om unggutten.<\/p>\n<p>Ansgar Evensen, Harald \u00d8stberg Amundsen og Erik Valnes var ogs\u00e5 trygt inne blant de norske l\u00f8perne som tok seg videre til kvartfinalene.<\/p>\n<p>Emil Iversen, Mattis Stenshagen og Andreas Fjorden Ree maktet ikke \u00e5 plassere seg inne blant de 30 som f\u00e5r g\u00e5 kvartfinalene seinere s\u00f8ndag.<\/p>\n<p><b>Les ogs\u00e5:<\/b> <a href=\"https:\/\/www.nettavisen.no\/norsk-debatt\/tour-de-ski-var-en-gang-langrennssportens-hoydepunkt\/o\/5-95-2798253\" rel=\"Follow nofollow noopener\" target=\"_blank\">Manndomspr\u00f8ven blir kalt \u00abpjuskete\u00bb<\/a><\/p>\n","protected":false},"excerpt":{"rendered":"TOBLACH\/OSLO (Nettavisen): Johannes H\u00f8sflot Kl\u00e6bo (29) satte en tidlig standard for hvor niv\u00e5et ligger da han sprintet inn&hellip;\n","protected":false},"author":2,"featured_media":123420,"comment_status":"","ping_status":"","sticky":false,"template":"","format":"standard","meta":{"footnotes":""},"categories":[59],"tags":[30,28,29,83,82],"class_list":{"0":"post-123419","1":"post","2":"type-post","3":"status-publish","4":"format-standard","5":"has-post-thumbnail","7":"category-sport","8":"tag-no","9":"tag-norge","10":"tag-norway","11":"tag-sport","12":"tag-sports"},"share_on_mastodon":{"url":"https:\/\/pubeurope.com\/@no\/115797299458652127","error":""},"_links":{"self":[{"href":"https:\/\/www.europesays.com\/no\/wp-json\/wp\/v2\/posts\/123419","targetHints":{"allow":["GET"]}}],"collection":[{"href":"https:\/\/www.europesays.com\/no\/wp-json\/wp\/v2\/posts"}],"about":[{"href":"https:\/\/www.europesays.com\/no\/wp-json\/wp\/v2\/types\/post"}],"author":[{"embeddable":true,"href":"https:\/\/www.europesays.com\/no\/wp-json\/wp\/v2\/users\/2"}],"replies":[{"embeddable":true,"href":"https:\/\/www.europesays.com\/no\/wp-json\/wp\/v2\/comments?post=123419"}],"version-history":[{"count":0,"href":"https:\/\/www.europesays.com\/no\/wp-json\/wp\/v2\/posts\/123419\/revisions"}],"wp:featuredmedia":[{"embeddable":true,"href":"https:\/\/www.europesays.com\/no\/wp-json\/wp\/v2\/media\/123420"}],"wp:attachment":[{"href":"https:\/\/www.europesays.com\/no\/wp-json\/wp\/v2\/media?parent=123419"}],"wp:term":[{"taxonomy":"category","embeddable":true,"href":"https:\/\/www.europesays.com\/no\/wp-json\/wp\/v2\/categories?post=123419"},{"taxonomy":"post_tag","embeddable":true,"href":"https:\/\/www.europesays.com\/no\/wp-json\/wp\/v2\/tags?post=123419"}],"curies":[{"name":"wp","href":"https:\/\/api.w.org\/{rel}","templated":true}]}}