{"id":123421,"date":"2025-12-28T12:59:15","date_gmt":"2025-12-28T12:59:15","guid":{"rendered":"https:\/\/www.europesays.com\/no\/123421\/"},"modified":"2025-12-28T12:59:15","modified_gmt":"2025-12-28T12:59:15","slug":"oslo-hund-politiet-leter-fortsatt-etter-den-stjalne-hunden-bamse-i-oslo","status":"publish","type":"post","link":"https:\/\/www.europesays.com\/no\/123421\/","title":{"rendered":"Oslo, Hund | Politiet leter fortsatt etter den stj\u00e5lne hunden Bamse i Oslo"},"content":{"rendered":"\n<p>\u2013 Forn\u00e6rmede ble frastj\u00e5let sin svarte og hvite hund utenfor Mega p\u00e5 Carl Berner ca. kl. 14 i dag. Det er en krysning av Border Collie og Flatcoat retriever. Hunden heter Bamse og er 15 \u00e5r, skrev politiets operasjonsleder Rune Hekkelstrand i\u00a0<a rel=\"noopener nofollow\" href=\"https:\/\/www.politiet.no\/politiloggen\/hendelse\/253cm3\/oslo-politidistrikt-dyr-oslo-carl-berner\" target=\"_blank\">politiloggen<\/a>\u00a0l\u00f8rdag klokken 18.24.<\/p>\n<p>I en oppdatering senere p\u00e5 kvelden fortalte politiet at b\u00e5de de og den 82 \u00e5r gamle hundeeieren hadde lett etter hunden uten \u00e5 finne den.<\/p>\n<p>\u2013 Opplysninger tilsier at en kvinne i 40-\u00e5rene som har tilknytning til omr\u00e5det Sinsen\/Carl Berner og omr\u00e5det Brugata\/Storgata tok hunden. Har du opplysninger i saken s\u00e5 ringer du politiet, s\u00e5 skal vi s\u00f8rge for at hund og eier blir gjenforent.<\/p>\n<p><b>Les ogs\u00e5: <a class=\"simple-relation related-teaser article--c-eRUmMG article--c-eRUmMG-fZoQSp-design-nettavisen article--c-eRUmMG-gwthdJ-cv\" href=\"https:\/\/www.nettavisen.no\/hundevalp-savnet-i-karasjok\/s\/5-95-2797387\" rel=\"nofollow noopener\" target=\"_blank\">Hundevalp savnet i Karasjok<\/a><\/b><\/p>\n<p>Det var et vitne som solgte blader utenfor butikken som ga politiet beskrivelsen av kvinnen som trolig tok med seg Bamse.<\/p>\n<p>S\u00f8ndag formiddag forteller operasjonsleder Vidar Pedersen til NTB at politiet fortsatt jobber med saken.<\/p>\n<p>\u2013 Vi har en patrulje som innhenter videomateriale og skal avh\u00f8re et vitne, men vi har ikke noen konkret informasjon om aktuelle gjerningspersoner, sier han.<\/p>\n<p>Bamse hadde p\u00e5 seg et sort l\u00e6rhalsb\u00e5nd med eiers telefonnummer.<\/p>\n<p><b>Les ogs\u00e5: <a class=\"simple-relation related-teaser article--c-eRUmMG article--c-eRUmMG-fZoQSp-design-nettavisen article--c-eRUmMG-gwthdJ-cv\" href=\"https:\/\/www.nettavisen.no\/rema-reitan-rikere-enn-donald-trump\/s\/5-95-2797675\" rel=\"nofollow noopener\" target=\"_blank\">Rema-Reitan rikere enn Donald Trump<\/a><\/b><\/p>\n","protected":false},"excerpt":{"rendered":"\u2013 Forn\u00e6rmede ble frastj\u00e5let sin svarte og hvite hund utenfor Mega p\u00e5 Carl Berner ca. kl. 14 i&hellip;\n","protected":false},"author":2,"featured_media":123422,"comment_status":"","ping_status":"","sticky":false,"template":"","format":"standard","meta":{"footnotes":""},"categories":[10],"tags":[20,21,24,25,15,22,23,13,30,28,29,14,16,26,27],"class_list":{"0":"post-123421","1":"post","2":"type-post","3":"status-publish","4":"format-standard","5":"has-post-thumbnail","7":"category-norge","8":"tag-breaking-news","9":"tag-breakingnews","10":"tag-featured-news","11":"tag-featurednews","12":"tag-headlines","13":"tag-latest-news","14":"tag-latestnews","15":"tag-news","16":"tag-no","17":"tag-norge","18":"tag-norway","19":"tag-nyheter","20":"tag-overskrifter","21":"tag-top-stories","22":"tag-topstories"},"share_on_mastodon":{"url":"https:\/\/pubeurope.com\/@no\/115797318897546050","error":""},"_links":{"self":[{"href":"https:\/\/www.europesays.com\/no\/wp-json\/wp\/v2\/posts\/123421","targetHints":{"allow":["GET"]}}],"collection":[{"href":"https:\/\/www.europesays.com\/no\/wp-json\/wp\/v2\/posts"}],"about":[{"href":"https:\/\/www.europesays.com\/no\/wp-json\/wp\/v2\/types\/post"}],"author":[{"embeddable":true,"href":"https:\/\/www.europesays.com\/no\/wp-json\/wp\/v2\/users\/2"}],"replies":[{"embeddable":true,"href":"https:\/\/www.europesays.com\/no\/wp-json\/wp\/v2\/comments?post=123421"}],"version-history":[{"count":0,"href":"https:\/\/www.europesays.com\/no\/wp-json\/wp\/v2\/posts\/123421\/revisions"}],"wp:featuredmedia":[{"embeddable":true,"href":"https:\/\/www.europesays.com\/no\/wp-json\/wp\/v2\/media\/123422"}],"wp:attachment":[{"href":"https:\/\/www.europesays.com\/no\/wp-json\/wp\/v2\/media?parent=123421"}],"wp:term":[{"taxonomy":"category","embeddable":true,"href":"https:\/\/www.europesays.com\/no\/wp-json\/wp\/v2\/categories?post=123421"},{"taxonomy":"post_tag","embeddable":true,"href":"https:\/\/www.europesays.com\/no\/wp-json\/wp\/v2\/tags?post=123421"}],"curies":[{"name":"wp","href":"https:\/\/api.w.org\/{rel}","templated":true}]}}