{"id":123423,"date":"2025-12-28T13:01:56","date_gmt":"2025-12-28T13:01:56","guid":{"rendered":"https:\/\/www.europesays.com\/no\/123423\/"},"modified":"2025-12-28T13:01:56","modified_gmt":"2025-12-28T13:01:56","slug":"sport-tour-de-ski-utskjelt-nyvinning-skaper-debatt-slik-blir-tour-de-ski","status":"publish","type":"post","link":"https:\/\/www.europesays.com\/no\/123423\/","title":{"rendered":"Sport, Tour de Ski | Utskjelt nyvinning skaper debatt \u2013 slik blir Tour de Ski"},"content":{"rendered":"\n<p>S\u00f8ndag innledes det som har blitt en fast langrennstradisjon i jule- og nytt\u00e5rsh\u00f8ytiden med sprint i fri teknikk i italienske Toblach. \u00c5pningen har v\u00e6rt lik over flere \u00e5r.<\/p>\n<p>Ganske raskt forsvinner imidlertid likhetene med de tidligere utgavene. \u00c5rets tour er den korteste noen gang i antall samlede kilometer i distanserennene.<\/p>\n<p>For b\u00e5de menn og kvinner skal det tilbakelegges i alt 45 kilometer pluss to sprinter. For ett \u00e5r siden var de samme tallene 80 kilometer pluss to sprinter.<\/p>\n<p>Allerede p\u00e5 dag tre av \u00e5rets tour, noen timer f\u00f8r det nye \u00e5ret ringes inn, kommer \u00f8velsen langt fra alle ser p\u00e5 som noen pent innpakket nytt\u00e5rsgave fra Det internasjonale skiforbundet (FIS).<\/p>\n<p>\u2013 F\u00f8rste og siste gang<\/p>\n<p>P\u00e5 den nye 5-kilometeren med fellesstart som er lagt inn i programmet i Toblach, skal det konkurreres i fire heat for menn og like mange for kvinner. 20\u201325 l\u00f8pere skal delta i hvert heat.<\/p>\n<p>Det betyr at det vil g\u00e5 relativt lang tid fra f\u00f8rste til siste heat kommer seg av g\u00e5rde. Flere norske langrennsstjerner peker p\u00e5 at det kan gi ulike og urettferdige forhold.<\/p>\n<p>\u2013 Det er ikke s\u00e5 mange gode argumenter for at dette er en \u00f8velse som blir spesielt rettferdig. Det er mange scenarioer som kan gj\u00f8re det til en veldig urettferdig konkurranse. Alt fra sn\u00f8 til heatoppsett, sa Erik Valnes til NTB f\u00f8r sesongstart.<\/p>\n<p>\u2013 Jeg har inntrykk av at det er ganske mange som har v\u00e6rt litt kritiske, s\u00e5 jeg h\u00e5per det blir f\u00f8rste og siste gang, la han til.<\/p>\n<p>Harald \u00d8stberg Amundsen var heller ikke overbegeistret.<\/p>\n<p>\u2013 Jeg hadde v\u00e6rt mer for en individuell prolog med fem kilometer. Jeg h\u00e5per at langrenn ikke bare blir kortere og kortere distanser etter hvert. De lange distansene er viktige, sa han.<\/p>\n<p>  <a href=\"https:\/\/www.t-a.no\/5-116-2275924\" class=\"related-teaser has-image default-opinion-teaser article--c-eRUmMG article--c-eRUmMG-jKCPdD-design-default\" rel=\"nofollow noopener\" target=\"_blank\"><\/p>\n<p>    <img decoding=\"async\" loading=\"lazy\"  src=\"https:\/\/www.europesays.com\/no\/wp-content\/uploads\/2025\/12\/1766926914_845_JAgran-ivers01.jpg\" alt=\"\" class=\"brick-c-cFOWSL\" style=\"\"\/><\/p>\n<p>\n            Les ogs\u00e5<\/p>\n<p>              Ikke sikkert det holder \u00e5 g\u00e5 fort\n        <\/p>\n<p>  <\/a><br \/>\n  Kl\u00e6bo regjerende mester<\/p>\n<p>Simen Hegstad Kr\u00fcger liker heller ikke nyvinningen.<\/p>\n<p>\u2013 F\u00f8rst og fremst fordi jeg tror det kan sl\u00e5 litt urettferdig ut. Det er mye tilfeldigheter med hvilket heat du havner i. Man kan f\u00e5 et heat hvor det strekker seg ut over ganske lang tid av dagen, og f\u00f8ret kan endre seg, peker han p\u00e5.<\/p>\n<p>Tour de Ski-konseptet besto i starten av konkurranser i et knippe land. Ogs\u00e5 i \u00e5r er konkurransene samlet p\u00e5 to steder \u2013 begge i Italia.<\/p>\n<p>Etter den innledende sprinten f\u00f8lger en 10 kilometer i klassisk stil med intervallstart, den omtalte 5-kilometeren og en 15 kilometer lang jaktstart i Toblach.<\/p>\n<p>Deretter forflytter sirkuset seg til Val di Fiemme, der det hele skal avgj\u00f8res med en ny sprint samt den tradisjonsrike avslutningen opp alpinbakken Alpe Cermis.<\/p>\n<p>Etter i alt seks renn skal vinnerne k\u00e5res s\u00f8ndag 4. januar. Regjerende mestre er Johannes H\u00f8sflot Kl\u00e6bo og Therese Johaug.<\/p>\n<p>Det er Viaplay som sender rennene fra Italia.<\/p>\n<p>  <a href=\"https:\/\/www.t-a.no\/5-116-2273969\" class=\"related-teaser has-image default-story-teaser article--c-eRUmMG article--c-eRUmMG-jKCPdD-design-default\" rel=\"nofollow noopener\" target=\"_blank\"><\/p>\n<p>    <img decoding=\"async\" loading=\"lazy\"  src=\"https:\/\/www.europesays.com\/no\/wp-content\/uploads\/2025\/12\/JAhede-arkg09.jpg\" alt=\"\" class=\"brick-c-cFOWSL\" style=\"\"\/><\/p>\n<p>\n            Les ogs\u00e5<\/p>\n<p>              Fikk OL-ja: \u2013 Det er litt surrealistisk\n        <\/p>\n<p>  <\/a><\/p>\n<p>  <a href=\"https:\/\/www.t-a.no\/5-116-2279831\" class=\"related-teaser has-image default-opinion-teaser article--c-eRUmMG article--c-eRUmMG-jKCPdD-design-default\" rel=\"nofollow noopener\" target=\"_blank\"><\/p>\n<p>    <img decoding=\"async\" loading=\"lazy\"  src=\"https:\/\/www.europesays.com\/no\/wp-content\/uploads\/2025\/12\/1766926916_197_JAulseth001__1_.jpg\" alt=\"\" class=\"brick-c-cFOWSL\" style=\"\"\/><\/p>\n<p>\n            Les ogs\u00e5<\/p>\n<p>              En idrettsledelse som later som om den ikke vet\n        <\/p>\n<p>  <\/a><\/p>\n","protected":false},"excerpt":{"rendered":"S\u00f8ndag innledes det som har blitt en fast langrennstradisjon i jule- og nytt\u00e5rsh\u00f8ytiden med sprint i fri teknikk&hellip;\n","protected":false},"author":2,"featured_media":123424,"comment_status":"","ping_status":"","sticky":false,"template":"","format":"standard","meta":{"footnotes":""},"categories":[59],"tags":[36,398,30,28,29,83,82,1510,12662],"class_list":{"0":"post-123423","1":"post","2":"type-post","3":"status-publish","4":"format-standard","5":"has-post-thumbnail","7":"category-sport","8":"tag-art","9":"tag-langrenn","10":"tag-no","11":"tag-norge","12":"tag-norway","13":"tag-sport","14":"tag-sports","15":"tag-story","16":"tag-tour-de-ski"},"share_on_mastodon":{"url":"https:\/\/pubeurope.com\/@no\/115797330961981930","error":""},"_links":{"self":[{"href":"https:\/\/www.europesays.com\/no\/wp-json\/wp\/v2\/posts\/123423","targetHints":{"allow":["GET"]}}],"collection":[{"href":"https:\/\/www.europesays.com\/no\/wp-json\/wp\/v2\/posts"}],"about":[{"href":"https:\/\/www.europesays.com\/no\/wp-json\/wp\/v2\/types\/post"}],"author":[{"embeddable":true,"href":"https:\/\/www.europesays.com\/no\/wp-json\/wp\/v2\/users\/2"}],"replies":[{"embeddable":true,"href":"https:\/\/www.europesays.com\/no\/wp-json\/wp\/v2\/comments?post=123423"}],"version-history":[{"count":0,"href":"https:\/\/www.europesays.com\/no\/wp-json\/wp\/v2\/posts\/123423\/revisions"}],"wp:featuredmedia":[{"embeddable":true,"href":"https:\/\/www.europesays.com\/no\/wp-json\/wp\/v2\/media\/123424"}],"wp:attachment":[{"href":"https:\/\/www.europesays.com\/no\/wp-json\/wp\/v2\/media?parent=123423"}],"wp:term":[{"taxonomy":"category","embeddable":true,"href":"https:\/\/www.europesays.com\/no\/wp-json\/wp\/v2\/categories?post=123423"},{"taxonomy":"post_tag","embeddable":true,"href":"https:\/\/www.europesays.com\/no\/wp-json\/wp\/v2\/tags?post=123423"}],"curies":[{"name":"wp","href":"https:\/\/api.w.org\/{rel}","templated":true}]}}