{"id":123425,"date":"2025-12-28T13:07:08","date_gmt":"2025-12-28T13:07:08","guid":{"rendered":"https:\/\/www.europesays.com\/no\/123425\/"},"modified":"2025-12-28T13:07:08","modified_gmt":"2025-12-28T13:07:08","slug":"blalys-norefjell-flere-biler-i-ulykke-ved-norefjell-politihelikoptre-leter-etter-to-personer","status":"publish","type":"post","link":"https:\/\/www.europesays.com\/no\/123425\/","title":{"rendered":"Bl\u00e5lys, Norefjell | Flere biler i ulykke ved Norefjell \u2013 politihelikoptre leter etter to personer"},"content":{"rendered":"\n<p>Flere biler var s\u00f8ndag involvert i en ulykke p\u00e5 Norefjellveien i Buskerud. To personer skal ha l\u00f8pt fra stedet og politiet bruker helikopter i letingen. <\/p>\n<p><b>Et vitne melder til Ringerikes Blad at flere personer m\u00e5tte kaste seg til side fordi f\u00f8reren bare kj\u00f8rte fort rett fram og tutet.<\/b><\/p>\n<p>Hun bor rett ved, v\u00e5knet av et kjempesmell og s\u00e5 bilen spinne rundt og kj\u00f8re bort.<\/p>\n<p>Det var like etter klokka 9.30 s\u00f8ndag politiet fikk melding om trafikkulykken p\u00e5 Norefjellveien i Kr\u00f8dsherad kommune, skriver <a href=\"https:\/\/www.dt.no\/hold-deg-oppdatert-i-vart-nyhetsstudio\/s\/5-57-2151443\" rel=\"nofollow noopener\" target=\"_blank\">Drammens Tidende<\/a>.<\/p>\n<p>Flere biler var involvert, men ingen skulle v\u00e6re fysisk skadet.<\/p>\n<p> \u2013 Vitner observerte to personer l\u00f8pe fra et av de involverte kj\u00f8ret\u00f8yene og ut i terrenget, skriver operasjonsleder Marius Fosvold i <a href=\"https:\/\/www.politiet.no\/politiloggen\/hendelse\/25q2v4\/sor-ost-politidistrikt-andre-hendelser-krodsherad-norefjellveien\" rel=\"nofollow noopener\" target=\"_blank\">politiloggen<\/a>.<\/p>\n<p>Politiet var p\u00e5 stedet med flere patruljer, hundepatrulje og to politihelikoptre.<\/p>\n<p><b>En bil skulle ha kj\u00f8rt inn i tre andre biler p\u00e5 en parkeringsplass ved en lokal dagligvareforretning.<\/b><\/p>\n<p>(\u00a9NTB)<\/p>\n","protected":false},"excerpt":{"rendered":"Flere biler var s\u00f8ndag involvert i en ulykke p\u00e5 Norefjellveien i Buskerud. To personer skal ha l\u00f8pt fra&hellip;\n","protected":false},"author":2,"featured_media":6127,"comment_status":"","ping_status":"","sticky":false,"template":"","format":"standard","meta":{"footnotes":""},"categories":[10],"tags":[36,2840,20,21,24,25,15,22,23,13,30,5174,28,29,14,16,1510,26,27,224],"class_list":{"0":"post-123425","1":"post","2":"type-post","3":"status-publish","4":"format-standard","5":"has-post-thumbnail","7":"category-norge","8":"tag-art","9":"tag-blalys","10":"tag-breaking-news","11":"tag-breakingnews","12":"tag-featured-news","13":"tag-featurednews","14":"tag-headlines","15":"tag-latest-news","16":"tag-latestnews","17":"tag-news","18":"tag-no","19":"tag-norefjell","20":"tag-norge","21":"tag-norway","22":"tag-nyheter","23":"tag-overskrifter","24":"tag-story","25":"tag-top-stories","26":"tag-topstories","27":"tag-trafikk"},"share_on_mastodon":{"url":"https:\/\/pubeurope.com\/@no\/115797350501781520","error":""},"_links":{"self":[{"href":"https:\/\/www.europesays.com\/no\/wp-json\/wp\/v2\/posts\/123425","targetHints":{"allow":["GET"]}}],"collection":[{"href":"https:\/\/www.europesays.com\/no\/wp-json\/wp\/v2\/posts"}],"about":[{"href":"https:\/\/www.europesays.com\/no\/wp-json\/wp\/v2\/types\/post"}],"author":[{"embeddable":true,"href":"https:\/\/www.europesays.com\/no\/wp-json\/wp\/v2\/users\/2"}],"replies":[{"embeddable":true,"href":"https:\/\/www.europesays.com\/no\/wp-json\/wp\/v2\/comments?post=123425"}],"version-history":[{"count":0,"href":"https:\/\/www.europesays.com\/no\/wp-json\/wp\/v2\/posts\/123425\/revisions"}],"wp:featuredmedia":[{"embeddable":true,"href":"https:\/\/www.europesays.com\/no\/wp-json\/wp\/v2\/media\/6127"}],"wp:attachment":[{"href":"https:\/\/www.europesays.com\/no\/wp-json\/wp\/v2\/media?parent=123425"}],"wp:term":[{"taxonomy":"category","embeddable":true,"href":"https:\/\/www.europesays.com\/no\/wp-json\/wp\/v2\/categories?post=123425"},{"taxonomy":"post_tag","embeddable":true,"href":"https:\/\/www.europesays.com\/no\/wp-json\/wp\/v2\/tags?post=123425"}],"curies":[{"name":"wp","href":"https:\/\/api.w.org\/{rel}","templated":true}]}}