{"id":123426,"date":"2025-12-28T13:08:24","date_gmt":"2025-12-28T13:08:24","guid":{"rendered":"https:\/\/www.europesays.com\/no\/123426\/"},"modified":"2025-12-28T13:08:24","modified_gmt":"2025-12-28T13:08:24","slug":"hammerseng-edin-om-reisen-helt-sykt","status":"publish","type":"post","link":"https:\/\/www.europesays.com\/no\/123426\/","title":{"rendered":"Hammerseng-Edin om reisen: &#8211; Helt sykt"},"content":{"rendered":"<p class=\"bold m-bold\" data-lab-font_weight=\"bold\">\u2013 Det var arbeidsplassen v\u00e5r. Det var det vi elsket \u00e5 holde p\u00e5 med. Det var naturlig \u00e5 kjempe med alle mulige bidrag for \u00e5 sikre videre eksistens, mimrer hun.<\/p>\n<p>Hun var p\u00e5 et tidspunkt verdens beste h\u00e5ndballspiller.<\/p>\n<p>N\u00e5 st\u00e5r hun plassert i hallen der m\u00e5lvaktene plukket ut ballene Gro Hammerseng-Edin kastet inn i nettmaskene.\u00a0<\/p>\n<p>        <img class=\"image__img lazyload\" itemprop=\"image\" title=\"Foto: Trond Reidar Teigen \/ NTB\" alt=\"VERDENS BESTE: I 2008 ble Gro Hammerseng-Edin k\u00e5ret til verdens beste h\u00e5ndballspiller. Foto: Trond Reidar Teigen \/ NTB\" width=\"978\" height=\"656\" bad-src=\"https:\/\/www.europesays.com\/no\/wp-content\/uploads\/2025\/12\/18411042.webp\" fetchpriority=\"auto\" \/><\/p>\n<p>      VERDENS BESTE: I 2008 ble Gro Hammerseng-Edin k\u00e5ret til verdens beste h\u00e5ndballspiller.<br \/>\n         Foto: Trond Reidar Teigen \/ NTB<\/p>\n<p>Det er noen \u00e5r siden klubben i hennes hjerte sto p\u00e5 randen av konkurs. De \u00f8konomiske problemene startet i 2013 og vartet til 2019.\u00a0Da klubben ikke lenger klarte \u00e5 innfri de \u00f8konomiske kravene og ble degradert til 1. divisjon.<\/p>\n<p>Gro Hammerseng-Edin spilte i klubben fra 2010 til 2017, og husker problemene godt.\u00a0<\/p>\n<p>Etter hvert ble kampene for Larvik-spillerne like viktige p\u00e5 utsiden som p\u00e5 innsiden av parketten, og Gj\u00f8vik-jenta brukte mye av tiden p\u00e5 selv \u00e5 fors\u00f8ke \u00e5 redde klubben.<\/p>\n<p class=\"bold m-bold\" data-lab-font_weight=\"bold\">\u2013 Det var ute av v\u00e5r kontroll da vi havnet i den situasjonen, men det f\u00f8ltes riktig \u00e5 pr\u00f8ve \u00e5 gj\u00f8re noe, sier hun og legger til:<\/p>\n<p class=\"bold m-bold\" data-lab-font_weight=\"bold\">\u2013 Jeg elsket jo ikke \u00e5 g\u00e5 og tigge etter penger fra sponsorer.<\/p>\n<p>Klubben som aldri tapte<\/p>\n<p>Larvik var klubben som vant alt som var \u00e5 vinne p\u00e5 2000-tallet.<\/p>\n<p>Fra 1999-sesongen til seriemesterskapet i 2017 tok klubben totalt 45 gull p\u00e5 hjemmebane, regnet med Eliteserien, NM og sluttspill.<\/p>\n<p>Den st\u00f8rste bragden kom i 2011, da de som det f\u00f8rste norske laget noensinne vant Champions League.<\/p>\n<p>        <img class=\"image__img lazyload\" itemprop=\"image\" title=\"Foto: Kyrre Lien \/ NTB\" alt=\"MESTERLIGAVINNERNE I 2011: Tonje Larsen, Amanda Kurtovi\u0107, Sara Breist\u00f8l, Heidi L\u00f8ke, Tine Rustad Kristiansen, Kari Mette Johansen, Karoline Dyhre Breivang, Nora M\u00f8rk, Gro Hammerseng, Linn-Kristin Riegelhuth, Linn J\u00f8rum Sulland, Lene Rantala, Tine Stange, Olga Medvedeva, Thea M\u00f8rk og Cecilie Leganger. Foto: Kyrre Lien \/ NTB\" width=\"978\" height=\"656\" bad-src=\"https:\/\/www.europesays.com\/no\/wp-content\/uploads\/2025\/12\/18409471.webp\" fetchpriority=\"auto\" \/><\/p>\n<p>      MESTERLIGAVINNERNE I 2011: Tonje Larsen, Amanda Kurtovi\u0107, Sara Breist\u00f8l, Heidi L\u00f8ke, Tine Rustad Kristiansen, Kari Mette Johansen, Karoline Dyhre Breivang, Nora M\u00f8rk, Gro Hammerseng, Linn-Kristin Riegelhuth, Linn J\u00f8rum Sulland, Lene Rantala, Tine Stange, Olga Medvedeva, Thea M\u00f8rk og Cecilie Leganger.<br \/>\n         Foto: Kyrre Lien \/ NTB<\/p>\n<p>\u2013 P\u00e5 den tiden var det litt s\u00e5nn at vi tok for gitt at vi skulle ta gullet med hjem, minnes Larvik-spiller Amanda Kurtovic, n\u00e5 inne i sin tredje periode i klubben.<\/p>\n<p>Sakte, men sikkert har de jobbet seg tilbake til toppen, n\u00e5 med en mer fornuftig og b\u00e6rekraftig tiln\u00e6rming til \u00f8konomien.<\/p>\n<p class=\"bold m-bold\" data-lab-font_weight=\"bold\">\u2013 Det er en helt sykt sterk prestasjon at klubben har klart \u00e5 gjenreise seg etter store utfordringer og problemer, sier den olympiske mesteren.<\/p>\n<p>      <img class=\"image__img lazyload\" itemprop=\"image\" title=\"Foto: Audun Braastad \/ NTB\" alt=\"VAR MED DA KLUBBEN SIST VANT NM: B\u00e5de Gro Hammerseng-Edin og Amanda Kurtovic var en del av laget som vant NM i 2016. Sistnevnte skal n\u00e5 spille NM-finale igjen. Foto: Audun Braastad \/ NTB\" width=\"978\" height=\"656\" bad-src=\"https:\/\/www.europesays.com\/no\/wp-content\/uploads\/2025\/12\/18410541.webp\" fetchpriority=\"auto\" \/><\/p>\n<p>      VAR MED DA KLUBBEN SIST VANT NM: B\u00e5de Gro Hammerseng-Edin og Amanda Kurtovic var en del av laget som vant NM i 2016. Sistnevnte skal n\u00e5 spille NM-finale igjen.<br \/>\n         Foto: Audun Braastad \/ NTB<\/p>\n<p>      <img class=\"image__img lazyload\" itemprop=\"image\" title=\"Foto: Audun Braastad \/ NTB\" alt=\"Oslo  20161229.&#10;NM h\u00e5ndball, cupfinale kvinner 2016: Larvik HK - Tertnes Elite. Larviks Amanda Kurtovic under cupfinalen i h\u00e5ndball for kvinner i Oslo Spektrum.&#10;Foto: Audun Braastad \/ NTB\" width=\"978\" height=\"656\" bad-src=\"https:\/\/www.europesays.com\/no\/wp-content\/uploads\/2025\/12\/18410542.webp\" fetchpriority=\"auto\" \/><\/p>\n<p>      Oslo  20161229.<br \/>\nNM h\u00e5ndball, cupfinale kvinner 2016: Larvik HK &#8211; Tertnes Elite. Larviks Amanda Kurtovic under cupfinalen i h\u00e5ndball for kvinner i Oslo Spektrum.<br \/>\nFoto: Audun Braastad \/ NTB<br \/>\n         Foto: Audun Braastad \/ NTB<\/p>\n<p data-lab-font_weight=\"\">I fjor endte Larvik p\u00e5 3. plass i Eliteserien, n\u00e5 topper de tabellen og er klare for sin f\u00f8rste NM-finale p\u00e5 ni \u00e5r. Kampen ser du p\u00e5 TV 2 Play:\u00a0<\/p>\n<p>    <a href=\"https:\/\/play.tv2.no\/sport\/haandball\/haandball-nm-kvinner-0m3zhq4d\/larvik-storhamar-y3s8nwje?utm_source=tv2.no&amp;utm_medium=promo&amp;utm_campaign=H%C3%A5ndball-NM%2C+kvinner&amp;utm_term=Larvik+-+Storhamar&amp;utm_content=www.tv2.no\/sport\/hammerseng-edin-om-reisen-helt-sykt\/18409303\/\" rel=\"nofollow noopener\" target=\"_blank\"><\/p>\n<p>    <img class=\"image__img lazyload\" itemprop=\"image\" title=\"\" alt=\"\" width=\"978\" height=\"551\" bad-src=\"https:\/\/www.europesays.com\/no\/wp-content\/uploads\/2025\/12\/18410480.webp\" fetchpriority=\"auto\" \/><\/p>\n<p>            NM-finale 28. desember:<br \/>Larvik \u2013 Storhamar<\/p>\n<p>\n                TV 2 Play\n            <\/p>\n<p>    <\/a><\/p>\n<p>\u2013 Vi tjente godt\u00a0<\/p>\n<p>I 2022 ville Amanda Kurtovic hjem til Norge etter flere \u00e5r som utenlandsproff, da var det kun en klubb som var aktuell \u2013 Larvik.\u00a0<\/p>\n<p>Kurtovic var i klubben fra 2011 til 2012 og fra 2015 til 2017, hun f\u00f8lte seg med andre ord hjemme i byen ved Farriselva.\u00a0<\/p>\n<p>\u2013 Det har v\u00e6rt den st\u00f8rste klubben i Norge i mange \u00e5r. Det \u00e5 kunne v\u00e6re med \u00e5 bygge opp en klubb som for noen \u00e5r siden ikke visste om den ville overleve er spesielt. Det at vi n\u00e5 skal spille en finale igjen er veldig spesielt.<\/p>\n<p>\u2013 Jeg har egentlig v\u00e6rt med p\u00e5 hele reisen, s\u00e5 det er helt fantastisk \u00e5 st\u00e5 her f\u00f8r en finale. Det er emosjonelt og spesielt p\u00e5 mange m\u00e5ter, sier hun forn\u00f8yd.<\/p>\n<p>        <img class=\"image__img lazyload\" itemprop=\"image\" title=\"Foto: Michael Erichsen \/ BILDBYR\u00c5N\" alt=\"TILBAKE I 2016: Amanda Kurtovic. Foto: Michael Erichsen \/ BILDBYR\u00c5N\" width=\"675\" height=\"453\" bad-src=\"https:\/\/www.europesays.com\/no\/wp-content\/uploads\/2025\/12\/18411053.webp\" fetchpriority=\"auto\" \/><\/p>\n<p>      TILBAKE I 2016: Amanda Kurtovic.<br \/>\n         Foto: Michael Erichsen \/ BILDBYR\u00c5N<\/p>\n<p>Hun forteller om en helt annen tilv\u00e6relse n\u00e5, enn da hun sist var i klubben.\u00a0<\/p>\n<p class=\"bold m-bold\" data-lab-font_weight=\"bold\">\u2013 P\u00e5 den tiden levde vi av h\u00e5ndballen og tjente godt. N\u00e5 studerer eller jobber alle ved siden av. F\u00f8r hadde vi tid til \u00e5 v\u00e6re 100 prosent idrettsut\u00f8vere, sier 34-\u00e5ringen.\u00a0<\/p>\n<p>Fullroser treneren\u00a0<\/p>\n<p>\u2013 Det har ikke kommet lett. Vi har jobbet over mange \u00e5r n\u00e5.\u00a0<\/p>\n<p>F\u00f8r NM-finalen forteller Kurtovic om noen av grunnene til at de n\u00e5 er tilbake p\u00e5 riktig spor. Hun nevner blant annet klubbens trener, svenske Henrik Signell.\u00a0<\/p>\n<p>\u2013 Han er en veldig dyktig trener. Han er detaljorientert, og godt til \u00e5 forberede oss til kamper. Han er ogs\u00e5 et fantastisk menneske. Han er grunnen til at vi har gjort det s\u00e5 bra denne sesongen, svarer hun.\u00a0<\/p>\n<p>        <img class=\"image__img lazyload\" itemprop=\"image\" title=\"Foto: Erik Flaaris Johansen \/ NTB\" alt=\"LARVIK-TRENER: Henrik Signell. Foto: Erik Flaaris Johansen \/ NTB\" width=\"978\" height=\"656\" bad-src=\"https:\/\/www.europesays.com\/no\/wp-content\/uploads\/2025\/12\/18035893.webp\" fetchpriority=\"auto\" \/><\/p>\n<p>      LARVIK-TRENER: Henrik Signell.<br \/>\n         Foto: Erik Flaaris Johansen \/ NTB<\/p>\n<p>N\u00e5 venter alts\u00e5 Storhamar i finalen for Larvik-jentene. Laget som vant b\u00e5de cup, serie og sluttspill i fjor.\u00a0<\/p>\n<p>        <img class=\"image__img lazyload\" itemprop=\"image\" title=\"Foto: Stian Lysberg Solum \/ NTB\" alt=\"Fornebu 20241229. &#10;Storhamar jubler etter seier i NM h\u00e5ndball senior kvinner mellom Storhamar Elite og Tertnes Elite i Unity Arena.&#10;Foto: Stian Lysberg Solum \/ NTB\" width=\"978\" height=\"656\" bad-src=\"https:\/\/www.europesays.com\/no\/wp-content\/uploads\/2025\/12\/17748333.webp\" fetchpriority=\"auto\" \/><\/p>\n<p>      Fornebu 20241229.<br \/>\nStorhamar jubler etter seier i NM h\u00e5ndball senior kvinner mellom Storhamar Elite og Tertnes Elite i Unity Arena.<br \/>\nFoto: Stian Lysberg Solum \/ NTB<br \/>\n         Foto: Stian Lysberg Solum \/ NTB<\/p>\n<p>\u2013\u00a0Jeg h\u00e5per spillerne som skal spille den finalen, klarer \u00e5 ha fokuset p\u00e5 at n\u00e5 er de der, og det er de som har fortjent \u00e5 spille den finalen.\u00a0<\/p>\n<p>\u2013 Noen ganger kan den v\u00e6re litt tyngende. Jeg h\u00e5per at de bare blokker ut klubbens historie og heller tenker p\u00e5 stolte, gode f\u00f8lelser over \u00e5 ha spilt seg til den finalen, og det er det de som har gjort. De har ikke noe de skal forsvare. De har alt \u00e5 vinne. H\u00e5per de klarer \u00e5 kose seg med det, sier Hammerseng\u2013Edin.<\/p>\n<p>Og Amanda Kurtovic er sikker p\u00e5 at gjengen er klar for det som m\u00f8ter de i Unity Arena:\u00a0<\/p>\n<p>\u2013 Det er en ting som gjelder, vi skal g\u00e5 for gullet.\u00a0<\/p>\n<p>x<\/p>\n","protected":false},"excerpt":{"rendered":"\u2013 Det var arbeidsplassen v\u00e5r. Det var det vi elsket \u00e5 holde p\u00e5 med. Det var naturlig \u00e5&hellip;\n","protected":false},"author":2,"featured_media":123427,"comment_status":"","ping_status":"","sticky":false,"template":"","format":"standard","meta":{"footnotes":""},"categories":[5],"tags":[20,21,24,25,15,19,22,23,17,18,13,30,28,29,14,16,26,27],"class_list":{"0":"post-123426","1":"post","2":"type-post","3":"status-publish","4":"format-standard","5":"has-post-thumbnail","7":"category-overskrifter","8":"tag-breaking-news","9":"tag-breakingnews","10":"tag-featured-news","11":"tag-featurednews","12":"tag-headlines","13":"tag-hovedoppslag","14":"tag-latest-news","15":"tag-latestnews","16":"tag-main-news","17":"tag-mainnews","18":"tag-news","19":"tag-no","20":"tag-norge","21":"tag-norway","22":"tag-nyheter","23":"tag-overskrifter","24":"tag-top-stories","25":"tag-topstories"},"share_on_mastodon":{"url":"https:\/\/pubeurope.com\/@no\/115797354419723318","error":""},"_links":{"self":[{"href":"https:\/\/www.europesays.com\/no\/wp-json\/wp\/v2\/posts\/123426","targetHints":{"allow":["GET"]}}],"collection":[{"href":"https:\/\/www.europesays.com\/no\/wp-json\/wp\/v2\/posts"}],"about":[{"href":"https:\/\/www.europesays.com\/no\/wp-json\/wp\/v2\/types\/post"}],"author":[{"embeddable":true,"href":"https:\/\/www.europesays.com\/no\/wp-json\/wp\/v2\/users\/2"}],"replies":[{"embeddable":true,"href":"https:\/\/www.europesays.com\/no\/wp-json\/wp\/v2\/comments?post=123426"}],"version-history":[{"count":0,"href":"https:\/\/www.europesays.com\/no\/wp-json\/wp\/v2\/posts\/123426\/revisions"}],"wp:featuredmedia":[{"embeddable":true,"href":"https:\/\/www.europesays.com\/no\/wp-json\/wp\/v2\/media\/123427"}],"wp:attachment":[{"href":"https:\/\/www.europesays.com\/no\/wp-json\/wp\/v2\/media?parent=123426"}],"wp:term":[{"taxonomy":"category","embeddable":true,"href":"https:\/\/www.europesays.com\/no\/wp-json\/wp\/v2\/categories?post=123426"},{"taxonomy":"post_tag","embeddable":true,"href":"https:\/\/www.europesays.com\/no\/wp-json\/wp\/v2\/tags?post=123426"}],"curies":[{"name":"wp","href":"https:\/\/api.w.org\/{rel}","templated":true}]}}