{"id":123438,"date":"2025-12-29T07:39:07","date_gmt":"2025-12-29T07:39:07","guid":{"rendered":"https:\/\/www.europesays.com\/no\/123438\/"},"modified":"2025-12-29T07:39:07","modified_gmt":"2025-12-29T07:39:07","slug":"hurtigbat-ma-snu-avganger-innstilt","status":"publish","type":"post","link":"https:\/\/www.europesays.com\/no\/123438\/","title":{"rendered":"Hurtigb\u00e5t m\u00e5 snu \u2013 avganger innstilt"},"content":{"rendered":"<p>Hurtigb\u00e5ten mellom Harstad og Troms\u00f8 ble innstilt mandag morgen.<\/p>\n<p>Innstillingen skyldes at d\u00e5rlig v\u00e6r hindret mannskapets transport p\u00e5 land. Dermed kom de seg ikke til fart\u00f8yet i tide til avgang klokken 07.00 fra Harstad.<\/p>\n<p><strong>Hurtigb\u00e5ten fra Troms\u00f8 til Harstad m\u00e5 snu p\u00e5 Finnsnes grunnet d\u00e5rlig v\u00e6r. Avgang blir da fra Finnsnes klokka 08.45 tilbake til Troms\u00f8.<\/strong><\/p>\n<p>Hurtigb\u00e5ten Harstad-Bjark\u00f8ystedene-Skrolsvik er ogs\u00e5 innstilt mandag p\u00e5 grunn av det d\u00e5rlige v\u00e6ret. Gjelder alle avganger.<\/p>\n","protected":false},"excerpt":{"rendered":"Hurtigb\u00e5ten mellom Harstad og Troms\u00f8 ble innstilt mandag morgen. Innstillingen skyldes at d\u00e5rlig v\u00e6r hindret mannskapets transport p\u00e5&hellip;\n","protected":false},"author":2,"featured_media":16542,"comment_status":"","ping_status":"","sticky":false,"template":"","format":"standard","meta":{"footnotes":""},"categories":[10],"tags":[20,21,24,25,15,6128,22,23,13,30,28,12501,29,14,16,26,27],"class_list":{"0":"post-123438","1":"post","2":"type-post","3":"status-publish","4":"format-standard","5":"has-post-thumbnail","7":"category-norge","8":"tag-breaking-news","9":"tag-breakingnews","10":"tag-featured-news","11":"tag-featurednews","12":"tag-headlines","13":"tag-hurtigbat","14":"tag-latest-news","15":"tag-latestnews","16":"tag-news","17":"tag-no","18":"tag-norge","19":"tag-norled","20":"tag-norway","21":"tag-nyheter","22":"tag-overskrifter","23":"tag-top-stories","24":"tag-topstories"},"share_on_mastodon":{"url":"https:\/\/pubeurope.com\/@no\/115801723155415787","error":""},"_links":{"self":[{"href":"https:\/\/www.europesays.com\/no\/wp-json\/wp\/v2\/posts\/123438","targetHints":{"allow":["GET"]}}],"collection":[{"href":"https:\/\/www.europesays.com\/no\/wp-json\/wp\/v2\/posts"}],"about":[{"href":"https:\/\/www.europesays.com\/no\/wp-json\/wp\/v2\/types\/post"}],"author":[{"embeddable":true,"href":"https:\/\/www.europesays.com\/no\/wp-json\/wp\/v2\/users\/2"}],"replies":[{"embeddable":true,"href":"https:\/\/www.europesays.com\/no\/wp-json\/wp\/v2\/comments?post=123438"}],"version-history":[{"count":0,"href":"https:\/\/www.europesays.com\/no\/wp-json\/wp\/v2\/posts\/123438\/revisions"}],"wp:featuredmedia":[{"embeddable":true,"href":"https:\/\/www.europesays.com\/no\/wp-json\/wp\/v2\/media\/16542"}],"wp:attachment":[{"href":"https:\/\/www.europesays.com\/no\/wp-json\/wp\/v2\/media?parent=123438"}],"wp:term":[{"taxonomy":"category","embeddable":true,"href":"https:\/\/www.europesays.com\/no\/wp-json\/wp\/v2\/categories?post=123438"},{"taxonomy":"post_tag","embeddable":true,"href":"https:\/\/www.europesays.com\/no\/wp-json\/wp\/v2\/tags?post=123438"}],"curies":[{"name":"wp","href":"https:\/\/api.w.org\/{rel}","templated":true}]}}