{"id":123439,"date":"2025-12-29T07:40:08","date_gmt":"2025-12-29T07:40:08","guid":{"rendered":"https:\/\/www.europesays.com\/no\/123439\/"},"modified":"2025-12-29T07:40:08","modified_gmt":"2025-12-29T07:40:08","slug":"eriksen-ut-mot-amorim-det-hjalp-ikke","status":"publish","type":"post","link":"https:\/\/www.europesays.com\/no\/123439\/","title":{"rendered":"Eriksen ut mot Amorim: &#8211; Det hjalp ikke"},"content":{"rendered":"<p>I januar uttalte Amorim til pressen at United-troppen han ledet, muligens var den verste i klubbens historie. Det falt naturlig nok ikke i god jord blant spillergruppen, som Eriksen da var en del av.<\/p>\n<p>\u2013 Jeg synes ikke det hjalp spillerne overhodet. Noen ting kan man si internt. Det var kanskje ikke det lureste \u00e5 si til omverdenen og legge ekstra press og stempel p\u00e5 spillerne.<\/p>\n<p>\n\u2013 Uansett om han hadde rett eller ikke, s\u00e5 var det for oss s\u00e5nn: \u00abOkay, her er vi igjen. Enda en overskrift\u00bb, sier Eriksen til   <a href=\"https:\/\/www.thetimes.com\/sport\/football\/article\/christian-eriksen-manchester-united-history-burden-roy-keane-tottenham-6jzn7z7zv\" target=\"_blank\" rel=\"nofollow noopener\">The Sunday Times<\/a>.<\/p>\n<p>Den danske midtbanespilleren var med p\u00e5 \u00e5 vinne b\u00e5de ligacupen og FA-cupen med Manchester United, under Erik ten Hags ledelse. 33-\u00e5ringen stusset over hvordan klubben feiret cuptriumfene.<\/p>\n<p>\u2013 Det merkeligste var at man i Manchester United ikke skikkelig feirer \u00e5 vinne ligacupen eller FA-cupen. Det var bare en normal, liten dag fordi klubben er s\u00e5 stor, at det bare betyr noe n\u00e5r man vinner Premier League eller Champions League.<\/p>\n<p>I sommer forlot Eriksen Manchester United og England. 33-\u00e5ringen spiller n\u00e5 for den tyske klubben Wolfsburg.<\/p>\n<p>(\u00a9NTB)<\/p>\n","protected":false},"excerpt":{"rendered":"I januar uttalte Amorim til pressen at United-troppen han ledet, muligens var den verste i klubbens historie. Det&hellip;\n","protected":false},"author":2,"featured_media":123440,"comment_status":"","ping_status":"","sticky":false,"template":"","format":"standard","meta":{"footnotes":""},"categories":[5],"tags":[20,21,24,25,15,19,22,23,17,18,13,30,28,29,14,16,26,27],"class_list":{"0":"post-123439","1":"post","2":"type-post","3":"status-publish","4":"format-standard","5":"has-post-thumbnail","7":"category-overskrifter","8":"tag-breaking-news","9":"tag-breakingnews","10":"tag-featured-news","11":"tag-featurednews","12":"tag-headlines","13":"tag-hovedoppslag","14":"tag-latest-news","15":"tag-latestnews","16":"tag-main-news","17":"tag-mainnews","18":"tag-news","19":"tag-no","20":"tag-norge","21":"tag-norway","22":"tag-nyheter","23":"tag-overskrifter","24":"tag-top-stories","25":"tag-topstories"},"share_on_mastodon":{"url":"https:\/\/pubeurope.com\/@no\/115801727476970584","error":""},"_links":{"self":[{"href":"https:\/\/www.europesays.com\/no\/wp-json\/wp\/v2\/posts\/123439","targetHints":{"allow":["GET"]}}],"collection":[{"href":"https:\/\/www.europesays.com\/no\/wp-json\/wp\/v2\/posts"}],"about":[{"href":"https:\/\/www.europesays.com\/no\/wp-json\/wp\/v2\/types\/post"}],"author":[{"embeddable":true,"href":"https:\/\/www.europesays.com\/no\/wp-json\/wp\/v2\/users\/2"}],"replies":[{"embeddable":true,"href":"https:\/\/www.europesays.com\/no\/wp-json\/wp\/v2\/comments?post=123439"}],"version-history":[{"count":0,"href":"https:\/\/www.europesays.com\/no\/wp-json\/wp\/v2\/posts\/123439\/revisions"}],"wp:featuredmedia":[{"embeddable":true,"href":"https:\/\/www.europesays.com\/no\/wp-json\/wp\/v2\/media\/123440"}],"wp:attachment":[{"href":"https:\/\/www.europesays.com\/no\/wp-json\/wp\/v2\/media?parent=123439"}],"wp:term":[{"taxonomy":"category","embeddable":true,"href":"https:\/\/www.europesays.com\/no\/wp-json\/wp\/v2\/categories?post=123439"},{"taxonomy":"post_tag","embeddable":true,"href":"https:\/\/www.europesays.com\/no\/wp-json\/wp\/v2\/tags?post=123439"}],"curies":[{"name":"wp","href":"https:\/\/api.w.org\/{rel}","templated":true}]}}