{"id":123443,"date":"2025-12-29T07:42:28","date_gmt":"2025-12-29T07:42:28","guid":{"rendered":"https:\/\/www.europesays.com\/no\/123443\/"},"modified":"2025-12-29T07:42:28","modified_gmt":"2025-12-29T07:42:28","slug":"sarene-som-aldri-vil-gro","status":"publish","type":"post","link":"https:\/\/www.europesays.com\/no\/123443\/","title":{"rendered":"S\u00e5rene som aldri vil gro"},"content":{"rendered":"<p>Vi skrur tiden tilbake til midten av 1970-tallet. Magne Furuholmen (63) er omtrent 11 \u00e5r, og befinner seg p\u00e5 Manglerud i Oslo.\u00a0<\/p>\n<p>Han legger merke til det som er en litt eldre gutt, p\u00e5 en balkong. Han spiller trommer p\u00e5 et hjemmelaget trommesett av papp. Gutten var P\u00e5l Waaktaar- Gamst (64).<\/p>\n<p>        <img loading=\"lazy\" decoding=\"async\" src=\"https:\/\/www.europesays.com\/no\/wp-content\/uploads\/2025\/12\/83980588.webp.webp\" width=\"667\" height=\"527\" title=\"SAMMEN: Morten, Magne Furuholmen og P\u00e5l Waaktaar-Savoy under det&#10;som skulle v\u00e6re A-has siste konsert i 2016. Slik ble det imidlertid ikke. Foto: Terje Pedersen \/ NTB\" alt=\"\" class=\"\" style=\"--aspect-ratio-image: 1.27; \"\/><\/p>\n<p>\n        SAMMEN: Morten, Magne Furuholmen og P\u00e5l Waaktaar-Savoy under det<br \/>\nsom skulle v\u00e6re A-has siste konsert i 2016. Slik ble det imidlertid ikke. Foto: Terje Pedersen \/ NTB\n    <\/p>\n<p class=\"font-weight-bold m-font-weight-bold\" data-lab-font_weight=\"font-weight-bold\">Denne dagen snakker guttene sammen for f\u00f8rste gang, og den f\u00f8rste byggesteinen i det som skal bli en av Norges st\u00f8rste musikkeksporter legges ned.<\/p>\n<p>        VOKST OPP: Prinsessen er nesten ikke til \u00e5 kjenne igjen i en ny video som er delt av det svenske kongehuset. Reporter: Caroline Vagle. Video: Instagram\/@kungahuset \/ Kine Falch.<\/p>\n<p>Magne og P\u00e5l brukte noen \u00e5r p\u00e5 \u00e5 pr\u00f8ve, og feile. Det f\u00f8rste bandet deres, Bridges, fikk aldri ben \u00e5 verken g\u00e5 eller l\u00f8pe p\u00e5. De bestemte seg for \u00e5 flytte til London, hvor de etterhvert fikk selskap av Morten Harket (66). <\/p>\n<p>    <a itemprop=\"url\" href=\"https:\/\/www.seher.no\/kjendis\/ny-start-for-forholdet\/83990045\" rel=\"nofollow noopener\" target=\"_blank\"><\/p>\n<p>        <img loading=\"lazy\" decoding=\"async\" src=\"https:\/\/www.europesays.com\/no\/wp-content\/uploads\/2025\/12\/83990206.webp.webp\" width=\"147\" height=\"98\" title=\"Ny start for forholdet\" alt=\"\" class=\"lazyload\" style=\"--aspect-ratio-image: 1.50; \"\/><\/p>\n<p>        Ny start for forholdet<\/p>\n<p>    <\/a><\/p>\n<p>Han hadde pr\u00f8vd lykken som vokalist for Brigdes tidligere, men ble avsl\u00e5tt fordi P\u00e5l allerede var vokalist der.\u00a0<\/p>\n<p>Men da de tre guttene bestemte seg for \u00e5 pr\u00f8ve igjen \u2013 sammen \u2013 tok de navnet A-ha. Som om navnet var et frempek p\u00e5 trioens kommende suksess, og publikums \u00e5penbaring; den norske trioen skulle nemlig lage en av verdens mest kjente l\u00e5ter.<\/p>\n<p>        <img loading=\"lazy\" decoding=\"async\" src=\"https:\/\/www.europesays.com\/no\/wp-content\/uploads\/2025\/12\/83980589.webp.webp\" width=\"667\" height=\"821\" title=\"P\u00c5 SLOTTET:&#10;A-has store suksess har&#10;f\u00f8rt dem til mye \u2013 blant&#10;annet til audiens p\u00e5&#10;Slottet! Foto: Andreas Fadum\" alt=\"\" class=\"\" style=\"--aspect-ratio-image: 0.81; \"\/><\/p>\n<p>\n        P\u00c5 SLOTTET:<br \/>\nA-has store suksess har<br \/>\nf\u00f8rt dem til mye \u2013 blant<br \/>\nannet til audiens p\u00e5<br \/>\nSlottet! Foto: Andreas Fadum\n    <\/p>\n<p>Ikonisk\u00a0\t<\/p>\n<p>Magne, P\u00e5l og Morten sto foran sitt livs st\u00f8rste eventyr. Det fantes dem i musikkbransjen som s\u00e5 en verdi hos A-ha, og som bestemte seg for \u00e5 satse p\u00e5 det som ble deres store gjennombrudd. <\/p>\n<p>    <a itemprop=\"url\" href=\"https:\/\/www.seher.no\/kjendis\/vi-har-noe-a-fortelle\/84000259\" rel=\"nofollow noopener\" target=\"_blank\"><\/p>\n<p>        <img loading=\"lazy\" decoding=\"async\" src=\"https:\/\/www.europesays.com\/no\/wp-content\/uploads\/2025\/12\/84000307.webp.webp\" width=\"147\" height=\"98\" title=\"- Vi har noe \u00e5 fortelle\" alt=\"\" class=\"lazyload\" style=\"--aspect-ratio-image: 1.50; \"\/><\/p>\n<p>        &#8211; Vi har noe \u00e5 fortelle<\/p>\n<p>    <\/a><\/p>\n<p>Etter m\u00f8ysommelig arbeid var \u00abTake on me\u00bb klar i 1985, b\u00e5de den ikoniske l\u00e5ten med den gjenkjennbare synthen og de h\u00f8ye tonene \u2013 men ogs\u00e5 den hyllede musikkvideoen, hvor Morten eksisterer i en tegneserie-verden.<\/p>\n<p>        <img loading=\"lazy\" decoding=\"async\" src=\"https:\/\/www.europesays.com\/no\/wp-content\/uploads\/2025\/12\/83980593.webp.webp\" width=\"667\" height=\"474\" title=\"HEDER OG \u00c6RE: Trioen ble tildelt St. Olavs Orden av f\u00f8rste klasse for sin&#10;innsats i norsk musikkbransje, dette tilbake i 2012. Foto: Andreas Fadum\" alt=\"\" class=\"\" style=\"--aspect-ratio-image: 1.41; \"\/><\/p>\n<p>\n        HEDER OG \u00c6RE: Trioen ble tildelt St. Olavs Orden av f\u00f8rste klasse for sin<br \/>\ninnsats i norsk musikkbransje, dette tilbake i 2012. Foto: Andreas Fadum\n    <\/p>\n<p>Sangen som er selve symbolet p\u00e5 A-has suksess er ogs\u00e5 roten til konfliktene innad i bandet.\u00a0<\/p>\n<p class=\"font-weight-bold m-font-weight-bold\" data-lab-font_weight=\"font-weight-bold\">I et ferskt intervju med Washington Post forteller de om noen av uenighetene, s\u00e6rlig knyttet opp til den nevnte monsterhiten.<\/p>\n<p>        FRIERBREV: Isak Dreyer forteller om hvordan han forholder seg til henvendelsene han f\u00e5r i innboksen. Video: R\u00f8d L\u00f8per\/ Nora Skavhaug\/ Karolina Grace Rusov-Hansen<\/p>\n<p> Det var nemlig P\u00e5l og Magne som prim\u00e6rt laget sangen &#8211; men Morten mener at han bidro med en endring i refrenget som gjorde hele l\u00e5ten.\u00a0<\/p>\n<p>Han hevder at han kun f\u00e5r 16,6 prosent av den totale inntjeningen til \u00abTake on me\u00bb, mens de to andre deler de resterende 83,4 prosentene. Morten Harket er klar p\u00e5 at han f\u00e5r mindre enn han fortjener, mener han.<\/p>\n<p>        <img loading=\"lazy\" decoding=\"async\" src=\"https:\/\/www.europesays.com\/no\/wp-content\/uploads\/2025\/12\/83980630.webp.webp\" width=\"686\" height=\"1023\" title=\"GLANSDAGENE:&#10;P\u00e5l, Morten og Magne ble&#10;allemannseie etter at \u00abTake&#10;on me\u00bb kom ut. De prydet&#10;forsider og vegger over&#10;hele verden. Foto: LGI Stock\" alt=\"\" class=\"\" style=\"--aspect-ratio-image: 0.67; \"\/><\/p>\n<p>\n        GLANSDAGENE:<br \/>\nP\u00e5l, Morten og Magne ble<br \/>\nallemannseie etter at \u00abTake<br \/>\non me\u00bb kom ut. De prydet<br \/>\nforsider og vegger over<br \/>\nhele verden. Foto: LGI Stock\n    <\/p>\n<p>Isfront\u00a0\t<\/p>\n<p>Konflikten om \u00abTake on me\u00bb la seg aldri, og utgj\u00f8r fremdeles en barriere mellom de tre mennene. Washington Post skriver blant annet at det i mange \u00e5r har g\u00e5tt rykter i Norge om at band-medlemmene bare krangler. <\/p>\n<p>    <a itemprop=\"url\" href=\"https:\/\/www.seher.no\/kjendis\/raser-det-er-alvorlig\/83997066\" rel=\"nofollow noopener\" target=\"_blank\"><\/p>\n<p>        <img loading=\"lazy\" decoding=\"async\" src=\"https:\/\/www.europesays.com\/no\/wp-content\/uploads\/2025\/12\/84000053.webp.webp\" width=\"147\" height=\"98\" title=\"Raser: - Det er alvorlig\" alt=\"\" class=\"lazyload\" style=\"--aspect-ratio-image: 1.50; \"\/><\/p>\n<p>        Raser: &#8211; Det er alvorlig<\/p>\n<p>    <\/a><\/p>\n<p class=\"font-weight-bold m-font-weight-bold\" data-lab-font_weight=\"font-weight-bold\">&#8211; Ja, om det bare var sant, sier bandets tidligere manager og n\u00e5v\u00e6rende forretningspartner, Harald Wiik. Han har fremdeles kontakt med b\u00e5de Magne, Morten og P\u00e5l p\u00e5 hver sin side. <\/p>\n<p>&#8211; Hadde de kranglet, ville det betydd at de snakker sammen. Men det er stille, som en isfront. Ingen vil ta det f\u00f8rste steget, hevder han.<\/p>\n<p>        <img loading=\"lazy\" decoding=\"async\" src=\"https:\/\/www.europesays.com\/no\/wp-content\/uploads\/2025\/12\/83980626.webp.webp\" width=\"579\" height=\"852\" title=\"TRENGTE AVKJ\u00d8LING: Turn\u00e9en tok&#10;ogs\u00e5 A-ha til Brasil \u2013 her slapper Morten av i&#10;bassenget i Rio de Janeiro mellom slagene. Foto: Andre Csillag\/Shutterstock\" alt=\"\" class=\"\" style=\"--aspect-ratio-image: 0.68; \"\/><\/p>\n<p>\n        TRENGTE AVKJ\u00d8LING: Turn\u00e9en tok<br \/>\nogs\u00e5 A-ha til Brasil \u2013 her slapper Morten av i<br \/>\nbassenget i Rio de Janeiro mellom slagene. Foto: Andre Csillag\/Shutterstock\n    <\/p>\n<p>At det har v\u00e6rt noen gnisninger innad bandet kommer nok ikke som noe sjokk for noen. De har tidligere tatt lange pauser og fokusert p\u00e5 soloprosjekter eller andre prosjekter, f\u00f8r de har funnet tilbake til hverandre. <\/p>\n<p class=\"font-weight-bold m-font-weight-bold\" data-lab-font_weight=\"font-weight-bold\">N\u00e5 er det tre \u00e5r siden de sist sto sammen p\u00e5 scenen \u2013 og det er ikke gitt at de skal f\u00e5 muligheten til \u00e5 opptre sammen igjen.<\/p>\n<p>        AVKREFTER: Det oppstod misforst\u00e5elser da en promovideo til \u00abSofa\u00bb ble vist p\u00e5 TV 2s v\u00e5rlansering. Video: Nora Skavhaug\/ Thea Hope<\/p>\n<p>Tidligere i \u00e5r kom den nedsl\u00e5ende beskjeden fra Morten Harket \u2013 han har f\u00e5tt Parkinsons sykdom. Sykdommen er nevrodegenerativ, og er en spesifikk diagnose hvor nerveceller i hjernen gradvis brytes ned.\u00a0<\/p>\n<p>Det kan ogs\u00e5 g\u00e5 utover stemmen \u2013 Mortens viktigste verkt\u00f8y.<\/p>\n<p>        <img loading=\"lazy\" decoding=\"async\" src=\"https:\/\/www.europesays.com\/no\/wp-content\/uploads\/2025\/12\/83980615.webp.webp\" width=\"667\" height=\"461\" title=\"HJEMMEBANE: At&#10;A-ha har lojale blodfans&#10;er det liten tvil om \u2013 her&#10;hylles de av over 20 000&#10;p\u00e5 Ullevaal i 2002. Foto: Knut Fjeldstad \/ NTB\" alt=\"\" class=\"\" style=\"--aspect-ratio-image: 1.45; \"\/><\/p>\n<p>\n        HJEMMEBANE: At<br \/>\nA-ha har lojale blodfans<br \/>\ner det liten tvil om \u2013 her<br \/>\nhylles de av over 20 000<br \/>\np\u00e5 Ullevaal i 2002. Foto: Knut Fjeldstad \/ NTB\n    <\/p>\n<p>Ser bedring\u00a0\t<\/p>\n<p>Overfor Washington Post forteller han at han er i ferd med \u00e5 venne seg til medisinene, men at han ikke er sikker p\u00e5 om han kommer til \u00e5 opptre igjen.\u00a0<\/p>\n<p>Han f\u00f8ler ikke for \u00e5 synge, og sykdommen gj\u00f8r noe med utholdenheten hans. <\/p>\n<p>        <img loading=\"lazy\" decoding=\"async\" src=\"https:\/\/www.europesays.com\/no\/wp-content\/uploads\/2025\/12\/83980608.webp.webp\" width=\"667\" height=\"507\" title=\"BIG IN JAPAN: Et bilde sammen med de ettertraktede nordmennene sto h\u00f8yt p\u00e5 \u00f8nskelista for jenter over hele kloden. Her er&#10;to heldige \u2013 da Morten og bandet var p\u00e5 turn\u00e9 i Japan i 1985.\" alt=\"\" class=\"\" style=\"--aspect-ratio-image: 1.32; \"\/><\/p>\n<p>\n        BIG IN JAPAN: Et bilde sammen med de ettertraktede nordmennene sto h\u00f8yt p\u00e5 \u00f8nskelista for jenter over hele kloden. Her er<br \/>\nto heldige \u2013 da Morten og bandet var p\u00e5 turn\u00e9 i Japan i 1985.\n    <\/p>\n<p>Det er ikke godt \u00e5 vite om han f\u00f8ler seg bra eller d\u00e5rlig, fra dag til dag. Han ser bedring fra da han f\u00f8rst fikk diagnosen, og har noen demoer, forteller han. Men det blir trolig ingen gjenforening med Magne og P\u00e5l med det f\u00f8rste.<\/p>\n<p>    <a itemprop=\"url\" href=\"https:\/\/www.seher.no\/kongelig\/vekker-oppsikt-angrer-ikke\/83996344\" rel=\"nofollow noopener\" target=\"_blank\"><\/p>\n<p>        <img loading=\"lazy\" decoding=\"async\" src=\"https:\/\/www.europesays.com\/no\/wp-content\/uploads\/2025\/12\/83736920.webp.webp\" width=\"147\" height=\"98\" title=\"Vekker oppsikt: Angrer ikke!\" alt=\"\" class=\"lazyload\" style=\"--aspect-ratio-image: 1.50; \"\/><\/p>\n<p>        Vekker oppsikt: Angrer ikke!<\/p>\n<p>    <\/a><\/p>\n<p>Morten \u00f8nsker ikke \u00e5 tenke p\u00e5 band akkurat n\u00e5. <\/p>\n<p>&#8211; Drivkraften for bandet som en enhet er ikke der lenger, sier han.<\/p>\n<p class=\"font-weight-bold m-font-weight-bold\" data-lab-font_weight=\"font-weight-bold\">&#8211; Jeg har gjort mitt. Og jeg kommer ikke til \u00e5 gj\u00f8re det igjen, med mindre noen spesifikke ting er p\u00e5 plass. Et niv\u00e5 av gjensidig respekt for hverandres rolle og plass i bandet.<\/p>\n<p>        <img loading=\"lazy\" decoding=\"async\" src=\"https:\/\/www.europesays.com\/no\/wp-content\/uploads\/2025\/12\/83980625.webp.webp\" width=\"667\" height=\"514\" title=\"AUSTRALIA: Suksessen var enorm, ogs\u00e5 i utlandet \u2013 her er&#10;trioen i forbindelse med en verdensturne i Perth, Australia. Foto: Andre Csillag\/Shutterstock\" alt=\"\" class=\"\" style=\"--aspect-ratio-image: 1.30; \"\/><\/p>\n<p>\n        AUSTRALIA: Suksessen var enorm, ogs\u00e5 i utlandet \u2013 her er<br \/>\ntrioen i forbindelse med en verdensturne i Perth, Australia. Foto: Andre Csillag\/Shutterstock\n    <\/p>\n<p>Nylig traff han Magne, og luftet id\u00e9en for ham \u2013 at kanskje A-ha fremover kunne best\u00e5 av Magne og P\u00e5l. De kunne gj\u00f8re det p\u00e5 egenh\u00e5nd, turnere uten ham. Det ville ikke Magne h\u00f8re noe om.<\/p>\n<p class=\"font-weight-bold m-font-weight-bold\" data-lab-font_weight=\"font-weight-bold\">&#8211; Det ville v\u00e6re urettferdig overfor historien v\u00e5r \u00e5 gj\u00f8re det. P\u00e5 godt og vondt, det er oss tre som \u00e9r A-ha. V\u00e5re gode \u00f8yeblikk, v\u00e5re elendige \u00f8yeblikk, v\u00e5re vennskap og konflikter, mener Magne.<\/p>\n<p>        <img loading=\"lazy\" decoding=\"async\" src=\"https:\/\/www.europesays.com\/no\/wp-content\/uploads\/2025\/12\/83980592.webp.webp\" width=\"686\" height=\"981\" title=\"P\u00c5 PREMIERE: Til tross for&#10;konflikt innad i A-ha st\u00e5r alt tilsynelatende str\u00e5lende til p\u00e5 hjemmebane. Her glitrer Magne og kona Heidi&#10;Rydjord (63) p\u00e5 premiere for filmen&#10;\u00abAffeksjonsverdi\u00bb. Foto: Andreas Fadum\" alt=\"\" class=\"\" style=\"--aspect-ratio-image: 0.70; \"\/><\/p>\n<p>\n        P\u00c5 PREMIERE: Til tross for<br \/>\nkonflikt innad i A-ha st\u00e5r alt tilsynelatende str\u00e5lende til p\u00e5 hjemmebane. Her glitrer Magne og kona Heidi<br \/>\nRydjord (63) p\u00e5 premiere for filmen<br \/>\n\u00abAffeksjonsverdi\u00bb. Foto: Andreas Fadum\n    <\/p>\n<p>&#8211; Vanskelig\u00a0\t<\/p>\n<p>Som nevnt er det hele tre \u00e5r siden bandet sto sammen p\u00e5 en scene \u2013 og fanskaren hadde trolig h\u00e5p om en gjenforening ogs\u00e5 i \u00e5r.\u00a0<\/p>\n<p>Det er nemlig 40 \u00e5r siden \u00abTake on me\u00bb kom ut, og det hadde absolutt v\u00e6rt p\u00e5 sin plass \u00e5 feire.<\/p>\n<p>    <a itemprop=\"url\" href=\"https:\/\/www.seher.no\/kjendis\/dukket-opp-i-luksus-paradis\/83996692\" rel=\"nofollow noopener\" target=\"_blank\"><\/p>\n<p>        <img loading=\"lazy\" decoding=\"async\" src=\"https:\/\/www.europesays.com\/no\/wp-content\/uploads\/2025\/12\/83996892.webp.webp\" width=\"147\" height=\"98\" title=\"Dukket opp i luksus-paradis\" alt=\"\" class=\"lazyload\" style=\"--aspect-ratio-image: 1.50; \"\/><\/p>\n<p>        Dukket opp i luksus-paradis<\/p>\n<p>    <\/a><\/p>\n<p>Men mellom Morten Harkets helsesituasjon og de personlige konfliktene vil det v\u00e6re vanskelig \u00e5 f\u00e5 til. Og det ble heller aldri lagt noen planer for en feiring.<\/p>\n<p class=\"font-weight-bold m-font-weight-bold\" data-lab-font_weight=\"font-weight-bold\">&#8211; Mortens sykdom er \u00e5penbart noe som har f\u00f8rt til mangelen p\u00e5 planer. Men det er ogs\u00e5 den generelle dynamikken i gruppa som har gjort det vanskelig \u00e5 kollektivt si; hei, vi trenger p\u00e5 en eller annen god m\u00e5te \u00e5 anerkjenne at det er hele 40 \u00e5r siden vi startet, forklarer Magne.<\/p>\n<p>        <img loading=\"lazy\" decoding=\"async\" src=\"https:\/\/www.europesays.com\/no\/wp-content\/uploads\/2025\/12\/83980627.webp.webp\" width=\"686\" height=\"1029\" title=\"HOLDER SAMMEN:&#10;Morten Harket og samboeren Inez Andersson&#10;(60) har st\u00e5tt fjellst\u00f8tt ved&#10;hverandres side i to ti\u00e5r.&#10;Hun er trolig sv\u00e6rt god for&#10;ham \u00e5 ha n\u00e5. Foto: Tor Gunnar Berland\" alt=\"\" class=\"\" style=\"--aspect-ratio-image: 0.67; \"\/><\/p>\n<p>\n        HOLDER SAMMEN:<br \/>\nMorten Harket og samboeren Inez Andersson<br \/>\n(60) har st\u00e5tt fjellst\u00f8tt ved<br \/>\nhverandres side i to ti\u00e5r.<br \/>\nHun er trolig sv\u00e6rt god for<br \/>\nham \u00e5 ha n\u00e5. Foto: Tor Gunnar Berland\n    <\/p>\n<p>Se og H\u00f8r har v\u00e6rt i kontakt med Harald Wiik p\u00e5 vegne av b\u00e5de ham og resten av A-ha i forbindelse med denne saken. De har ingenting \u00e5 tilf\u00f8ye.<\/p>\n<p>\u00abDet som st\u00e5r i Washington Post-artikkelen reflekterer det partene har \u00e5 si om saken p\u00e5 det n\u00e5v\u00e6rende tidspunkt\u00bb, skriver han i en SMS.<\/p>\n<p>        <img loading=\"lazy\" decoding=\"async\" src=\"https:\/\/www.europesays.com\/no\/wp-content\/uploads\/2025\/12\/83980618.webp.webp\" width=\"579\" height=\"533\" title=\"MANN OG KONE: P\u00e5l Waaktar-Savoy er gift med amerikanske&#10;Lauren Savoy (62), og har sammen dannet bandet Savoy. Det er vel&#10;liten tvil om hvor bandnavnet kommer fra. Foto: Mimsy M\u00f8ller\" alt=\"\" class=\"\" style=\"--aspect-ratio-image: 1.09; \"\/><\/p>\n<p>\n        MANN OG KONE: P\u00e5l Waaktar-Savoy er gift med amerikanske<br \/>\nLauren Savoy (62), og har sammen dannet bandet Savoy. Det er vel<br \/>\nliten tvil om hvor bandnavnet kommer fra. Foto: Mimsy M\u00f8ller\n    <\/p>\n","protected":false},"excerpt":{"rendered":"Vi skrur tiden tilbake til midten av 1970-tallet. Magne Furuholmen (63) er omtrent 11 \u00e5r, og befinner seg&hellip;\n","protected":false},"author":2,"featured_media":123444,"comment_status":"","ping_status":"","sticky":false,"template":"","format":"standard","meta":{"footnotes":""},"categories":[58],"tags":[14608,71,479,9595,11144,30,28,29,14609,72],"class_list":{"0":"post-123443","1":"post","2":"type-post","3":"status-publish","4":"format-standard","5":"has-post-thumbnail","7":"category-underholdning","8":"tag-aha","9":"tag-entertainment","10":"tag-kjendis","11":"tag-magne-furuholmen","12":"tag-morten-harket","13":"tag-no","14":"tag-norge","15":"tag-norway","16":"tag-pal-waaktaar-savoy","17":"tag-underholdning"},"share_on_mastodon":{"url":"https:\/\/pubeurope.com\/@no\/115801734900499932","error":""},"_links":{"self":[{"href":"https:\/\/www.europesays.com\/no\/wp-json\/wp\/v2\/posts\/123443","targetHints":{"allow":["GET"]}}],"collection":[{"href":"https:\/\/www.europesays.com\/no\/wp-json\/wp\/v2\/posts"}],"about":[{"href":"https:\/\/www.europesays.com\/no\/wp-json\/wp\/v2\/types\/post"}],"author":[{"embeddable":true,"href":"https:\/\/www.europesays.com\/no\/wp-json\/wp\/v2\/users\/2"}],"replies":[{"embeddable":true,"href":"https:\/\/www.europesays.com\/no\/wp-json\/wp\/v2\/comments?post=123443"}],"version-history":[{"count":0,"href":"https:\/\/www.europesays.com\/no\/wp-json\/wp\/v2\/posts\/123443\/revisions"}],"wp:featuredmedia":[{"embeddable":true,"href":"https:\/\/www.europesays.com\/no\/wp-json\/wp\/v2\/media\/123444"}],"wp:attachment":[{"href":"https:\/\/www.europesays.com\/no\/wp-json\/wp\/v2\/media?parent=123443"}],"wp:term":[{"taxonomy":"category","embeddable":true,"href":"https:\/\/www.europesays.com\/no\/wp-json\/wp\/v2\/categories?post=123443"},{"taxonomy":"post_tag","embeddable":true,"href":"https:\/\/www.europesays.com\/no\/wp-json\/wp\/v2\/tags?post=123443"}],"curies":[{"name":"wp","href":"https:\/\/api.w.org\/{rel}","templated":true}]}}