{"id":123448,"date":"2025-12-29T07:46:12","date_gmt":"2025-12-29T07:46:12","guid":{"rendered":"https:\/\/www.europesays.com\/no\/123448\/"},"modified":"2025-12-29T07:46:12","modified_gmt":"2025-12-29T07:46:12","slug":"sa-enkelt-at-en-forsteklassing-kan-se-svindelen","status":"publish","type":"post","link":"https:\/\/www.europesays.com\/no\/123448\/","title":{"rendered":"\u2013 S\u00e5 enkelt at en f\u00f8rsteklassing kan se svindelen"},"content":{"rendered":"<p><strong>En video om p\u00e5st\u00e5tt velferdsvindel ved somaliske barnehagesentre i Minnesota har g\u00e5tt viralt med over 93 millioner visninger. S\u00f8ndag var skaperen Nick Shirley i et intervju med Fox News, hvor han krevde at Trump-administrasjonen griper inn.<\/strong><\/p>\n<p>Shirley, publiserte nylig en <a href=\"https:\/\/youtu.be\/r8AulCA1aOQ\" rel=\"nofollow noopener\" target=\"_blank\">video<\/a> som dokumenterer p\u00e5st\u00e5tte svindel ved somaliske barnehagesentre i Minnesota.<\/p>\n<p>\u2013\u00a0 Vi jobber altfor hardt til \u00e5 betale skatt. Vi jobber altfor hardt til \u00e5 ikke vite hvor pengene v\u00e5re g\u00e5r, sa Shirley til Fox News.<\/p>\n<p>\u2013\u00a0 Folk i regjeringen jobber for oss. Vi jobber ikke for dem. S\u00e5 det er deres ansvar \u00e5 holde disse folkene ansvarlige.<\/p>\n<p>Shirley rettet en direkte appell til president Donald Trump under intervjuet.<\/p>\n<p>\u2013 Hvis president Trump ser p\u00e5 dette, er det p\u00e5 tide \u00e5 virkelig g\u00e5 ned til det konkrete og gj\u00f8re en forskjell i dette stedet Minnesota, som for \u00f8yeblikket stort sett er som Somalia, sa Shirley.<\/p>\n<p>Han advarte om at manglende oppf\u00f8lging vil f\u00f8re til stor frustrasjon: \u2013\u00a0Hvis det ikke skjer noe, kommer folk til \u00e5 v\u00e6re veldig frustrerte. Etterforskning er igangsatt bare fra den videoen alene, s\u00e5 det m\u00e5 bli en endring.<\/p>\n<p><strong>S\u00e5 enkelt at en f\u00f8rsteklassing kunne oppdage det<\/strong><\/p>\n<p>Da Shirley ble spurt om hvor \u00e5penbar svindelen var, lo han og beskrev den som barnslig enkel \u00e5 oppdage.<\/p>\n<p>\u2013\u00a0Det er s\u00e5 \u00e5penbart. Hvis du bor i Minnesota, m\u00e5 du heve \u00f8yebrynene og tenke hva som foreg\u00e5r. Bokstavelig talt, hvis du kj\u00f8rer rundt i Minnesota, rundt Minneapolis, vil du se barnehagesentre, autismesentre. Du vil da se transportselskaper som har sn\u00f8 stablet opp som om de ikke har flyttet seg p\u00e5 m\u00e5neder. Og s\u00e5 g\u00e5r du ogs\u00e5 inn i bygninger hvor det vil v\u00e6re 20 helseselskaper,\u00bb forklarte Shirley.<\/p>\n<p>\u2013\u00a0En f\u00f8rsteklassing kunne finne ut at det foreg\u00e5r svindel, konkluderte han.<\/p>\n<p><strong>Anklager lokale journalister for \u00e5 v\u00e6re redde<\/strong><\/p>\n<p>Shirley ble ogs\u00e5 konfrontert med sp\u00f8rsm\u00e5let om hvorfor lokale journalister i Minnesota ikke har unders\u00f8kt saken. Hans svar var kontant.<\/p>\n<p>\u2013\u00a0Jeg tror de er redde for \u00e5 bli kalt rasister i dag fordi det er somaliere som beg\u00e5r denne svindelen. Folk er redde for \u00e5 bli kalt islamofobe, rasister, noe som ikke har noe med det som foreg\u00e5r \u00e5 gj\u00f8re, fordi svindel er svindel. Det spiller ingen rolle om det er en svart person, hvit person, asiatisk person, meksikaner. Svindel er svindel, sa Shirley.<\/p>\n<p>Han la til: \u2013\u00a0Vi jobber for hardt til bare \u00e5 betale skatt og legge til rette for at svindel skjer.<\/p>\n<p><strong>Sl\u00e5r tilbake mot Walz\u2019 \u00abhvit overherred\u00f8mme\u00bb-anklager<\/strong><\/p>\n<p>Guvern\u00f8r Tim Walz har antydet at kritikken mot de somaliske milj\u00f8ene er drevet av rasisme og \u00abhvit overherred\u00f8mme.\u00bb Shirley vendte dette argumentet mot Walz i Fox News-intervjuet.<\/p>\n<p>\u2013\u00a0Tim Walz vil ha stemmer. Det er hele boligkomplekser hvor hvite folk har blitt tvunget ut fordi somaliere har overtatt, og de er inne i disse byene som Minneapolis hvor han kan g\u00e5 og f\u00e5 stemmer fra disse folkene. Hvis du har 100 000 mennesker som vil stemme p\u00e5 deg fordi du kommer til \u00e5 legge til rette for og la dette skje, og fordi du kommer til \u00e5 kalle hvite personer rasister for \u00e5 p\u00e5peke fakta, er dette det som kommer til \u00e5 skje med en stat som Minnesota, sa Shirley.<\/p>\n<p>Han fortsatte: \u2013\u00a0Minnesotafolk, de sier \u2018Minnesota nice\u2019, men de er veldig oppr\u00f8rte. Og jeg forst\u00e5r fullt ut hvorfor de er oppr\u00f8rte, fordi de ikke har en guvern\u00f8r som faktisk jobber for dem. Han jobber faktisk mot dem.<\/p>\n<p><strong>FBI og Walz\u2019 kontor svarer<\/strong><\/p>\n<p>FBI-direkt\u00f8r Kash Patel opplyste at<a href=\"https:\/\/inyheter.no\/29\/12\/2025\/barnehager-som-ikke-eksisterer-fbi-etterforsker-svindel-i-somalisk-miljo\/\" rel=\"nofollow noopener\" target=\"_blank\"> byr\u00e5et har sendt ytterligere personell og etterforskningsressurser<\/a> til Minnesota som en del av en p\u00e5g\u00e5ende innsats for \u00e5 \u00abdemontere storstilt svindel som utnytter f\u00f8derale programmer.\u00bb<\/p>\n<p>En talsperson for guvern\u00f8r Walz avviste kritikken i en uttalelse til <a href=\"https:\/\/www.foxnews.com\/politics\/tim-walz-pushes-back-minnesota-fraud-allegations-following-viral-daycare-video\" rel=\"nofollow noopener\" target=\"_blank\">Fox News<\/a>.<\/p>\n<p>\u2013\u00a0Guvern\u00f8ren har jobbet i \u00e5revis for \u00e5 sl\u00e5 ned p\u00e5 svindel og bedt delstatslovgiveren om mer myndighet til \u00e5 ta aggressive tiltak, sa talspersonen. \u2013\u00a0Han har styrket tilsynet \u2013 inkludert igangsetting av etterforskning av disse spesifikke fasilitetene, hvorav \u00e9n allerede er stengt.<\/p>\n<p><strong>Oppfordringer fra andre stater<\/strong><\/p>\n<p>Shirleys videoer har f\u00e5tt s\u00e5pass stor oppmerksomhet at innbyggere i andre stater n\u00e5 <a href=\"https:\/\/youtu.be\/bPa2vfaprcU?t=536\" rel=\"nofollow noopener\" target=\"_blank\">oppfordrer ham til \u00e5 unders\u00f8ke<\/a> lignende p\u00e5st\u00e5tte svindelmilj\u00f8er i deres omr\u00e5der, s\u00e6rlig i Ohio.<\/p>\n<p>Hans video om Minnesota har til sammen f\u00e5tt over 93 millioner visninger p\u00e5 ulike plattformer, og har utl\u00f8st en nasjonal debatt om velferdsvindel, innvandring og myndigheters ansvar for \u00e5 beskytte skattebetalernes penger.<\/p>\n","protected":false},"excerpt":{"rendered":"En video om p\u00e5st\u00e5tt velferdsvindel ved somaliske barnehagesentre i Minnesota har g\u00e5tt viralt med over 93 millioner visninger.&hellip;\n","protected":false},"author":2,"featured_media":123449,"comment_status":"","ping_status":"","sticky":false,"template":"","format":"standard","meta":{"footnotes":""},"categories":[12],"tags":[20,21,24,25,15,22,23,2119,13,14611,30,28,29,14,16,1441,26,27,42,43,44,45],"class_list":{"0":"post-123448","1":"post","2":"type-post","3":"status-publish","4":"format-standard","5":"has-post-thumbnail","7":"category-verden","8":"tag-breaking-news","9":"tag-breakingnews","10":"tag-featured-news","11":"tag-featurednews","12":"tag-headlines","13":"tag-latest-news","14":"tag-latestnews","15":"tag-minnesota","16":"tag-news","17":"tag-nick-shirley","18":"tag-no","19":"tag-norge","20":"tag-norway","21":"tag-nyheter","22":"tag-overskrifter","23":"tag-svindel","24":"tag-top-stories","25":"tag-topstories","26":"tag-verden","27":"tag-world","28":"tag-world-news","29":"tag-worldnews"},"share_on_mastodon":{"url":"https:\/\/pubeurope.com\/@no\/115801750622105469","error":""},"_links":{"self":[{"href":"https:\/\/www.europesays.com\/no\/wp-json\/wp\/v2\/posts\/123448","targetHints":{"allow":["GET"]}}],"collection":[{"href":"https:\/\/www.europesays.com\/no\/wp-json\/wp\/v2\/posts"}],"about":[{"href":"https:\/\/www.europesays.com\/no\/wp-json\/wp\/v2\/types\/post"}],"author":[{"embeddable":true,"href":"https:\/\/www.europesays.com\/no\/wp-json\/wp\/v2\/users\/2"}],"replies":[{"embeddable":true,"href":"https:\/\/www.europesays.com\/no\/wp-json\/wp\/v2\/comments?post=123448"}],"version-history":[{"count":0,"href":"https:\/\/www.europesays.com\/no\/wp-json\/wp\/v2\/posts\/123448\/revisions"}],"wp:featuredmedia":[{"embeddable":true,"href":"https:\/\/www.europesays.com\/no\/wp-json\/wp\/v2\/media\/123449"}],"wp:attachment":[{"href":"https:\/\/www.europesays.com\/no\/wp-json\/wp\/v2\/media?parent=123448"}],"wp:term":[{"taxonomy":"category","embeddable":true,"href":"https:\/\/www.europesays.com\/no\/wp-json\/wp\/v2\/categories?post=123448"},{"taxonomy":"post_tag","embeddable":true,"href":"https:\/\/www.europesays.com\/no\/wp-json\/wp\/v2\/tags?post=123448"}],"curies":[{"name":"wp","href":"https:\/\/api.w.org\/{rel}","templated":true}]}}