{"id":123450,"date":"2025-12-29T07:47:07","date_gmt":"2025-12-29T07:47:07","guid":{"rendered":"https:\/\/www.europesays.com\/no\/123450\/"},"modified":"2025-12-29T07:47:07","modified_gmt":"2025-12-29T07:47:07","slug":"uvaer-rammer-kollektivtrafikken-nrk-troms-og-finnmark","status":"publish","type":"post","link":"https:\/\/www.europesays.com\/no\/123450\/","title":{"rendered":"Uv\u00e6r rammer kollektivtrafikken \u2013 NRK Troms og Finnmark"},"content":{"rendered":"<p><strong>\u2013 Det er en god del sn\u00f8fokk rundt om p\u00e5 veiene, med fare for fokkskavler og redusert sikt. Enkelte plasser kan det v\u00e6re vanskelig \u00e5 kj\u00f8reforhold.<\/strong><\/p>\n<p>Det sier trafikkoperat\u00f8r Bente Nyland om veiforholdene i Finnmark.<\/p>\n<p>Veien over Ifjordfjellet er stengt som f\u00f8lge av uv\u00e6ret.<\/p>\n<p>Berging av et kj\u00f8ret\u00f8y f\u00f8rer til at fylkesvei 888 er stengt mellom Hopseidet og Mehamnelv bru. Mens et <a href=\"https:\/\/www.nrk.no\/tromsogfinnmark\/stanset-kjoretoy-stenger-vei-1.17707556\" ec-id=\"pp:article:1.17707556\" ec-name=\"stanset kj\u00f8ret\u00f8y\" rel=\"nofollow noopener\" target=\"_blank\">stanset kj\u00f8ret\u00f8y<\/a> stengte E69 mellom Repv\u00e5g og Nordkapptunnelen.<\/p>\n<p>Det kan kan bli flere stengte veier utover dagen, sier Nyland.<\/p>\n<p>Hun ber bilister om \u00e5 sjekke vei og f\u00f8rerforhold f\u00f8r man setter ut p\u00e5 tur, og vurdere \u00e5 utsette kj\u00f8returen der forholdene er verst.<\/p>\n<p><img decoding=\"async\"   src=\"data:image\/gif;base64,R0lGODlhAQABAIAAAAAAAP\/\/\/yH5BAEAAAAALAAAAAABAAEAAAIBRAA7\" loading=\"eager\" alt=\"Betydelig sn\u00f8skredfare p\u00e5 oransje niv\u00e5 vises p\u00e5 kart over Norge. \" title=\"\"\/><\/p>\n<p class=\"no-credit\">Det er sendt ut flere farevarsler i store deler av landet mandag. Finnmark preges av kraftig sn\u00f8fokk og betydelig sn\u00f8skredfare. <\/p>\n<p>Kraftig sn\u00f8fokk og betydelig sn\u00f8skredfare<\/p>\n<p>\u2013 Det er en del vind, s\u00e5 det blir en god del sn\u00f8fokk n\u00e5r man kommer opp i h\u00f8yden.<\/p>\n<p>Det sier vakthavende meteorolog, Magnus Ovhed, om v\u00e6ret i deler av Finnmark.<\/p>\n<p>Han melder ellers om normalt vinterv\u00e6r i fylket, men det er er med farevarsler.<\/p>\n<p><img decoding=\"async\"   src=\"data:image\/gif;base64,R0lGODlhAQABAIAAAAAAAP\/\/\/yH5BAEAAAAALAAAAAABAAEAAAIBRAA7\" loading=\"eager\" alt=\"Magnus Ovhed\" title=\"Foto: Hanneke Luijting\"\/><\/p>\n<p class=\"\">Vakthavende meteorolog, Magnus Ovhed, melder at det kan bli en del sn\u00f8fokk i deler av Finnmark p\u00e5 mandag.<\/p>\n<p>Foto: Hanneke Luijting<\/p>\n<p>Det er betydelig sn\u00f8skredfare p\u00e5 oransje niv\u00e5 som preger v\u00e6ret i Vest-Finnmark og Finnmarkskysten, melder Meteorologisk institutt.<\/p>\n<p>Det ogs\u00e5 er gult farevarsel for kraftig sn\u00f8fokk i deler av Finnmark. Og det ventes perioder med lokal sn\u00f8fokk p\u00e5 grunn av kraftig vind.<\/p>\n<p>Uv\u00e6r rammer kollektivtrafikken<\/p>\n<p>Hurtigb\u00e5trute 320 LoppaXpressen er innstilt p\u00e5 grunn av uv\u00e6r.<\/p>\n<p>Ogs\u00e5 kystruteskipet Havila Polaris melder at de innstiller alle anl\u00f8p av Mehamn og Kj\u00f8llefjord i dag p\u00e5 grunn av v\u00e6rforholdene.<\/p>\n<p>Ogs\u00e5 Hurtigruteskipet MS Nordnorge innstiller alle anl\u00f8p p\u00e5 kystruten mellom Hammerfest og Kirkenes i dag fram til onsdag 31. desember.<\/p>\n<p>Wider\u00f8es rute 930 fra Troms\u00f8 til Hammerfest, B\u00e5tsfjord og Vads\u00f8 er mandag morgenen ogs\u00e5 innstilt.<\/p>\n<p><img decoding=\"async\"   src=\"data:image\/gif;base64,R0lGODlhAQABAIAAAAAAAP\/\/\/yH5BAEAAAAALAAAAAABAAEAAAIBRAA7\" loading=\"eager\" alt=\"HONNINGSV\u00c5G 20110621.Hurtigruteskipet MS NORDNORGE fortsetter sin ferd mot Kirkenes, og ankom tirsdag Honningsv\u00e5g. Mange hundre tusen mennesker f\u00f8lger b\u00e5tens reise fra land og sj\u00f8, og gjennom NRK2s fem og et halvt d\u00f8gn lange direktesending &quot;Hurtigruten : minutt for minutt&quot;.Foto: Heiko Junge \/ Scanpix HONNINGSV\u00c5G 20110621.Hurtigruteskipet MS NORDNORGE fortsetter sin ferd mot Kirkenes, og ankom tirsdag Honningsv\u00e5g. Mange hundre tusen mennesker f\u00f8lger b\u00e5tens reise fra land og sj\u00f8, og gjennom NRK2s fem og et halvt d\u00f8gn lange direktesending &quot;Hurtigruten : minutt for minutt&quot;.Foto: Heiko Junge \/ Scanpix\" title=\"Foto: NTB scanpix\"\/><\/p>\n<p class=\"\">Hurtigruten har innstilt flere anl\u00f8p i Finnmark de kommende dagene p\u00e5 grunn av v\u00e6ret.<\/p>\n<p>Foto: NTB scanpix<\/p>\n<p>Publisert<\/p>\n<p>29.12.2025, kl. 07.57<\/p>\n<p>Oppdatert<\/p>\n<p>29.12.2025, kl. 08.40<\/p>\n","protected":false},"excerpt":{"rendered":"\u2013 Det er en god del sn\u00f8fokk rundt om p\u00e5 veiene, med fare for fokkskavler og redusert sikt.&hellip;\n","protected":false},"author":2,"featured_media":123451,"comment_status":"","ping_status":"","sticky":false,"template":"","format":"standard","meta":{"footnotes":""},"categories":[10],"tags":[20,21,24,25,15,22,23,13,30,28,29,14,16,26,27],"class_list":{"0":"post-123450","1":"post","2":"type-post","3":"status-publish","4":"format-standard","5":"has-post-thumbnail","7":"category-norge","8":"tag-breaking-news","9":"tag-breakingnews","10":"tag-featured-news","11":"tag-featurednews","12":"tag-headlines","13":"tag-latest-news","14":"tag-latestnews","15":"tag-news","16":"tag-no","17":"tag-norge","18":"tag-norway","19":"tag-nyheter","20":"tag-overskrifter","21":"tag-top-stories","22":"tag-topstories"},"share_on_mastodon":{"url":"https:\/\/pubeurope.com\/@no\/115801754391589692","error":""},"_links":{"self":[{"href":"https:\/\/www.europesays.com\/no\/wp-json\/wp\/v2\/posts\/123450","targetHints":{"allow":["GET"]}}],"collection":[{"href":"https:\/\/www.europesays.com\/no\/wp-json\/wp\/v2\/posts"}],"about":[{"href":"https:\/\/www.europesays.com\/no\/wp-json\/wp\/v2\/types\/post"}],"author":[{"embeddable":true,"href":"https:\/\/www.europesays.com\/no\/wp-json\/wp\/v2\/users\/2"}],"replies":[{"embeddable":true,"href":"https:\/\/www.europesays.com\/no\/wp-json\/wp\/v2\/comments?post=123450"}],"version-history":[{"count":0,"href":"https:\/\/www.europesays.com\/no\/wp-json\/wp\/v2\/posts\/123450\/revisions"}],"wp:featuredmedia":[{"embeddable":true,"href":"https:\/\/www.europesays.com\/no\/wp-json\/wp\/v2\/media\/123451"}],"wp:attachment":[{"href":"https:\/\/www.europesays.com\/no\/wp-json\/wp\/v2\/media?parent=123450"}],"wp:term":[{"taxonomy":"category","embeddable":true,"href":"https:\/\/www.europesays.com\/no\/wp-json\/wp\/v2\/categories?post=123450"},{"taxonomy":"post_tag","embeddable":true,"href":"https:\/\/www.europesays.com\/no\/wp-json\/wp\/v2\/tags?post=123450"}],"curies":[{"name":"wp","href":"https:\/\/api.w.org\/{rel}","templated":true}]}}