{"id":123452,"date":"2025-12-29T07:48:07","date_gmt":"2025-12-29T07:48:07","guid":{"rendered":"https:\/\/www.europesays.com\/no\/123452\/"},"modified":"2025-12-29T07:48:07","modified_gmt":"2025-12-29T07:48:07","slug":"kraftig-brann-i-naeringspark-ber-folk-stenge-vinduene-nrk-buskerud-lokale-nyheter-tv-og-radio","status":"publish","type":"post","link":"https:\/\/www.europesays.com\/no\/123452\/","title":{"rendered":"Kraftig brann i n\u00e6ringspark \u2013 ber folk stenge vinduene \u2013 NRK Buskerud \u2013 Lokale nyheter, TV og radio"},"content":{"rendered":"<p>Brannvesenet rykket mandag morgen ut til Kleivi n\u00e6ringspark p\u00e5 grensa mellom Hol og \u00c5l, etter melding om brann i en trafostasjon.<\/p>\n<p>Det var en kraftig brann p\u00e5 stedet da de kom fram.<\/p>\n<p>\u2013 Vi jobber fortsatt med \u00e5 f\u00e5 oversikt over hendelsen, sier operasjonsleder Sigurd Edvardsen i S\u00f8r-\u00d8st politidistrikt.<\/p>\n<p>Deler av industriomr\u00e5det er str\u00f8ml\u00f8st.<\/p>\n<p>Brannen f\u00f8rte til mye r\u00f8yk, og politiet anbefalte folk som bor i n\u00e6rheten om \u00e5 lukke vinduer og stenge ventilasjon.<\/p>\n<p>Kjell Kleven s\u00e5 ned p\u00e5 brannen fra huset sitt.<\/p>\n<p><strong>\u2013 Kona og jeg satt i stua og s\u00e5 p\u00e5 TV, og s\u00e5 h\u00f8rte vi et skikkelig smell. Jeg syntes det var tidlig \u00e5 sprenge i grustaket s\u00e5 tidlig, sier han.<\/strong><\/p>\n<p>Han skj\u00f8nte raskt at det ikke var snakk om noe planlagt sprengningsarbeidet.<\/p>\n<p>\u2013 Jeg s\u00e5 ut vinduet, og s\u00e5 store flammer.<\/p>\n<p>Kleven forteller at brannvesenet s\u00e5 ut til \u00e5 ha kontroll p\u00e5 brannen.<\/p>\n<p>\u2013 Det var brannmannskap fra b\u00e5de Hol og \u00c5l, politi og ambulanse. Det var helt bl\u00e5tt her.<\/p>\n<p>Publisert<\/p>\n<p>29.12.2025, kl. 07.37<\/p>\n<p>Oppdatert<\/p>\n<p>29.12.2025, kl. 08.19<\/p>\n","protected":false},"excerpt":{"rendered":"Brannvesenet rykket mandag morgen ut til Kleivi n\u00e6ringspark p\u00e5 grensa mellom Hol og \u00c5l, etter melding om brann&hellip;\n","protected":false},"author":2,"featured_media":123453,"comment_status":"","ping_status":"","sticky":false,"template":"","format":"standard","meta":{"footnotes":""},"categories":[5],"tags":[20,21,24,25,15,19,22,23,17,18,13,30,28,29,14,16,26,27],"class_list":{"0":"post-123452","1":"post","2":"type-post","3":"status-publish","4":"format-standard","5":"has-post-thumbnail","7":"category-overskrifter","8":"tag-breaking-news","9":"tag-breakingnews","10":"tag-featured-news","11":"tag-featurednews","12":"tag-headlines","13":"tag-hovedoppslag","14":"tag-latest-news","15":"tag-latestnews","16":"tag-main-news","17":"tag-mainnews","18":"tag-news","19":"tag-no","20":"tag-norge","21":"tag-norway","22":"tag-nyheter","23":"tag-overskrifter","24":"tag-top-stories","25":"tag-topstories"},"share_on_mastodon":{"url":"https:\/\/pubeurope.com\/@no\/115801758445590180","error":""},"_links":{"self":[{"href":"https:\/\/www.europesays.com\/no\/wp-json\/wp\/v2\/posts\/123452","targetHints":{"allow":["GET"]}}],"collection":[{"href":"https:\/\/www.europesays.com\/no\/wp-json\/wp\/v2\/posts"}],"about":[{"href":"https:\/\/www.europesays.com\/no\/wp-json\/wp\/v2\/types\/post"}],"author":[{"embeddable":true,"href":"https:\/\/www.europesays.com\/no\/wp-json\/wp\/v2\/users\/2"}],"replies":[{"embeddable":true,"href":"https:\/\/www.europesays.com\/no\/wp-json\/wp\/v2\/comments?post=123452"}],"version-history":[{"count":0,"href":"https:\/\/www.europesays.com\/no\/wp-json\/wp\/v2\/posts\/123452\/revisions"}],"wp:featuredmedia":[{"embeddable":true,"href":"https:\/\/www.europesays.com\/no\/wp-json\/wp\/v2\/media\/123453"}],"wp:attachment":[{"href":"https:\/\/www.europesays.com\/no\/wp-json\/wp\/v2\/media?parent=123452"}],"wp:term":[{"taxonomy":"category","embeddable":true,"href":"https:\/\/www.europesays.com\/no\/wp-json\/wp\/v2\/categories?post=123452"},{"taxonomy":"post_tag","embeddable":true,"href":"https:\/\/www.europesays.com\/no\/wp-json\/wp\/v2\/tags?post=123452"}],"curies":[{"name":"wp","href":"https:\/\/api.w.org\/{rel}","templated":true}]}}