{"id":123454,"date":"2025-12-29T07:49:08","date_gmt":"2025-12-29T07:49:08","guid":{"rendered":"https:\/\/www.europesays.com\/no\/123454\/"},"modified":"2025-12-29T07:49:08","modified_gmt":"2025-12-29T07:49:08","slug":"flere-stjerner-rister-pa-hodet-over-ny-regel-for-seremoni-i-verdenscupen-sa-jaevlig-verdilost","status":"publish","type":"post","link":"https:\/\/www.europesays.com\/no\/123454\/","title":{"rendered":"Flere stjerner rister p\u00e5 hodet over ny regel for seremoni i verdenscupen: \u2013 S\u00e5 j\u00e6vlig verdil\u00f8st"},"content":{"rendered":"\n<p class=\"_lead_o9xde_2 _lead_xtcu6_50 layout-component text-serif-m layout-normal text-serif-l layout-component layout-wide layout-padded _wide_17hqh_1 layout-padded\">Flere langrennsstjerner rister p\u00e5 hodet over en ny regel i verdenscupen. Blant dem Johannes H\u00f8sflot Kl\u00e6bo, som p\u00e5 bildet tenkte lite positive tanker.<\/p>\n<ul class=\"_gallery_1qa3s_23\" tabindex=\"0\">\n<li class=\"_item_1qa3s_37\" data-index=\"0\"><img fetchpriority=\"high\" decoding=\"async\" class=\"_image_foru8_23 _introGallery_foru8_43\" data-fullscreen- width=\"6000\" height=\"4000\" itemprop=\"image\" loading=\"eager\"  src=\"https:\/\/www.europesays.com\/no\/wp-content\/uploads\/2025\/12\/3c7c850c-3c8a-42bf-a7ac-607f4be3551e.png\"  style=\"object-position:50% 50%;aspect-ratio:var(--gallery-aspect-ratio, 16 \/ 9)\"\/>Johannes H\u00f8sflot Kl\u00e6bo m\u00e5tte vente i 45 minutter og ta til takke med et kakestykke etter fjerdeplassen i Davos i midten av desember. Foto: MAXIM THORE \/ BILDBYR\u00c5N<\/li>\n<li class=\"_item_1qa3s_37\" data-index=\"1\"><img decoding=\"async\" class=\"_image_foru8_23 _introGallery_foru8_43\" data-fullscreen- width=\"6000\" height=\"4000\" itemprop=\"image\" loading=\"lazy\"  src=\"https:\/\/www.europesays.com\/no\/wp-content\/uploads\/2025\/12\/31eed813-3926-4a75-be2a-801f8732be3e.png\"  style=\"object-position:50% 50%;aspect-ratio:var(--gallery-aspect-ratio, 16 \/ 9)\"\/>Johannes H\u00f8sflot Kl\u00e6bo m\u00e5tte vente i 45 minutter og ta til takke med et kakestykke etter fjerdeplassen i Davos i midten av desember. Foto: MAXIM THORE \/ BILDBYR\u00c5N<\/li>\n<\/ul>\n<p>Johannes H\u00f8sflot Kl\u00e6bo m\u00e5tte vente i 45 minutter og ta til takke med et kakestykke etter fjerdeplassen i Davos i midten av desember. Foto: MAXIM THORE \/ BILDBYR\u00c5N<\/p>\n<ul aria-hidden=\"true\" class=\"_images_ntbth_112\">\n<li><a class=\"_link_ntbth_117\" href=\"https:\/\/www.vg.no\/forfatter\/mikal-aaserud\" style=\"z-index:2\" title=\"Mikal Emil Aaserud\" rel=\"nofollow noopener\" target=\"_blank\"><img alt=\"Bilde av Mikal Emil Aaserud\" class=\"_image_ntbth_93\" fetchpriority=\"low\" loading=\"lazy\" decoding=\"async\" itemprop=\"image\"  src=\"https:\/\/www.europesays.com\/no\/wp-content\/uploads\/2025\/12\/1f4bb18c-b7b1-46ba-9b49-79ae6afd7bbd.jpeg\"  width=\"480\"\/><\/a><\/li>\n<li><a class=\"_link_ntbth_117\" href=\"https:\/\/www.vg.no\/forfatter\/herman-folvik\" style=\"z-index:1\" title=\"Herman Folvik\" rel=\"nofollow noopener\" target=\"_blank\"><img alt=\"Bilde av Herman Folvik\" class=\"_image_ntbth_93\" fetchpriority=\"low\" loading=\"lazy\" decoding=\"async\" itemprop=\"image\"  src=\"https:\/\/www.europesays.com\/no\/wp-content\/uploads\/2025\/12\/b8d5eb91-9fa9-460c-b9f0-da310ffe35dd.png\"  width=\"480\"\/><\/a><\/li>\n<\/ul>\n<p>Toblach, Italia Oppdatert mandag 29. desember kl. 08:26    <\/p>\n<ul class=\"_list_o9xde_3 _list_64s2r_85 _unordered_o9xde_106 text-sans-m\">\n<li class=\"_item_o9xde_30\">Johannes H\u00f8sflot Kl\u00e6bo er ikke helt forn\u00f8yd med en ny verdenscupregel som gj\u00f8r at ut\u00f8vere som ender p\u00e5 4.-6. plass m\u00e5 p\u00e5 premieseremonier.<\/li>\n<li class=\"_item_o9xde_30\">Svenske Edvin Anger kaller den nye regelen \u00aben straff\u00bb.<\/li>\n<li class=\"_item_o9xde_30\">FIS forteller at regelen var et forslag fra det franske forbundet og flere nasjoner \u00f8nsket det.<\/li>\n<li class=\"_item_o9xde_30\">Emil Iversen er uenig og mener det m\u00e5 v\u00e6re lov \u00e5 feire noe annet enn pallplass.<\/li>\n<\/ul>\n<p>Vis mer <\/p>\n<p class=\"_paragraph_o9xde_4 _paragraph_xtcu6_10 layout-component text-serif-m layout-normal text-serif-m layout-padded\">\u2013 Jeg trenger ikke \u00e5 st\u00e5 igjen 45 minutter og vente p\u00e5 premieseremoni. Jeg kunne godt ha g\u00e5tt hjem. Jeg m\u00e5 s\u00f8rge for \u00e5 ikke bli nummer fire igjen, sier Kl\u00e6bo foran Tour de Ski-starten i italienske Toblach.<\/p>\n<p class=\"_paragraph_o9xde_4 _paragraph_xtcu6_10 layout-component text-serif-m layout-normal text-serif-m layout-padded\">Han bekrefter med et bredt og godt smil at han heller skulle reist tilbake p\u00e5 hotellet, restituert fortest mulig og slappet av.<\/p>\n<ul class=\"_list_o9xde_3 _list_xtcu6_9 _unordered_o9xde_106 layout-component text-serif-m layout-normal text-serif-m layout-padded\">\n<li class=\"_item_o9xde_30\">Nytt av \u00e5ret er nemlig at 4.-6. plassen n\u00e5 m\u00e5 stille opp p\u00e5 premieseremoni.<\/li>\n<li class=\"_item_o9xde_30\">Kl\u00e6bo ble nettopp nummer fire i et renn i Davos for to uker siden.<\/li>\n<li class=\"_item_o9xde_30\">Han fikk en kake og ventet godt og lenge for strevet.<\/li>\n<\/ul>\n<p class=\"_paragraph_o9xde_4 _paragraph_xtcu6_10 layout-component text-serif-m layout-normal text-serif-m layout-padded\">Langrennsstjernene slenger spydige kommentarer om juleantrekkene til hverandre:<\/p>\n<p class=\"_paragraph_o9xde_4 _paragraph_xtcu6_10 layout-component text-serif-m layout-normal text-serif-m layout-padded\">Mattis Stenshagen og den svenske stjernen Edvin Anger har blitt henholdsvis nummer fire nummer fireMattis Stenshagen ble nummer fire p\u00e5 20 kilometer skibytte i verdenscupen i Trondheim i desember. og nummer seksnummer seksEdvin Anger tok sjetteplassen under sprinten i Davos i midten av desember. denne sesongen.<\/p>\n<p class=\"_paragraph_o9xde_4 _paragraph_xtcu6_10 layout-component text-serif-m layout-normal text-serif-m layout-padded\">\u2013 Det er un\u00f8dvendig. Man kan g\u00e5 hjem og slappe av i stedet for \u00e5 st\u00e5 der sure og irriterte, sier Stenshagen.<\/p>\n<p class=\"_paragraph_o9xde_4 _paragraph_xtcu6_10 layout-component text-serif-m layout-normal text-serif-m layout-padded\">Da VG sp\u00f8r ham hva slags premie han fikk, svarer Stenshagen slik:<\/p>\n<p class=\"_paragraph_o9xde_4 _paragraph_xtcu6_10 layout-component text-serif-m layout-normal text-serif-m layout-padded\">\u2013 Jeg husker ikke, det var s\u00e5 d\u00e5rlig premie.<\/p>\n<p class=\"_paragraph_o9xde_4 _paragraph_xtcu6_10 layout-component text-serif-m layout-normal text-serif-m layout-padded\">Edvin Anger sier dette:<\/p>\n<p><img decoding=\"async\" alt=\"Bilde av Edvin Anger\" class=\"_image_ygndg_42\" height=\"27\" itemprop=\"image\" loading=\"lazy\"  src=\"https:\/\/www.europesays.com\/no\/wp-content\/uploads\/2025\/12\/66884ad4-08a3-4e2d-84fd-6615e6c86d47.jpeg\"  width=\"40\"\/><strong class=\"_name_ygndg_51 title-serif-xs\">Edvin Anger<\/strong><\/p>\n<p class=\"_paragraph_o9xde_4 text-sans-m _description_ygndg_56\">Svensk langrennsl\u00f8per<\/p>\n<p class=\"_paragraph_o9xde_4 _paragraph_xtcu6_10 layout-component text-serif-m layout-normal text-serif-m layout-padded\">\u2013 Det er s\u00e5 j\u00e6vlig verdil\u00f8st. Det er en straff, sier han.<\/p>\n<p class=\"_paragraph_o9xde_4 _paragraph_xtcu6_10 layout-component text-serif-m layout-normal text-serif-m layout-padded\">Om premien sier han dette:<\/p>\n<p class=\"_paragraph_o9xde_4 _paragraph_xtcu6_10 layout-component text-serif-m layout-normal text-serif-m layout-padded\">\u2013 Jeg fikk en kake.<\/p>\n<p class=\"_paragraph_o9xde_4 _paragraph_xtcu6_10 layout-component text-serif-m layout-normal text-serif-m layout-padded\">Svensken ser aller helst at FISFISDet internasjonale ski- og sn\u00f8brettforbundet. endrer p\u00e5 praksisen og p\u00e5peker at det beste bare er \u00e5 f\u00e5 dratt tilbake til hotellet for \u00e5 restituere.<\/p>\n<p class=\"_paragraph_o9xde_4 _paragraph_xtcu6_10 layout-component text-serif-m layout-normal text-serif-m layout-padded\">FIS opplyser til VG at det var et forslag fra det franske forbundet som er grunnen til endringen denne sesongen. Senere ble det vedtatt i styret i FIS. <\/p>\n<p class=\"_paragraph_o9xde_4 _paragraph_xtcu6_10 layout-component text-serif-m layout-normal text-serif-m layout-padded\">Langrenn er den eneste disiplinen som gj\u00f8r dette denne sesongen og det har v\u00e6rt et \u00f8nske fra flere ut\u00f8vere og nasjoner de siste \u00e5rene for \u00e5 vise flere nasjoner, opplyser FIS.<\/p>\n<p class=\"_paragraph_o9xde_4 _paragraph_xtcu6_10 layout-component text-serif-m layout-normal text-serif-m layout-padded\">Men det finnes dem som ikke er helt enige med hverken Kl\u00e6bo, Anger eller Stenshagen.<\/p>\n<p class=\"_paragraph_o9xde_4 _paragraph_xtcu6_10 layout-component text-serif-m layout-normal text-serif-m layout-padded\">Landslagsl\u00f8per Martin L\u00f8wstr\u00f8m Nyenget mener man kan bruke anledningen til \u00e5 klappe for dem som vinner.<\/p>\n<p class=\"_paragraph_o9xde_4 _paragraph_xtcu6_10 layout-component text-serif-m layout-normal text-serif-m layout-padded\">Emil Iversen har hatt en str\u00e5lende start p\u00e5 sesongen. Han har pallplass i verdenscupen, men fikk ogs\u00e5 en kjempeopptur ved \u00e5 bli nummer fire i et fristilsrenn i Trondheim.<\/p>\n<p><img alt=\"Foto: Geir Olsen \/ NTB\" class=\"_image_qp4xg_65 layout-component layout-normal\" data-fullscreen- data-track-element-type=\"Article image fullscreen\" data-track-name=\"ImageFullscreen\" decoding=\"async\" loading=\"lazy\" height=\"5464\" itemprop=\"image\"  src=\"https:\/\/www.europesays.com\/no\/wp-content\/uploads\/2025\/12\/f70f8673-d190-4db5-97cf-423d6055553d.png\"  style=\"object-position:0% 0%\" width=\"8192\"\/>Foto: Geir Olsen \/ NTB<\/p>\n<p class=\"_paragraph_o9xde_4 _paragraph_xtcu6_10 layout-component text-serif-m layout-normal text-serif-m layout-padded\">\u2013 Jeg er helt uenig med dem. Jeg sto der i Gran\u00e5sen etter fjerdeplassen og synes det var en av de beste premieutdelingene jeg har v\u00e6rt p\u00e5, sier Iversen.<\/p>\n<p class=\"_paragraph_o9xde_4 _paragraph_xtcu6_10 layout-component text-serif-m layout-normal text-serif-m layout-padded\">\u2013 Nei, Edvin Anger, det er ikke bare seire som gjelder. Hvis det bare er det han tenker p\u00e5, s\u00e5 blir det vanskelig for ham. Man kan ikke alltid vinne \u2013 og for mange er det g\u00f8y \u00e5 bli nummer fire, fem og seks ogs\u00e5, sier tr\u00f8nderen.<\/p>\n<p>Slik ser du Tour de Ski p\u00e5 TV:Tour de Ski-programmet:<\/p>\n<ul class=\"_list_o9xde_3 _list_xtcu6_9 _list_16v91_9 _unordered_o9xde_106 layout-component text-serif-m layout-normal text-sans-m layout-padded\">\n<li class=\"_item_o9xde_30\">S\u00f8ndag 28. desember: Sprint fristil. Prologstart 11.45. Finalene starter klokken 14.15.<\/li>\n<li class=\"_item_o9xde_30\">Mandag 29. desember: 10 km klassisk. Herrene starter 11.45. Damene klokken 14.45.<\/li>\n<li class=\"_item_o9xde_30\">Onsdag 31. desember: 5 kilometer heat fellesstart i fristil. Herrene starter 11.30. Damene klokken 14.30.<\/li>\n<li class=\"_item_o9xde_30\">Torsdag 1. januar: 20 kilometer jaktstart i klassisk. Herrene starter klokken 10.30. Damene klokken 12.30.<\/li>\n<li class=\"_item_o9xde_30\">L\u00f8rdag 3. januar: Sprint klassisk. Prologstart klokken 12.15. Finalene starter klokken 14.45.<\/li>\n<li class=\"_item_o9xde_30\">S\u00f8ndag 4. januar: 10 kilometer fellesstart og klatring opp \u00abmonsterbakken\u00bb. Herrene starter klokken 11.30. Damene starter klokken 15.30.<\/li>\n<\/ul>\n<p class=\"_paragraph_o9xde_4 _paragraph_xtcu6_10 _paragraph_16v91_10 layout-component text-serif-m layout-normal text-sans-m layout-padded\">Alt kan du se p\u00e5 VSport1 og Viaplay.<\/p>\n<p>Vis mer    <\/p>\n","protected":false},"excerpt":{"rendered":"Flere langrennsstjerner rister p\u00e5 hodet over en ny regel i verdenscupen. Blant dem Johannes H\u00f8sflot Kl\u00e6bo, som p\u00e5&hellip;\n","protected":false},"author":2,"featured_media":123455,"comment_status":"","ping_status":"","sticky":false,"template":"","format":"standard","meta":{"footnotes":""},"categories":[59],"tags":[8100,711,398,30,28,29,83,82,399],"class_list":{"0":"post-123454","1":"post","2":"type-post","3":"status-publish","4":"format-standard","5":"has-post-thumbnail","7":"category-sport","8":"tag-edvin-anger","9":"tag-johannes-hosflot-klaebo","10":"tag-langrenn","11":"tag-no","12":"tag-norge","13":"tag-norway","14":"tag-sport","15":"tag-sports","16":"tag-vintersport"},"share_on_mastodon":{"url":"https:\/\/pubeurope.com\/@no\/115801763653993932","error":""},"_links":{"self":[{"href":"https:\/\/www.europesays.com\/no\/wp-json\/wp\/v2\/posts\/123454","targetHints":{"allow":["GET"]}}],"collection":[{"href":"https:\/\/www.europesays.com\/no\/wp-json\/wp\/v2\/posts"}],"about":[{"href":"https:\/\/www.europesays.com\/no\/wp-json\/wp\/v2\/types\/post"}],"author":[{"embeddable":true,"href":"https:\/\/www.europesays.com\/no\/wp-json\/wp\/v2\/users\/2"}],"replies":[{"embeddable":true,"href":"https:\/\/www.europesays.com\/no\/wp-json\/wp\/v2\/comments?post=123454"}],"version-history":[{"count":0,"href":"https:\/\/www.europesays.com\/no\/wp-json\/wp\/v2\/posts\/123454\/revisions"}],"wp:featuredmedia":[{"embeddable":true,"href":"https:\/\/www.europesays.com\/no\/wp-json\/wp\/v2\/media\/123455"}],"wp:attachment":[{"href":"https:\/\/www.europesays.com\/no\/wp-json\/wp\/v2\/media?parent=123454"}],"wp:term":[{"taxonomy":"category","embeddable":true,"href":"https:\/\/www.europesays.com\/no\/wp-json\/wp\/v2\/categories?post=123454"},{"taxonomy":"post_tag","embeddable":true,"href":"https:\/\/www.europesays.com\/no\/wp-json\/wp\/v2\/tags?post=123454"}],"curies":[{"name":"wp","href":"https:\/\/api.w.org\/{rel}","templated":true}]}}