{"id":123456,"date":"2025-12-29T07:50:46","date_gmt":"2025-12-29T07:50:46","guid":{"rendered":"https:\/\/www.europesays.com\/no\/123456\/"},"modified":"2025-12-29T07:50:46","modified_gmt":"2025-12-29T07:50:46","slug":"i-hjertet-av-byen-var-podkast-podkast-5","status":"publish","type":"post","link":"https:\/\/www.europesays.com\/no\/123456\/","title":{"rendered":"I hjertet av byen v\u00e5r podkast, Podkast"},"content":{"rendered":"\n<p>Gro stopper br\u00e5tt opp, p\u00e5 vei ut mot Alby:<\/p>\n<p><b>\u2013 Det er s\u00f8ren meg kongeparet! Og n\u00e5 kj\u00f8rer&#8217;n sj\u00e6l til og med!<\/b><\/p>\n<p>Vi h\u00e5per du vil ta deg tid i romjula, til \u00e5 h\u00f8re p\u00e5 en kavalkade med godt hum\u00f8r.<\/p>\n<p>   <img decoding=\"async\" width=\"1024\" height=\"1536\" fetchpriority=\"low\"  loading=\"lazy\"  src=\"https:\/\/www.europesays.com\/no\/wp-content\/uploads\/2025\/12\/Et+slags+kongepar.jpg\" alt=\"\" class=\"brick-c-cFOWSL\" style=\"--brick-image-ratio: 1024 \/ 1536;\"\/><\/p>\n<p>      Montasje &#8211; kongeparet i bil p\u00e5 vei til Alby.<br \/>\n      Foto: KI \/ NTB\n    <\/p>\n<p>  En lokalpodd<\/p>\n<p>\u2665 I hjertet av byen v\u00e5r \u2665 hadde premiere mandag 7. april. Journalist Jessica Jansson Ramleth har med seg Gro Brede-Johnsen i Moss Avis&#8217; ukentlige podkast:<\/p>\n<p><b>\u2013 Dette er f\u00f8rst og fremst en podkast full av humor og glede. <\/b><b>Her er vi i hjertet av byen v\u00e5r. Vi snakker om det store og det lille, sier Jessica.<\/b><\/p>\n<p><b>\u2013 Dette er en nedp\u00e5 podd til mossefolket. Vi deler historier fra virkeligheten i byen v\u00e5r, sier Gro.<\/b><\/p>\n<p>    Vil du se neste video?<\/p>\n<p>    <a href=\"https:\/\/www.moss-avis.no\/kreps-i-flesjovannet\/v\/5-67-2222417\" class=\"recommend-poster\" data-adp-clicklabel=\"video-recommend\" data-adp-clickvalue=\"poster\" rel=\"nofollow noopener\" target=\"_blank\"><br \/>\n      <img decoding=\"async\" width=\"200\" height=\"200\" loading=\"lazy\" src=\"https:\/\/www.europesays.com\/no\/wp-content\/uploads\/2025\/12\/v-i-0ba580d5-eea2-480c-bc1f-fef117d0973d-1.jpg\" alt=\"\" class=\"brick-c-cFOWSL\" style=\"--brick-image-ratio: 200 \/ 200;\"\/><\/p>\n<p>Kreps i Flesj\u00f8vannet1:24<\/p>\n<p>    <\/a><\/p>\n<p>Nesten et \u00e5r har g\u00e5tt<\/p>\n<p>I forbindelse med premieren sa nyhetsredakt\u00f8r \u00d8ystein Kristiansen, at dette er et utradisjonelt konsept for Moss Avis:<\/p>\n<p><b>\u2013 N\u00e5r lokalavisa er avsender handler podkastene som regel om politikk, sport eller menneskeskjebner. N\u00e5 vil vi fors\u00f8ke et konsept som henvender seg til lytteren p\u00e5 en mindre gravalvorlig m\u00e5te.<\/b><\/p>\n<p>\u00abI hjertet av byen v\u00e5r\u00bb skal f\u00f8rst og fremst underholde, men samtidig oppdatere lytteren p\u00e5 hva som foreg\u00e5r i byen, og ikke minst spille p\u00e5 lokalt fellesskap og identitet.<\/p>\n<p><b>\u2013 Jessica og Gro kommer sikkert til \u00e5 by p\u00e5 noen sleivspark, men framfor alt er m\u00e5let \u00e5 gi lytterne en god latter.<\/b><\/p>\n<p>\u00c5rskavalkade<\/p>\n<p><b>\u2013 Det er premiere for \u00e5rets \u00e5rskavalkade, sier Gro.<\/b><\/p>\n<p><b>\u2013 Ja, det hadde v\u00e6rt kjipt om vi hadde satt sammen godbiter fra fjor\u00e5ret i \u00e5rskavalkaden, sier Jessica.<\/b><\/p>\n<p>\u2013 Ja, for da fantes vi jo ikke &#8230;<\/p>\n<p>Podkastparet h\u00e5per du vil ta deg tid til \u00e5 lytte i romjula og bli med i hjerte av byen v\u00e5r \u2013 fellesskapet.<\/p>\n<p>H\u00f8r oppsummeringen av et knallfint podd\u00e5r \u00abI hjertet av byen v\u00e5r\u00bb her:<\/p>\n<p>Moss Avis&#8217; podkaster kan du h\u00f8re p\u00e5 Spotify og i appene Untold og Podkaster.<\/p>\n<p>  <a href=\"https:\/\/www.moss-avis.no\/5-67-2274796\" class=\"related-teaser has-image default-story-teaser article--c-eRUmMG article--c-eRUmMG-jKCPdD-design-default\" rel=\"nofollow noopener\" target=\"_blank\"><\/p>\n<p>    <img decoding=\"async\" loading=\"lazy\"  src=\"https:\/\/www.europesays.com\/no\/wp-content\/uploads\/2025\/12\/1766994609_63_IMG_3802.jpg\" alt=\"\" class=\"brick-c-cFOWSL\" style=\"\"\/><\/p>\n<p>\n            Les ogs\u00e5<\/p>\n<p>              \u2013 Fire p\u00e5 fortauet f\u00f8r jul\n        <\/p>\n<p>  <\/a><\/p>\n<p>    Vil du se neste video?<\/p>\n<p>    <a href=\"https:\/\/www.moss-avis.no\/kreps-i-flesjovannet\/v\/5-67-2222417\" class=\"recommend-poster\" data-adp-clicklabel=\"video-recommend\" data-adp-clickvalue=\"poster\" rel=\"nofollow noopener\" target=\"_blank\"><br \/>\n      <img decoding=\"async\" width=\"200\" height=\"200\" loading=\"lazy\" src=\"https:\/\/www.europesays.com\/no\/wp-content\/uploads\/2025\/12\/v-i-0ba580d5-eea2-480c-bc1f-fef117d0973d-1.jpg\" alt=\"\" class=\"brick-c-cFOWSL\" style=\"--brick-image-ratio: 200 \/ 200;\"\/><\/p>\n<p>Kreps i Flesj\u00f8vannet1:24<\/p>\n<p>    <\/a><\/p>\n<p>  <a href=\"https:\/\/www.moss-avis.no\/5-67-2267131\" class=\"related-teaser has-image default-story-teaser article--c-eRUmMG article--c-eRUmMG-jKCPdD-design-default\" rel=\"nofollow noopener\" target=\"_blank\"><\/p>\n<p>    <img decoding=\"async\" loading=\"lazy\"  src=\"https:\/\/www.europesays.com\/no\/wp-content\/uploads\/2025\/12\/1765788429_8_al-elmes-ULHxWq8reao-unsplash.jpg\" alt=\"\" class=\"brick-c-cFOWSL\" style=\"\"\/><\/p>\n<p>\n            Les ogs\u00e5<\/p>\n<p>              Tid for festligheter: \u2013 F\u00f8r kunne vi leva fritt!\n        <\/p>\n<p>  <\/a><\/p>\n<p>  <a href=\"https:\/\/www.moss-avis.no\/5-67-2264329\" class=\"related-teaser has-image default-story-teaser article--c-eRUmMG article--c-eRUmMG-jKCPdD-design-default article--c-eRUmMG-kpKLOW-cv\" rel=\"nofollow noopener\" target=\"_blank\"><\/p>\n<p>\n            Les ogs\u00e5<\/p>\n<p>              \u2013 Jeg skj\u00f8nner ikke at du synes det er greit \u00e5 ringe rundt til alle og enhver\n        <\/p>\n<p>  <\/a><\/p>\n<p>  <a href=\"https:\/\/www.moss-avis.no\/5-67-2263210\" class=\"related-teaser has-image default-story-teaser article--c-eRUmMG article--c-eRUmMG-jKCPdD-design-default\" rel=\"nofollow noopener\" target=\"_blank\"><\/p>\n<p>    <img decoding=\"async\" loading=\"lazy\"  src=\"https:\/\/www.europesays.com\/no\/wp-content\/uploads\/2025\/12\/Halmstad+Konditori.jpg\" alt=\"\" class=\"brick-c-cFOWSL\" style=\"\"\/><\/p>\n<p>\n            Les ogs\u00e5<\/p>\n<p>              \u2013 Dette er en s\u00e5nn kaf\u00e9 som man ser i en koselig film\n        <\/p>\n<p>  <\/a><\/p>\n<p>  <a href=\"https:\/\/www.moss-avis.no\/5-67-2261020\" class=\"related-teaser has-image default-story-teaser article--c-eRUmMG article--c-eRUmMG-jKCPdD-design-default\" rel=\"nofollow noopener\" target=\"_blank\"><\/p>\n<p>    <img decoding=\"async\" loading=\"lazy\"  src=\"https:\/\/www.europesays.com\/no\/wp-content\/uploads\/2025\/12\/1766994612_379_Bilde+21.11.2025%2C+10+52+32.jpg\" alt=\"\" class=\"brick-c-cFOWSL\" style=\"\"\/><\/p>\n<p>\n            Les ogs\u00e5<\/p>\n<p>              Atle Pettersen kj\u00f8pte moped i Moss: \u2013 Kjempeharry!\n        <\/p>\n<p>  <\/a><\/p>\n<p>  <a href=\"https:\/\/www.moss-avis.no\/5-67-2259687\" class=\"related-teaser has-image default-story-teaser article--c-eRUmMG article--c-eRUmMG-jKCPdD-design-default\" rel=\"nofollow noopener\" target=\"_blank\"><\/p>\n<p>    <img decoding=\"async\" loading=\"lazy\"  src=\"https:\/\/www.europesays.com\/no\/wp-content\/uploads\/2025\/12\/IMG_8816.heic\" alt=\"\" class=\"brick-c-cFOWSL\" style=\"\"\/><\/p>\n<p>\n            Les ogs\u00e5<\/p>\n<p>              Har kjendis p\u00e5 tr\u00e5den \u2013 som ogs\u00e5 snakker bedre svensk enn Jessica\n        <\/p>\n<p>  <\/a><\/p>\n<p>  <a href=\"https:\/\/www.moss-avis.no\/5-67-2256661\" class=\"related-teaser has-image default-story-teaser article--c-eRUmMG article--c-eRUmMG-jKCPdD-design-default\" rel=\"nofollow noopener\" target=\"_blank\"><\/p>\n<p>    <img decoding=\"async\" loading=\"lazy\"  src=\"https:\/\/www.europesays.com\/no\/wp-content\/uploads\/2025\/12\/1766994615_959_Bilde+09.11.2025%2C+15+30+13.jpg\" alt=\"\" class=\"brick-c-cFOWSL\" style=\"\"\/><\/p>\n<p>\n            Les ogs\u00e5<\/p>\n<p>              M\u00f8t Spiderman: \u2013 Mosseborgerne er veldig hyggelige\n        <\/p>\n<p>  <\/a><\/p>\n<p>  <a href=\"https:\/\/www.moss-avis.no\/5-67-2254880\" class=\"related-teaser has-image default-story-teaser article--c-eRUmMG article--c-eRUmMG-jKCPdD-design-default\" rel=\"nofollow noopener\" target=\"_blank\"><\/p>\n<p>    <img decoding=\"async\" loading=\"lazy\"  src=\"https:\/\/www.europesays.com\/no\/wp-content\/uploads\/2025\/12\/cueres_scp-mangler_navn_9nTbClW1jpc.jpg\" alt=\"\" class=\"brick-c-cFOWSL\" style=\"\"\/><\/p>\n<p>\n            Les ogs\u00e5<\/p>\n<p>              \u2013 Alle de kiloene som etterlates fra hest?! Jeg synes ikke det er greit\n        <\/p>\n<p>  <\/a><\/p>\n<p>  <a href=\"https:\/\/www.moss-avis.no\/5-67-2251112\" class=\"related-teaser has-image default-story-teaser article--c-eRUmMG article--c-eRUmMG-jKCPdD-design-default\" rel=\"nofollow noopener\" target=\"_blank\"><\/p>\n<p>    <img decoding=\"async\" loading=\"lazy\"  src=\"https:\/\/www.europesays.com\/no\/wp-content\/uploads\/2025\/12\/IMG_2505.jpg\" alt=\"\" class=\"brick-c-cFOWSL\" style=\"\"\/><\/p>\n<p>\n            Les ogs\u00e5<\/p>\n<p>              Endelig mandag: \u2013 Det er som \u00e5 komme hjem til noen\n        <\/p>\n<p>  <\/a><\/p>\n<p>  <a href=\"https:\/\/www.moss-avis.no\/5-67-2248987\" class=\"related-teaser has-image default-story-teaser article--c-eRUmMG article--c-eRUmMG-jKCPdD-design-default\" rel=\"nofollow noopener\" target=\"_blank\"><\/p>\n<p>    <img decoding=\"async\" loading=\"lazy\"  src=\"https:\/\/www.europesays.com\/no\/wp-content\/uploads\/2025\/12\/5_67_1387590+IMG+3951.jpg\" alt=\"\" class=\"brick-c-cFOWSL\" style=\"\"\/><\/p>\n<p>\n            Les ogs\u00e5<\/p>\n<p>              \u2013 Han kan bo et \u00f8de sted, slik at ingen noen gang ser han l\u00f8pe ut fra eiendommen\n        <\/p>\n<p>  <\/a><\/p>\n<p>  <a href=\"https:\/\/www.moss-avis.no\/5-67-2246356\" class=\"related-teaser has-image default-story-teaser article--c-eRUmMG article--c-eRUmMG-jKCPdD-design-default\" rel=\"nofollow noopener\" target=\"_blank\"><\/p>\n<p>    <img decoding=\"async\" loading=\"lazy\"  src=\"https:\/\/www.europesays.com\/no\/wp-content\/uploads\/2025\/12\/IMG_6767.jpg\" alt=\"\" class=\"brick-c-cFOWSL\" style=\"\"\/><\/p>\n<p>\n            Les ogs\u00e5<\/p>\n<p>              Sp\u00e5mann Torgeir hadde svaret: \u2013 Jeg bare s\u00e5 i min bl\u00e5 almanakk\n        <\/p>\n<p>  <\/a><\/p>\n<p>  <a href=\"https:\/\/www.moss-avis.no\/5-67-2240732\" class=\"related-teaser has-image default-story-teaser article--c-eRUmMG article--c-eRUmMG-jKCPdD-design-default\" rel=\"nofollow noopener\" target=\"_blank\"><\/p>\n<p>    <img decoding=\"async\" loading=\"lazy\"  src=\"https:\/\/www.europesays.com\/no\/wp-content\/uploads\/2025\/12\/1766994619_881_Bilde+10.10.2025%2C+16+22+18.jpg\" alt=\"\" class=\"brick-c-cFOWSL\" style=\"\"\/><\/p>\n<p>\n            Les ogs\u00e5<\/p>\n<p>              Hummer og champagne: \u2013 H\u00e6? Det visste jeg ikke!\n        <\/p>\n<p>  <\/a><\/p>\n<p>  <a href=\"https:\/\/www.moss-avis.no\/5-67-2234634\" class=\"related-teaser has-image default-story-teaser article--c-eRUmMG article--c-eRUmMG-jKCPdD-design-default\" rel=\"nofollow noopener\" target=\"_blank\"><\/p>\n<p>    <img decoding=\"async\" loading=\"lazy\"  src=\"https:\/\/www.europesays.com\/no\/wp-content\/uploads\/2025\/12\/1766994621_678_Bilde+30.09.2025%2C+11+06+12.jpg\" alt=\"\" class=\"brick-c-cFOWSL\" style=\"\"\/><\/p>\n<p>\n            Les ogs\u00e5<\/p>\n<p>              Hvem ringer kontofon i 2025? \u2013 Det er aldri noe tull og hun tar alltid telefon\n        <\/p>\n<p>  <\/a><\/p>\n<p>\u2013<\/p>\n<p>  <a href=\"https:\/\/www.moss-avis.no\/5-67-2232451\" class=\"related-teaser has-image default-story-teaser article--c-eRUmMG article--c-eRUmMG-jKCPdD-design-default\" rel=\"nofollow noopener\" target=\"_blank\"><\/p>\n<p>    <img decoding=\"async\" loading=\"lazy\"  src=\"https:\/\/www.europesays.com\/no\/wp-content\/uploads\/2025\/12\/1766994622_472_Bilde+23.09.2025%2C+12+30+50+2.jpg\" alt=\"\" class=\"brick-c-cFOWSL\" style=\"\"\/><\/p>\n<p>\n            Les ogs\u00e5<\/p>\n<p>              \u2013 Du kan ikke veive rundt med de norske papirene dine, uten \u00e5 ha spist f\u00e5rik\u00e5l!\u00a0\n        <\/p>\n<p>  <\/a><\/p>\n<p>  <a href=\"https:\/\/www.moss-avis.no\/5-67-2228435\" class=\"related-teaser has-image default-story-teaser article--c-eRUmMG article--c-eRUmMG-jKCPdD-design-default\" rel=\"nofollow noopener\" target=\"_blank\"><\/p>\n<p>    <img decoding=\"async\" loading=\"lazy\"  src=\"https:\/\/www.europesays.com\/no\/wp-content\/uploads\/2025\/12\/IMG_6170.jpg\" alt=\"\" class=\"brick-c-cFOWSL\" style=\"\"\/><\/p>\n<p>\n            Les ogs\u00e5<\/p>\n<p>              \u2013 Jeg blir jo betydelig mer sulten den dagen jeg kan spise, enn dagen f\u00f8r\n        <\/p>\n<p>  <\/a><\/p>\n<p>  <a href=\"https:\/\/www.moss-avis.no\/5-67-2221237\" class=\"related-teaser has-image default-story-teaser article--c-eRUmMG article--c-eRUmMG-jKCPdD-design-default\" rel=\"nofollow noopener\" target=\"_blank\"><\/p>\n<p>    <img decoding=\"async\" loading=\"lazy\"  src=\"https:\/\/www.europesays.com\/no\/wp-content\/uploads\/2025\/12\/1766994624_915_Bilde+09.04.2025%2C+12+53+46.jpg\" alt=\"\" class=\"brick-c-cFOWSL\" style=\"\"\/><\/p>\n<p>\n            Les ogs\u00e5<\/p>\n<p>              \u2013 Ser ut som en airfryer med et telefonr\u00f8r\n        <\/p>\n<p>  <\/a><\/p>\n<p>  <a href=\"https:\/\/www.moss-avis.no\/5-67-2226329\" class=\"related-teaser has-image default-story-teaser article--c-eRUmMG article--c-eRUmMG-jKCPdD-design-default\" rel=\"nofollow noopener\" target=\"_blank\"><\/p>\n<p>    <img decoding=\"async\" loading=\"lazy\"  src=\"https:\/\/www.europesays.com\/no\/wp-content\/uploads\/2025\/12\/IMG_3492.jpg\" alt=\"\" class=\"brick-c-cFOWSL\" style=\"\"\/><\/p>\n<p>\n            Les ogs\u00e5<\/p>\n<p>              \u2013 Hva skal vi kalle Refsnesalleen n\u00e5r det ikke er tr\u00e6r igjen?\n        <\/p>\n<p>  <\/a><\/p>\n<p>  <a href=\"https:\/\/www.moss-avis.no\/5-67-2214399\" class=\"related-teaser has-image default-story-teaser article--c-eRUmMG article--c-eRUmMG-jKCPdD-design-default\" rel=\"nofollow noopener\" target=\"_blank\"><\/p>\n<p>    <img decoding=\"async\" loading=\"lazy\"  src=\"https:\/\/www.europesays.com\/no\/wp-content\/uploads\/2025\/12\/Episode+18.jpg\" alt=\"\" class=\"brick-c-cFOWSL\" style=\"\"\/><\/p>\n<p>\n            Les ogs\u00e5<\/p>\n<p>              S\u00e5 spekkhogger p\u00e5 Sj\u00f8badet: \u2013 Dette er sant alts\u00e5\n        <\/p>\n<p>  <\/a><\/p>\n<p>  <a href=\"https:\/\/www.moss-avis.no\/5-67-2213366\" class=\"related-teaser has-image default-story-teaser article--c-eRUmMG article--c-eRUmMG-jKCPdD-design-default\" rel=\"nofollow noopener\" target=\"_blank\"><\/p>\n<p>    <img decoding=\"async\" loading=\"lazy\"  src=\"https:\/\/www.europesays.com\/no\/wp-content\/uploads\/2025\/12\/1766994628_966_5_67_1390462+Bilde+27.10.2021%2C+13+06+42.jpg\" alt=\"\" class=\"brick-c-cFOWSL\" style=\"\"\/><\/p>\n<p>\n            Les ogs\u00e5<\/p>\n<p>              \u2013 Hvor mange Wallenborg-vesker har du?!\n        <\/p>\n<p>  <\/a><\/p>\n<p>  <a href=\"https:\/\/www.moss-avis.no\/5-67-2210866\" class=\"related-teaser has-image default-story-teaser article--c-eRUmMG article--c-eRUmMG-jKCPdD-design-default\" rel=\"nofollow noopener\" target=\"_blank\"><\/p>\n<p>    <img decoding=\"async\" loading=\"lazy\"  src=\"https:\/\/www.europesays.com\/no\/wp-content\/uploads\/2025\/12\/Baarli+pride.jpg\" alt=\"\" class=\"brick-c-cFOWSL\" style=\"\"\/><\/p>\n<p>\n            Les ogs\u00e5<\/p>\n<p>              |\n        <\/p>\n<p>  <\/a><\/p>\n<p>  <a href=\"https:\/\/www.moss-avis.no\/5-67-2189384\" class=\"related-teaser has-image default-story-teaser article--c-eRUmMG article--c-eRUmMG-jKCPdD-design-default\" rel=\"nofollow noopener\" target=\"_blank\"><\/p>\n<p>    <img decoding=\"async\" loading=\"lazy\"  src=\"https:\/\/www.europesays.com\/no\/wp-content\/uploads\/2025\/12\/Nes+camping+2.jpg\" alt=\"\" class=\"brick-c-cFOWSL\" style=\"\"\/><\/p>\n<p>\n            Les ogs\u00e5<\/p>\n<p>              God sommer fra Nes camping: \u2013 Vi er i hjertet av byen uansett\n        <\/p>\n<p>  <\/a><\/p>\n<p>  <a href=\"https:\/\/www.moss-avis.no\/5-67-2187501\" class=\"related-teaser has-image default-story-teaser article--c-eRUmMG article--c-eRUmMG-jKCPdD-design-default\" rel=\"nofollow noopener\" target=\"_blank\"><\/p>\n<p>    <img decoding=\"async\" loading=\"lazy\"  src=\"https:\/\/www.europesays.com\/no\/wp-content\/uploads\/2025\/12\/1766994631_418_5_67_562090+2353_001+%281%29.jpg\" alt=\"\" class=\"brick-c-cFOWSL\" style=\"\"\/><\/p>\n<p>\n            Les ogs\u00e5<\/p>\n<p>              P\u00e5 to hjul: \u2013 Jeg m\u00e5 ut \u00e5 kj\u00f8pe slanger og dekk\n        <\/p>\n<p>  <\/a><\/p>\n<p>  <a href=\"https:\/\/www.moss-avis.no\/5-67-2178611\" class=\"related-teaser has-image default-story-teaser article--c-eRUmMG article--c-eRUmMG-jKCPdD-design-default\" rel=\"nofollow noopener\" target=\"_blank\"><\/p>\n<p>    <img decoding=\"async\" loading=\"lazy\"  src=\"https:\/\/www.europesays.com\/no\/wp-content\/uploads\/2025\/12\/5_59_2787247+Rygge+flyplass.jpg\" alt=\"\" class=\"brick-c-cFOWSL\" style=\"\"\/><\/p>\n<p>\n            Les ogs\u00e5<\/p>\n<p>              \u2013 Litt taxfree-varer f\u00e5r man jo fort fylt opp igjen\n        <\/p>\n<p>  <\/a><\/p>\n<p>  <a href=\"https:\/\/www.moss-avis.no\/5-67-2176026\" class=\"related-teaser has-image default-story-teaser article--c-eRUmMG article--c-eRUmMG-jKCPdD-design-default\" rel=\"nofollow noopener\" target=\"_blank\"><\/p>\n<p>    <img decoding=\"async\" loading=\"lazy\"  src=\"https:\/\/www.europesays.com\/no\/wp-content\/uploads\/2025\/12\/1766994633_545_ChatGPT+Image+19.+juni+2025%2C+14_50_50.jpg\" alt=\"\" class=\"brick-c-cFOWSL\" style=\"\"\/><\/p>\n<p>\n            Les ogs\u00e5<\/p>\n<p>              \u2013 Det er for variabel pris p\u00e5 skjorter\n        <\/p>\n<p>  <\/a><\/p>\n<p>  <a href=\"https:\/\/www.moss-avis.no\/5-67-2174600\" class=\"related-teaser has-image default-story-teaser article--c-eRUmMG article--c-eRUmMG-jKCPdD-design-default\" rel=\"nofollow noopener\" target=\"_blank\"><\/p>\n<p>    <img decoding=\"async\" loading=\"lazy\"  src=\"https:\/\/www.europesays.com\/no\/wp-content\/uploads\/2025\/12\/1766994634_61_Bilde+11.06.2025%2C+12+17+23.jpg\" alt=\"\" class=\"brick-c-cFOWSL\" style=\"\"\/><\/p>\n<p>\n            Les ogs\u00e5<\/p>\n<p>              Sommer i Moss og podkastdr\u00f8mmen: \u2013 Den s\u00e5 jeg ikke komme\n        <\/p>\n<p>  <\/a><\/p>\n<p>  <a href=\"https:\/\/www.moss-avis.no\/5-67-2171827\" class=\"related-teaser has-image default-story-teaser article--c-eRUmMG article--c-eRUmMG-jKCPdD-design-default\" rel=\"nofollow noopener\" target=\"_blank\"><\/p>\n<p>    <img decoding=\"async\" loading=\"lazy\"  src=\"https:\/\/www.europesays.com\/no\/wp-content\/uploads\/2025\/12\/1766994636_212_ChatGPT+Image+8.+juni+2025%2C+09_56_18.png\" alt=\"\" class=\"brick-c-cFOWSL\" style=\"\"\/><\/p>\n<p>\n            Les ogs\u00e5<\/p>\n<p>              Podkastduoen g\u00e5r i dybden p\u00e5 finurlige funn i Kanalen: \u2013 Hvor lenge har den bobilen ligget i vannet?!\n        <\/p>\n<p>  <\/a><\/p>\n<p>  <a href=\"https:\/\/www.moss-avis.no\/5-67-2165498\" class=\"related-teaser has-image default-story-teaser article--c-eRUmMG article--c-eRUmMG-jKCPdD-design-default\" rel=\"nofollow noopener\" target=\"_blank\"><\/p>\n<p>    <img decoding=\"async\" loading=\"lazy\"  src=\"https:\/\/www.europesays.com\/no\/wp-content\/uploads\/2025\/12\/1766994638_734_Bilde+23.05.2025%2C+10+44+42.jpg\" alt=\"\" class=\"brick-c-cFOWSL\" style=\"\"\/><\/p>\n<p>\n            Les ogs\u00e5<\/p>\n<p>              Mannen bak ukas mest leste debattinnlegg: \u2013 Du kan takke meg for at du ikke gjorde meg til drapsmann\n        <\/p>\n<p>  <\/a><\/p>\n<p>  <a href=\"https:\/\/www.moss-avis.no\/5-67-2159676\" class=\"related-teaser has-image default-story-teaser article--c-eRUmMG article--c-eRUmMG-jKCPdD-design-default\" rel=\"nofollow noopener\" target=\"_blank\"><\/p>\n<p>    <img decoding=\"async\" loading=\"lazy\"  src=\"https:\/\/www.europesays.com\/no\/wp-content\/uploads\/2025\/12\/1766994639_666_P%C3%A5+dynga.jpg\" alt=\"\" class=\"brick-c-cFOWSL\" style=\"\"\/><\/p>\n<p>\n            Les ogs\u00e5<\/p>\n<p>              \u2013 Det var da jeg skulle kj\u00f8re fra Pongo at jeg merket det\n        <\/p>\n<p>  <\/a><\/p>\n<p>  <a href=\"https:\/\/www.moss-avis.no\/5-67-2147667\" class=\"related-teaser has-image default-story-teaser article--c-eRUmMG article--c-eRUmMG-jKCPdD-design-default\" rel=\"nofollow noopener\" target=\"_blank\"><\/p>\n<p>    <img decoding=\"async\" loading=\"lazy\"  src=\"https:\/\/www.europesays.com\/no\/wp-content\/uploads\/2025\/12\/1766994641_431_Bilde+06.05.2025%2C+12+04+27.jpg\" alt=\"\" class=\"brick-c-cFOWSL\" style=\"\"\/><\/p>\n<p>\n            Les ogs\u00e5<\/p>\n<p>              \u2013 Du f\u00e5r kj\u00f8rt bakgater og s\u00e5nn, det har jeg gjort i alle \u00e5r\n        <\/p>\n<p>  <\/a><\/p>\n<p>  <a href=\"https:\/\/www.moss-avis.no\/5-67-2147619\" class=\"related-teaser has-image default-story-teaser article--c-eRUmMG article--c-eRUmMG-jKCPdD-design-default\" rel=\"nofollow noopener\" target=\"_blank\"><\/p>\n<p>    <img decoding=\"async\" loading=\"lazy\"  src=\"https:\/\/www.europesays.com\/no\/wp-content\/uploads\/2025\/12\/Ffront.jpg\" alt=\"\" class=\"brick-c-cFOWSL\" style=\"\"\/><\/p>\n<p>\n            Les ogs\u00e5<\/p>\n<p>              \u2013 Hva slags hus er dette?\n        <\/p>\n<p>  <\/a><\/p>\n<p>  <a href=\"https:\/\/www.moss-avis.no\/5-67-2146856\" class=\"related-teaser has-image default-story-teaser article--c-eRUmMG article--c-eRUmMG-jKCPdD-design-default\" rel=\"nofollow noopener\" target=\"_blank\"><\/p>\n<p>    <img decoding=\"async\" loading=\"lazy\"  src=\"https:\/\/www.europesays.com\/no\/wp-content\/uploads\/2025\/12\/1766994643_564_Rundkj%C3%B8ringer+m+r%C3%B8d+ring.jpg\" alt=\"\" class=\"brick-c-cFOWSL\" style=\"\"\/><\/p>\n<p>\n            Les ogs\u00e5<\/p>\n<p>              \u2013 Folk blir s\u00e5 sinnssykt forbanna\n        <\/p>\n<p>  <\/a><\/p>\n<p>  <a href=\"https:\/\/www.moss-avis.no\/5-67-2140489\" class=\"related-teaser has-image default-story-teaser article--c-eRUmMG article--c-eRUmMG-jKCPdD-design-default\" rel=\"nofollow noopener\" target=\"_blank\"><\/p>\n<p>    <img decoding=\"async\" loading=\"lazy\"  src=\"https:\/\/www.europesays.com\/no\/wp-content\/uploads\/2025\/12\/1766994644_16_Bilde+09.04.2025%2C+13+00+25.jpg\" alt=\"\" class=\"brick-c-cFOWSL\" style=\"\"\/><\/p>\n<p>\n            Les ogs\u00e5<\/p>\n<p>              Lars Erik var midt i dramaet i 1988: \u2013 Vi trodde de ville ha penger, men de ville ha p\u00f8lser\n        <\/p>\n<p>  <\/a><\/p>\n<p>  <a href=\"https:\/\/www.moss-avis.no\/5-67-2133665\" class=\"related-teaser has-image default-story-teaser article--c-eRUmMG article--c-eRUmMG-jKCPdD-design-default\" rel=\"nofollow noopener\" target=\"_blank\"><\/p>\n<p>    <img decoding=\"async\" loading=\"lazy\"  src=\"https:\/\/www.europesays.com\/no\/wp-content\/uploads\/2025\/12\/1766994646_35_Bilde+25.03.2025%2C+13+29+21.jpg\" alt=\"\" class=\"brick-c-cFOWSL\" style=\"\"\/><\/p>\n<p>\n            Les ogs\u00e5<\/p>\n<p>              \u00abI hjertet av byen v\u00e5r\u00bb: \u2013 Dette er f\u00f8rst og fremst en podkast full av humor og glede\n        <\/p>\n<p>  <\/a><\/p>\n","protected":false},"excerpt":{"rendered":"Gro stopper br\u00e5tt opp, p\u00e5 vei ut mot Alby: \u2013 Det er s\u00f8ren meg kongeparet! Og n\u00e5 kj\u00f8rer&#8217;n&hellip;\n","protected":false},"author":2,"featured_media":123457,"comment_status":"","ping_status":"","sticky":false,"template":"","format":"standard","meta":{"footnotes":""},"categories":[58],"tags":[14123,36,71,669,12863,955,116,30,28,29,1270,1510,72],"class_list":{"0":"post-123456","1":"post","2":"type-post","3":"status-publish","4":"format-standard","5":"has-post-thumbnail","7":"category-underholdning","8":"tag-arskavalkade","9":"tag-art","10":"tag-entertainment","11":"tag-humor","12":"tag-i-hjertet-av-byen-var-podkast","13":"tag-kultur-og-underholdning","14":"tag-moss","15":"tag-no","16":"tag-norge","17":"tag-norway","18":"tag-podkast","19":"tag-story","20":"tag-underholdning"},"share_on_mastodon":{"url":"https:\/\/pubeurope.com\/@no\/115801770353042006","error":""},"_links":{"self":[{"href":"https:\/\/www.europesays.com\/no\/wp-json\/wp\/v2\/posts\/123456","targetHints":{"allow":["GET"]}}],"collection":[{"href":"https:\/\/www.europesays.com\/no\/wp-json\/wp\/v2\/posts"}],"about":[{"href":"https:\/\/www.europesays.com\/no\/wp-json\/wp\/v2\/types\/post"}],"author":[{"embeddable":true,"href":"https:\/\/www.europesays.com\/no\/wp-json\/wp\/v2\/users\/2"}],"replies":[{"embeddable":true,"href":"https:\/\/www.europesays.com\/no\/wp-json\/wp\/v2\/comments?post=123456"}],"version-history":[{"count":0,"href":"https:\/\/www.europesays.com\/no\/wp-json\/wp\/v2\/posts\/123456\/revisions"}],"wp:featuredmedia":[{"embeddable":true,"href":"https:\/\/www.europesays.com\/no\/wp-json\/wp\/v2\/media\/123457"}],"wp:attachment":[{"href":"https:\/\/www.europesays.com\/no\/wp-json\/wp\/v2\/media?parent=123456"}],"wp:term":[{"taxonomy":"category","embeddable":true,"href":"https:\/\/www.europesays.com\/no\/wp-json\/wp\/v2\/categories?post=123456"},{"taxonomy":"post_tag","embeddable":true,"href":"https:\/\/www.europesays.com\/no\/wp-json\/wp\/v2\/tags?post=123456"}],"curies":[{"name":"wp","href":"https:\/\/api.w.org\/{rel}","templated":true}]}}