{"id":123460,"date":"2025-12-29T07:54:31","date_gmt":"2025-12-29T07:54:31","guid":{"rendered":"https:\/\/www.europesays.com\/no\/123460\/"},"modified":"2025-12-29T07:54:31","modified_gmt":"2025-12-29T07:54:31","slug":"kina-har-startet-militaerovelse-rundt-taiwan-nrk-urix-utenriksnyheter-og-dokumentarer","status":"publish","type":"post","link":"https:\/\/www.europesays.com\/no\/123460\/","title":{"rendered":"Kina har startet milit\u00e6r\u00f8velse rundt Taiwan \u2013 NRK Urix \u2013 Utenriksnyheter og -dokumentarer"},"content":{"rendered":"<p>Gjennom historien har Taiwan periodevis v\u00e6rt styrt av b\u00e5de Kina og Japan.<\/p>\n<p>I 1945 ble den kinesiske borgerkrigen tatt opp igjen, etter \u00e5 ha v\u00e6rt satt p\u00e5 pause under andre verdenskrig.<\/p>\n<p>Kommunistene seiret i 1949, og den dav\u00e6rende kinesiske regjeringen flyktet til Taiwan.<\/p>\n<p>Siden har Kina og Taiwan v\u00e6rt politisk adskilt. Taiwan styrer seg selv, men Kinas myndigheter anser \u00f8ya som en del av Kina.<\/p>\n<p>Beijing bryter diplomatiske forbindelser med land som anerkjenner Taiwan. I dag har bare elleve land, hovedsakelig sm\u00e5 \u00f8ystater, offisielle b\u00e5nd til \u00f8ya.<\/p>\n<p>USA regnes som Taiwans viktigste uformelle st\u00f8ttespiller. Amerikanerne har forpliktet seg til \u00e5 bidra til at Taiwan kan forsvare seg.<\/p>\n<p>Taiwan fungerer i praksis som et eget land, med eget flagg, demokratiske valg og eget forsvar.<\/p>\n<p>Taiwan har rundt 23,5 millioner innbyggere, mens Kina har n\u00e6r 1,4 milliarder.<\/p>\n","protected":false},"excerpt":{"rendered":"Gjennom historien har Taiwan periodevis v\u00e6rt styrt av b\u00e5de Kina og Japan. I 1945 ble den kinesiske borgerkrigen&hellip;\n","protected":false},"author":2,"featured_media":123461,"comment_status":"","ping_status":"","sticky":false,"template":"","format":"standard","meta":{"footnotes":""},"categories":[12],"tags":[20,21,24,25,15,22,23,13,30,28,29,14,16,26,27,42,43,44,45],"class_list":{"0":"post-123460","1":"post","2":"type-post","3":"status-publish","4":"format-standard","5":"has-post-thumbnail","7":"category-verden","8":"tag-breaking-news","9":"tag-breakingnews","10":"tag-featured-news","11":"tag-featurednews","12":"tag-headlines","13":"tag-latest-news","14":"tag-latestnews","15":"tag-news","16":"tag-no","17":"tag-norge","18":"tag-norway","19":"tag-nyheter","20":"tag-overskrifter","21":"tag-top-stories","22":"tag-topstories","23":"tag-verden","24":"tag-world","25":"tag-world-news","26":"tag-worldnews"},"share_on_mastodon":{"url":"https:\/\/pubeurope.com\/@no\/115801782160817844","error":""},"_links":{"self":[{"href":"https:\/\/www.europesays.com\/no\/wp-json\/wp\/v2\/posts\/123460","targetHints":{"allow":["GET"]}}],"collection":[{"href":"https:\/\/www.europesays.com\/no\/wp-json\/wp\/v2\/posts"}],"about":[{"href":"https:\/\/www.europesays.com\/no\/wp-json\/wp\/v2\/types\/post"}],"author":[{"embeddable":true,"href":"https:\/\/www.europesays.com\/no\/wp-json\/wp\/v2\/users\/2"}],"replies":[{"embeddable":true,"href":"https:\/\/www.europesays.com\/no\/wp-json\/wp\/v2\/comments?post=123460"}],"version-history":[{"count":0,"href":"https:\/\/www.europesays.com\/no\/wp-json\/wp\/v2\/posts\/123460\/revisions"}],"wp:featuredmedia":[{"embeddable":true,"href":"https:\/\/www.europesays.com\/no\/wp-json\/wp\/v2\/media\/123461"}],"wp:attachment":[{"href":"https:\/\/www.europesays.com\/no\/wp-json\/wp\/v2\/media?parent=123460"}],"wp:term":[{"taxonomy":"category","embeddable":true,"href":"https:\/\/www.europesays.com\/no\/wp-json\/wp\/v2\/categories?post=123460"},{"taxonomy":"post_tag","embeddable":true,"href":"https:\/\/www.europesays.com\/no\/wp-json\/wp\/v2\/tags?post=123460"}],"curies":[{"name":"wp","href":"https:\/\/api.w.org\/{rel}","templated":true}]}}