{"id":123462,"date":"2025-12-29T07:55:09","date_gmt":"2025-12-29T07:55:09","guid":{"rendered":"https:\/\/www.europesays.com\/no\/123462\/"},"modified":"2025-12-29T07:55:09","modified_gmt":"2025-12-29T07:55:09","slug":"brann-i-trafostasjon-pa-kleivi-naeringspark-i-hol","status":"publish","type":"post","link":"https:\/\/www.europesays.com\/no\/123462\/","title":{"rendered":"Brann i trafostasjon p\u00e5 Kleivi n\u00e6ringspark i Hol"},"content":{"rendered":"\n<p class=\"_lead_o9xde_2 _lead_xtcu6_50 layout-component text-serif-m layout-normal text-serif-l layout-component layout-wide layout-padded _wide_17hqh_1 layout-padded\">Det er m\u00e5lt gass i luften, if\u00f8lge lokalavisen Hallingd\u00f8len.<\/p>\n<p><img alt=\" Foto: Kjell Kleven \/ NTB\" class=\"_image_qp4xg_65 layout-component layout-wide\" data-fullscreen- data-track-element-type=\"Article image fullscreen\" data-track-name=\"ImageFullscreen\" fetchpriority=\"high\" decoding=\"sync\" loading=\"eager\" height=\"2424\" itemprop=\"image\"  src=\"https:\/\/www.europesays.com\/no\/wp-content\/uploads\/2025\/12\/ce91175e-220a-4f51-8dd3-8a6b001f3591.jpeg\"  style=\"object-position:0% 0%\" width=\"3230\"\/> Foto: Kjell Kleven \/ NTB<\/p>\n<ul aria-hidden=\"true\" class=\"_images_ntbth_112\">\n<li><a class=\"_link_ntbth_117\" href=\"https:\/\/www.vg.no\/forfatter\/live-tronstad\" style=\"z-index:1\" title=\"Live Tronstad\" rel=\"nofollow noopener\" target=\"_blank\"><img alt=\"Bilde av Live Tronstad\" class=\"_image_ntbth_93\" fetchpriority=\"low\" loading=\"lazy\" decoding=\"async\" itemprop=\"image\"  src=\"https:\/\/www.europesays.com\/no\/wp-content\/uploads\/2025\/12\/730bca66-e713-4274-9d1c-1222feeb3c7d.jpeg\"  width=\"480\"\/><\/a><\/li>\n<\/ul>\n<p> Oppdatert mandag 29. desember kl. 08:41     <\/p>\n<p class=\"_paragraph_o9xde_4 _paragraph_xtcu6_10 layout-component text-serif-m layout-normal text-serif-m layout-padded\">Rett f\u00f8r klokken 7 rykket n\u00f8detatene ut til Kleivi n\u00e6ringspark i <a href=\"https:\/\/www.vg.no\/tag\/hol?utm_source=vg-article&amp;utm_medium=auto-tagger&amp;utm_campaign=wrP0VG\" class=\"_link_o9xde_39\" rel=\"nofollow noopener\" target=\"_blank\">Hol<\/a> kommune i Buskerud. Der brenner det i en trafostasjon. <\/p>\n<p class=\"_paragraph_o9xde_4 _paragraph_xtcu6_10 layout-component text-serif-m layout-normal text-serif-m layout-padded\">\u2013 Det brenner kraftig p\u00e5 inngjerdet omr\u00e5de. Deler av industriomr\u00e5det er str\u00f8ml\u00f8st, skriver Sigurd Edvardsen i politiloggen. <\/p>\n<p class=\"_paragraph_o9xde_4 _paragraph_xtcu6_10 layout-component text-serif-m layout-normal text-serif-m layout-padded\">Politiet anbefaler derfor beboere i omr\u00e5det om \u00e5 lukke vinduer p\u00e5 grunn av mye r\u00f8yk. <\/p>\n<p class=\"_paragraph_o9xde_4 _paragraph_xtcu6_10 layout-component text-serif-m layout-normal text-serif-m layout-padded\">Lokalavisen <a href=\"http:\/\/hallingdolen.no\/nyheiter\/n\/WvbeJr\/rykker-ut-til-naeringsparken-det-brenner-kraftig\" class=\"_link_o9xde_39\" rel=\"nofollow noopener\" target=\"_blank\">Hallingd\u00f8len<\/a> skriver at flammene st\u00e5r h\u00f8yt til v\u00e6rs, og at n\u00f8detatene avventer situasjonen fordi det er m\u00e5lt gass i luften. <\/p>\n<p>    <img decoding=\"async\" alt=\"Tips oss illustrasjon\" src=\"https:\/\/www.europesays.com\/no\/wp-content\/uploads\/2025\/10\/pssst-small.webp.webp\"\/>    <\/p>\n<p class=\"title-serif-s\">Har du tips?<\/p>\n<p class=\"text-sans-m\">Send oss informasjon, bilder eller video.<\/p>\n<p>  <a href=\"https:\/\/www.vg.no\/tips-oss\" rel=\"nofollow noopener\" target=\"_blank\"> Tips oss <\/a>      <\/p>\n","protected":false},"excerpt":{"rendered":"Det er m\u00e5lt gass i luften, if\u00f8lge lokalavisen Hallingd\u00f8len. Foto: Kjell Kleven \/ NTB Oppdatert mandag 29. desember&hellip;\n","protected":false},"author":2,"featured_media":123463,"comment_status":"","ping_status":"","sticky":false,"template":"","format":"standard","meta":{"footnotes":""},"categories":[10],"tags":[31,20,21,24,25,15,933,22,23,14614,13,30,28,29,14,16,26,27],"class_list":{"0":"post-123462","1":"post","2":"type-post","3":"status-publish","4":"format-standard","5":"has-post-thumbnail","7":"category-norge","8":"tag-breaking","9":"tag-breaking-news","10":"tag-breakingnews","11":"tag-featured-news","12":"tag-featurednews","13":"tag-headlines","14":"tag-hol","15":"tag-latest-news","16":"tag-latestnews","17":"tag-naeringspark","18":"tag-news","19":"tag-no","20":"tag-norge","21":"tag-norway","22":"tag-nyheter","23":"tag-overskrifter","24":"tag-top-stories","25":"tag-topstories"},"share_on_mastodon":{"url":"https:\/\/pubeurope.com\/@no\/115801785930145860","error":""},"_links":{"self":[{"href":"https:\/\/www.europesays.com\/no\/wp-json\/wp\/v2\/posts\/123462","targetHints":{"allow":["GET"]}}],"collection":[{"href":"https:\/\/www.europesays.com\/no\/wp-json\/wp\/v2\/posts"}],"about":[{"href":"https:\/\/www.europesays.com\/no\/wp-json\/wp\/v2\/types\/post"}],"author":[{"embeddable":true,"href":"https:\/\/www.europesays.com\/no\/wp-json\/wp\/v2\/users\/2"}],"replies":[{"embeddable":true,"href":"https:\/\/www.europesays.com\/no\/wp-json\/wp\/v2\/comments?post=123462"}],"version-history":[{"count":0,"href":"https:\/\/www.europesays.com\/no\/wp-json\/wp\/v2\/posts\/123462\/revisions"}],"wp:featuredmedia":[{"embeddable":true,"href":"https:\/\/www.europesays.com\/no\/wp-json\/wp\/v2\/media\/123463"}],"wp:attachment":[{"href":"https:\/\/www.europesays.com\/no\/wp-json\/wp\/v2\/media?parent=123462"}],"wp:term":[{"taxonomy":"category","embeddable":true,"href":"https:\/\/www.europesays.com\/no\/wp-json\/wp\/v2\/categories?post=123462"},{"taxonomy":"post_tag","embeddable":true,"href":"https:\/\/www.europesays.com\/no\/wp-json\/wp\/v2\/tags?post=123462"}],"curies":[{"name":"wp","href":"https:\/\/api.w.org\/{rel}","templated":true}]}}