{"id":123464,"date":"2025-12-29T07:56:11","date_gmt":"2025-12-29T07:56:11","guid":{"rendered":"https:\/\/www.europesays.com\/no\/123464\/"},"modified":"2025-12-29T07:56:11","modified_gmt":"2025-12-29T07:56:11","slug":"flere-syke-mennesker-far-hjelp-for-sent","status":"publish","type":"post","link":"https:\/\/www.europesays.com\/no\/123464\/","title":{"rendered":"Flere syke mennesker f\u00e5r hjelp for sent"},"content":{"rendered":"\n<ul class=\"_list_o9xde_3 _list_64s2r_85 _unordered_o9xde_106 text-sans-m\">\n<li class=\"_item_o9xde_30\">Norges fremste rettspsykiater, Randi Rosenqvist, advarer om at flere alvorlig syke f\u00e5r hjelp for sent<\/li>\n<li class=\"_item_o9xde_30\">If\u00f8lge en VG-kartlegging er 127 drap siden 2000<\/li>\n<li class=\"_item_o9xde_30\">Rosenqvist mener at kanskje halvparten kunne v\u00e6rt forhindret <\/li>\n<li class=\"_item_o9xde_30\">Overlege Sigrid Medhus peker p\u00e5 overfylte psykiatriske avdelinger som et ressurssp\u00f8rsm\u00e5l<\/li>\n<\/ul>\n<p>Vis mer <\/p>\n<p class=\"_paragraph_o9xde_4 _paragraph_xtcu6_10 layout-component text-serif-m layout-normal text-serif-m layout-padded\">\u2013 Den eneste m\u00e5ten \u00e5 stanse denne utviklingen p\u00e5, er ved \u00e5 gi bedre behandling f\u00f8r voldshandlingene skjer, sier Randi Rosenqvist til VG.<\/p>\n<p class=\"_paragraph_o9xde_4 _paragraph_xtcu6_10 layout-component text-serif-m layout-normal text-serif-m layout-padded\">\u2013 Dette kommer til \u00e5 skje igjen.<\/p>\n<p class=\"_paragraph_o9xde_4 _paragraph_xtcu6_10 layout-component text-serif-m layout-normal text-serif-m layout-padded\">Hun har jobbet i norsk psykiatri og kriminalomsorg i flere ti\u00e5r, og hadde blant annet ansvar for \u00e5 observere Ut\u00f8ya-drapsmann Anders Behring Breivik i fengselet.<\/p>\n<p class=\"_paragraph_o9xde_4 _paragraph_xtcu6_10 layout-component text-serif-m layout-normal text-serif-m layout-padded\">VG har kartlagt alle drap i Norge siden 2000. 127 mennesker er drept av psykisk syke drapsmenn, alts\u00e5 mennesker som har v\u00e6rt utilregneligeutilregneligePersoner som ikke kan holdes ansvarlige for sine handlinger p\u00e5 grunn av alvorlig psykisk lidelse eller annen tilstand som p\u00e5virker deres evne til \u00e5 forst\u00e5 hva de gj\u00f8r. i gjernings\u00f8yeblikket. <\/p>\n<p class=\"_paragraph_o9xde_4 _paragraph_xtcu6_10 layout-component text-serif-m layout-normal text-serif-m layout-padded\"><strong class=\"_strong_o9xde_25\">Det utgj\u00f8r rundt 15 prosent av den totale oversikten. <\/strong><\/p>\n<ul class=\"_list_o9xde_3 _list_xtcu6_9 _unordered_o9xde_106 layout-component text-serif-m layout-normal text-serif-m layout-padded\">\n<li class=\"_item_o9xde_30\">If\u00f8lge <a href=\"https:\/\/www.politiet.no\/aktuelt-tall-og-fakta\/aktuelt\/nyheter\/2022\/12\/15\/ny-kripos-rapport-nesten-13-av-drap-og-drapsforsok-mellom-2014-2021-begatt-av-personer-med-alvorlige-psykiske-lidelser\/\" class=\"_link_o9xde_39\" rel=\"nofollow noopener\" target=\"_blank\">Kripos<\/a> var nesten hvert tredje drap og drapsfors\u00f8k beg\u00e5tt av personer med alvorlig psykisk lidelse i \u00e5rene 2014\u20132021. <\/li>\n<li class=\"_item_o9xde_30\">I perioden 2018\u20132021 var det over dobbelt s\u00e5 mange gjerningspersoner med psykiske lidelser enn i 2014\u20132018.<\/li>\n<li class=\"_item_o9xde_30\">Fra 2015 ser vi en bratt \u00f8kning i polituttrykninger knyttet til psykiatri, blant annet fordi det innf\u00f8res en lov som gj\u00f8r det vanskeligere \u00e5 underlegge pasienten tvungen psykisk helsehjelp. pasienten tvungen psykisk helsehjelp. Med virkning fra 1. september 2017 ble manglende samtykkekompetanse et vilk\u00e5r for tvungen observasjon, tvungent psykisk helsevern og behandling uten eget samtykke. I praksis betyr lovendringen at samtykkekompetente pasienter kan avsl\u00e5 tilbud om behandling og oppf\u00f8lging i psykisk helsevern.<\/li>\n<\/ul>\n<p> Vanskelig \u00e5 fange opp hvem som blir drapsmenn<\/p>\n<p class=\"_paragraph_o9xde_4 _paragraph_xtcu6_10 layout-component text-serif-m layout-normal text-serif-m layout-padded\">\u2013 Kunne disse 127 drapene v\u00e6rt unng\u00e5tt?<\/p>\n<p class=\"_paragraph_o9xde_4 _paragraph_xtcu6_10 layout-component text-serif-m layout-normal text-serif-m layout-padded\">\u2013 Man kan fange opp at personer blir syke, men ikke at de blir drapsmenn. Hvis en person enn\u00e5 ikke har beg\u00e5tt en voldshandling, kan man ikke predikere at han vil ende opp som en drapsmann. Det g\u00e5r ikke, understreker Rosenqvist. <\/p>\n<p><img alt=\"Rosenqvist under rettssaken der terrord\u00f8mte Anders Behring Breivik begj\u00e6rer seg pr\u00f8vel\u00f8slatt i 2022.  Foto: Ole Berg-Rusten \/ NTB\" class=\"_image_qp4xg_65 layout-component layout-normal\" data-fullscreen- data-track-element-type=\"Article image fullscreen\" data-track-name=\"ImageFullscreen\" decoding=\"async\" loading=\"lazy\" height=\"6067\" itemprop=\"image\"  src=\"https:\/\/www.europesays.com\/no\/wp-content\/uploads\/2025\/12\/47722702-3593-4519-b97c-c8c42674e9c3.jpeg\"  style=\"object-position:0% 0%\" width=\"9100\"\/>Rosenqvist under rettssaken der terrord\u00f8mte Anders Behring Breivik begj\u00e6rer seg pr\u00f8vel\u00f8slatt i 2022.  Foto: Ole Berg-Rusten \/ NTB<\/p>\n<p class=\"_paragraph_o9xde_4 _paragraph_xtcu6_10 layout-component text-serif-m layout-normal text-serif-m layout-padded\">Rosenqvist forklarer at man m\u00e5tte ha behandlet og gitt oppf\u00f8lging til veldig mange psykisk syke for \u00e5 klare \u00e5 forhindre at noen veldig f\u00e5 blir drapsmenn.<\/p>\n<p class=\"_paragraph_o9xde_4 _paragraph_xtcu6_10 layout-component text-serif-m layout-normal text-serif-m layout-padded\"><strong class=\"_strong_o9xde_25\">\u2013 Halvparten av drapene kunne kanskje v\u00e6rt forhindret hvis man hadde hatt bedre oppf\u00f8lging av disse personene.<\/strong><\/p>\n<p> \u2013 Svingd\u00f8rpasienter<\/p>\n<p class=\"_paragraph_o9xde_4 _paragraph_xtcu6_10 layout-component text-serif-m layout-normal text-serif-m layout-padded\">Rettspsykiater Rosenqvist mener at de som lider av psykisk sykdom ofte f\u00e5r diagnosen altfor sent. Noen ganger blir ikke diagnosen plukket opp f\u00f8r etter at et drap er beg\u00e5tt. <\/p>\n<p class=\"_paragraph_o9xde_4 _paragraph_xtcu6_10 layout-component text-serif-m layout-normal text-serif-m layout-padded\">\u2013 Diagnostikken begynner f\u00f8rst etter en alvorlig voldshandling. Og min erfaring er at veldig mange av dem har hatt kroniske psykoser gjennom mange \u00e5r, og har hatt leveforhold som de ikke har mestret. <\/p>\n<p class=\"_paragraph_o9xde_4 _paragraph_xtcu6_10 layout-component text-serif-m layout-normal text-serif-m layout-padded\">Tidligere i julen fortalte VG historien om Linn\u00e9a, som tok sitt eget liv et dr\u00f8yt \u00e5r etter at Espen Andersen Br\u00e5then drepte fem mennesker i Kongsberg. En av de drepte \u2013 Hanne Englund \u2013 var Linn\u00e9as mor. <\/p>\n<p class=\"_paragraph_o9xde_4 _paragraph_xtcu6_10 layout-component text-serif-m layout-normal text-serif-m layout-padded\">Br\u00e5then hadde lang historie innen psykiatrien f\u00f8r drapene. I etterkant av drapene fortalte flere av hans venner til VG<a href=\"https:\/\/www.vg.no\/nyheter\/i\/Qy933V\/fra-kamerat-til-massedrapsmann\" data-track-element-type=\"Link\" data-track-id=\"link:Qy933V\" class=\"_link_o9xde_39\" rel=\"nofollow noopener\" target=\"_blank\"> at han aldri fikk hjelpen han trengte.<\/a><\/p>\n<p class=\"_paragraph_o9xde_4 _paragraph_xtcu6_10 layout-component text-serif-m layout-normal text-serif-m layout-padded\">\u2013 Mange av disse pasientene er svingd\u00f8rspasienter, sier Rosenqvist. <\/p>\n<p class=\"_paragraph_o9xde_4 _paragraph_xtcu6_10 layout-component text-serif-m layout-normal text-serif-m layout-padded\">Begrepet brukes til \u00e5 beskrive en pasient som gjentatte ganger blir innlagt og utskrevet, med kort tid imellom innleggelsene. <\/p>\n<p class=\"font-weight-semi-bold color-accent label-medium _label_16v91_20\">Antall sengeplasser i psykiatrien<\/p>\n<p class=\"_paragraph_o9xde_4 _paragraph_xtcu6_10 _paragraph_16v91_10 layout-component text-serif-m layout-normal text-sans-m layout-padded\">Antall sengeplasser i psykiatrien har g\u00e5tt fra 7745 sengeplasser i 1990, til 3200 i 2022. Det vil si: <\/p>\n<p class=\"_paragraph_o9xde_4 _paragraph_xtcu6_10 _paragraph_16v91_10 layout-component text-serif-m layout-normal text-sans-m layout-padded\"><strong class=\"_strong_o9xde_25\">Fra 2.5 sengeplasser pr. 1000 innbyggere i 1990, til 0.75 i 2022.<\/strong><\/p>\n<p class=\"_paragraph_o9xde_4 _paragraph_xtcu6_10 _paragraph_16v91_10 layout-component text-serif-m layout-normal text-sans-m layout-padded\">Enkelt forklart: <\/p>\n<p class=\"_paragraph_o9xde_4 _paragraph_xtcu6_10 _paragraph_16v91_10 layout-component text-serif-m layout-normal text-sans-m layout-padded\"><strong class=\"_strong_o9xde_25\">I dag har vi \u00e9n psykiatrisk seng for omtrent 1300 innbyggere. Det betyr at selv om ti personer trenger innleggelse samtidig, finnes det knapt \u00e9n seng tilgjengelig.<\/strong><\/p>\n<p class=\"_paragraph_o9xde_4 _paragraph_xtcu6_10 _paragraph_16v91_10 layout-component text-serif-m layout-normal text-sans-m layout-padded\">I dag har vi ca. 3000 sengeplasser i psykiatrien, sier Rosenqvist, som mener tallet burde dobles. Hun mener ogs\u00e5 at pasienter burde f\u00e5 hjelp i n\u00e6rheten av der de bor. <\/p>\n<p>Vis mer<\/p>\n<p class=\"_paragraph_o9xde_4 _paragraph_xtcu6_10 layout-component text-serif-m layout-normal text-serif-m layout-padded\">50 prosent blir skrevet ut innen en uke og de fleste innen to-tre dager, sier Rosenqvist. <\/p>\n<p class=\"_paragraph_o9xde_4 _paragraph_xtcu6_10 layout-component text-serif-m layout-normal text-serif-m layout-padded\">\u2013 I psykosebehandling trenger pasienten en langsiktig plan \u2013 en sammenhengende oppf\u00f8lging som varer fra fem til syv \u00e5r. Da vil det ofte g\u00e5 greit. Men det er ganske mye som skal gj\u00f8res, og det har man ikke tid til p\u00e5 tre dager, sier hun og fortsetter:<\/p>\n<p class=\"_paragraph_o9xde_4 _paragraph_xtcu6_10 layout-component text-serif-m layout-normal text-serif-m layout-padded\">\u2013 Vi opplever at pasientene ofte vil hjem n\u00e5r abstinensene kommer og s\u00e5 vurderer helsepersonell at han\/hun har samtykkekompetansesamtykkekompetanseEvnen til \u00e5 forst\u00e5 og ta informerte beslutninger om egen medisinsk behandling.<\/p>\n<p> og derfor m\u00e5 sendes hjem, og det er feil.<\/p>\n<p class=\"_paragraph_o9xde_4 _paragraph_xtcu6_10 layout-component text-serif-m layout-normal text-serif-m layout-padded\">\u2013 Jeg hevder at grunnen til at folk blir skrevet ut ikke handler om samtykkekompetanse, men fordi det ikke er flere senger. De blir skrevet ut i en situasjon som de ikke mestrer. Jeg er veldig bekymret over de leveforhold som veldig ustabile og syke personer blir overlatt til. <\/p>\n<p class=\"_paragraph_o9xde_4 _paragraph_xtcu6_10 layout-component text-serif-m layout-normal text-serif-m layout-padded\"><strong class=\"_strong_o9xde_25\">Overlege i psykiatri ved Ahus, Sigrid Medhus, har den samme opplevelsen som Rosenqvist. <\/strong><\/p>\n<p class=\"_paragraph_o9xde_4 _paragraph_xtcu6_10 layout-component text-serif-m layout-normal text-serif-m layout-padded\">Det er vel s\u00e5 mye snakk om et ressurssp\u00f8rsm\u00e5l, mener hun:<\/p>\n<p class=\"_paragraph_o9xde_4 _paragraph_xtcu6_10 layout-component text-serif-m layout-normal text-serif-m layout-padded\">\u2013 Jeg tror at mange psyaktriske avdelinger er overfylt og at det er overbeleggoverbelegg N\u00e5r en institusjon, som et sykehus, har flere pasienter enn det er kapasitet til \u00e5 h\u00e5ndtere p\u00e5 en forsvarlig m\u00e5te.. Det er s\u00e5 press p\u00e5 \u00e5 skrive ut. Og lovverket blir et p\u00e5skudd til \u00e5 kunne skrive ut.<\/p>\n<p class=\"_paragraph_o9xde_4 _paragraph_xtcu6_10 layout-component text-serif-m layout-normal text-serif-m layout-padded\">Hun skrev i 2022 <a href=\"https:\/\/www.aftenposten.no\/meninger\/kronikk\/i\/0GmO1G\/psykisk-helsevernloven-av-2017-fungerer-ikke-etter-hensikten\" class=\"_link_o9xde_39\" rel=\"nofollow noopener\" target=\"_blank\">en kronikk i Aftenposten<\/a>, om at hun mener samtykkeloven ikke fungerer etter intensjonen.<\/p>\n<p><img decoding=\"async\" alt=\"Bilde av Sigrid Medhus\" class=\"_image_ygndg_42\" height=\"53\" itemprop=\"image\" loading=\"lazy\"  src=\"https:\/\/www.europesays.com\/no\/wp-content\/uploads\/2025\/12\/2631984e-fbd1-43b1-bf24-0848761aca44.jpeg\"  width=\"40\"\/><strong class=\"_name_ygndg_51 title-serif-xs\">Sigrid Medhus<\/strong><\/p>\n<p class=\"_paragraph_o9xde_4 text-sans-m _description_ygndg_56\">Overlege ved psykiatri p\u00e5 Ahus<\/p>\n<p class=\"_paragraph_o9xde_4 _paragraph_xtcu6_10 layout-component text-serif-m layout-normal text-serif-m layout-padded\">Medhus understreker at de som er d\u00f8mt til behandling tar opp en del av kapasiteten. Det vil alts\u00e5 si pasienter som allerede har beg\u00e5tt alvorlig kriminalitet.<\/p>\n<p class=\"_paragraph_o9xde_4 _paragraph_xtcu6_10 layout-component text-serif-m layout-normal text-serif-m layout-padded\"><strong class=\"_strong_o9xde_25\">\u2013 Det er en gullbillett inn, hvis man vil ha hjelp.<\/strong><\/p>\n<p class=\"_paragraph_o9xde_4 _paragraph_xtcu6_10 layout-component text-serif-m layout-normal text-serif-m layout-padded\">\u2013 Men s\u00e5 er det de som ikke er d\u00f8mt til behandling. De forsvinner ut av systemet. De er ikke helt friske, men de er friske nok til \u00e5 skrives ut. Tvangen blir opphevet, og s\u00e5 h\u00e5per man p\u00e5 det beste.<\/p>\n<p class=\"_paragraph_o9xde_4 _paragraph_xtcu6_10 layout-component text-serif-m layout-normal text-serif-m layout-padded\">\u2013 Hvordan oppleves det for dere som sitter og gj\u00f8r disse vurderingene?<\/p>\n<p class=\"_paragraph_o9xde_4 _paragraph_xtcu6_10 layout-component text-serif-m layout-normal text-serif-m layout-padded\">\u2013 Det er belastende.<\/p>\n<p class=\"_paragraph_o9xde_4 _paragraph_xtcu6_10 layout-component text-serif-m layout-normal text-serif-m layout-padded\">Ogs\u00e5 Medhus mener at l\u00f8sningen er flere langtidsplasser.<\/p>\n<p class=\"_paragraph_o9xde_4 _paragraph_xtcu6_10 layout-component text-serif-m layout-normal text-serif-m layout-padded\">\u2013 Jeg er helt overbevist om at hvis flere pasienter hadde v\u00e6rt innlagt p\u00e5 institusjon, s\u00e5 hadde de levd lenger, blitt friskere, og de hadde ruset seg mindre.<\/p>\n","protected":false},"excerpt":{"rendered":"Norges fremste rettspsykiater, Randi Rosenqvist, advarer om at flere alvorlig syke f\u00e5r hjelp for sent If\u00f8lge en VG-kartlegging&hellip;\n","protected":false},"author":2,"featured_media":123465,"comment_status":"","ping_status":"","sticky":false,"template":"","format":"standard","meta":{"footnotes":""},"categories":[5],"tags":[20,21,377,24,25,15,19,1957,22,23,17,18,13,30,28,29,14,16,686,14615,26,27],"class_list":{"0":"post-123464","1":"post","2":"type-post","3":"status-publish","4":"format-standard","5":"has-post-thumbnail","7":"category-overskrifter","8":"tag-breaking-news","9":"tag-breakingnews","10":"tag-drap","11":"tag-featured-news","12":"tag-featurednews","13":"tag-headlines","14":"tag-hovedoppslag","15":"tag-kripos","16":"tag-latest-news","17":"tag-latestnews","18":"tag-main-news","19":"tag-mainnews","20":"tag-news","21":"tag-no","22":"tag-norge","23":"tag-norway","24":"tag-nyheter","25":"tag-overskrifter","26":"tag-psykiatri","27":"tag-rettspsykiatri","28":"tag-top-stories","29":"tag-topstories"},"share_on_mastodon":{"url":"https:\/\/pubeurope.com\/@no\/115801789893540712","error":""},"_links":{"self":[{"href":"https:\/\/www.europesays.com\/no\/wp-json\/wp\/v2\/posts\/123464","targetHints":{"allow":["GET"]}}],"collection":[{"href":"https:\/\/www.europesays.com\/no\/wp-json\/wp\/v2\/posts"}],"about":[{"href":"https:\/\/www.europesays.com\/no\/wp-json\/wp\/v2\/types\/post"}],"author":[{"embeddable":true,"href":"https:\/\/www.europesays.com\/no\/wp-json\/wp\/v2\/users\/2"}],"replies":[{"embeddable":true,"href":"https:\/\/www.europesays.com\/no\/wp-json\/wp\/v2\/comments?post=123464"}],"version-history":[{"count":0,"href":"https:\/\/www.europesays.com\/no\/wp-json\/wp\/v2\/posts\/123464\/revisions"}],"wp:featuredmedia":[{"embeddable":true,"href":"https:\/\/www.europesays.com\/no\/wp-json\/wp\/v2\/media\/123465"}],"wp:attachment":[{"href":"https:\/\/www.europesays.com\/no\/wp-json\/wp\/v2\/media?parent=123464"}],"wp:term":[{"taxonomy":"category","embeddable":true,"href":"https:\/\/www.europesays.com\/no\/wp-json\/wp\/v2\/categories?post=123464"},{"taxonomy":"post_tag","embeddable":true,"href":"https:\/\/www.europesays.com\/no\/wp-json\/wp\/v2\/tags?post=123464"}],"curies":[{"name":"wp","href":"https:\/\/api.w.org\/{rel}","templated":true}]}}