{"id":123466,"date":"2025-12-29T07:57:08","date_gmt":"2025-12-29T07:57:08","guid":{"rendered":"https:\/\/www.europesays.com\/no\/123466\/"},"modified":"2025-12-29T07:57:08","modified_gmt":"2025-12-29T07:57:08","slug":"eriksen-ut-mot-amorims-slakt-det-hjalp-ikke","status":"publish","type":"post","link":"https:\/\/www.europesays.com\/no\/123466\/","title":{"rendered":"Eriksen ut mot Amorims slakt: \u2013 Det hjalp ikke"},"content":{"rendered":"\n<p class=\"_lead_o9xde_2 _lead_xtcu6_50 layout-component text-serif-m layout-normal text-serif-l layout-component layout-wide layout-padded _wide_17hqh_1 layout-padded\">Ruben Amorims uttalelser om at Manchester Uniteds mannskap var for d\u00e5rlig, ble ikke godt mottatt av klubbens tidligere midtbanespiller Christian Eriksen.<\/p>\n<p><img alt=\"Christian Eriksen var ikke helt forn\u00f8yd med Ruben Amorims uttalelser om kvaliteten p\u00e5 Manchester United-troppen.  Foto: Luis Vieira \/ AP \/ NTB\" class=\"_image_qp4xg_65 layout-component layout-wide\" data-fullscreen- data-track-element-type=\"Article image fullscreen\" data-track-name=\"ImageFullscreen\" fetchpriority=\"high\" decoding=\"sync\" loading=\"eager\" height=\"1880\" itemprop=\"image\"  src=\"https:\/\/www.europesays.com\/no\/wp-content\/uploads\/2025\/12\/15d980e4-122d-4f09-8872-1ac1eb317aea.jpeg\"  style=\"object-position:0% 0%\" width=\"2820\"\/>Christian Eriksen var ikke helt forn\u00f8yd med Ruben Amorims uttalelser om kvaliteten p\u00e5 Manchester United-troppen.  Foto: Luis Vieira \/ AP \/ NTB<\/p>\n<ul aria-hidden=\"true\" class=\"_images_ntbth_112\">\n<li><a class=\"_link_ntbth_117\" href=\"https:\/\/www.vg.no\/forfatter\/ntb\" style=\"z-index:1\" title=\"NTB\" rel=\"nofollow noopener\" target=\"_blank\"><img alt=\"Bilde av NTB\" class=\"_image_ntbth_93\" fetchpriority=\"low\" loading=\"lazy\" decoding=\"async\" itemprop=\"image\"  src=\"https:\/\/www.europesays.com\/no\/wp-content\/uploads\/2025\/12\/c33980b0-5d07-4027-84a1-813f90a7c8d6.png\"  width=\"480\"\/><\/a><\/li>\n<\/ul>\n<p> Oppdatert mandag 29. desember kl. 08:08     <\/p>\n<p class=\"_paragraph_o9xde_4 _paragraph_xtcu6_10 layout-component text-serif-m layout-normal text-serif-m layout-padded\">I januar uttalte Amorim til pressen at United-troppen han ledet, muligens var den verste i klubbens historie. Det falt naturlig nok ikke i god jord blant spillergruppen, som Eriksen da var en del av.<\/p>\n<p class=\"_paragraph_o9xde_4 _paragraph_xtcu6_10 layout-component text-serif-m layout-normal text-serif-m layout-padded\">\u2013 Jeg synes ikke det hjalp spillerne overhodet. Noen ting kan man si internt. Det var kanskje ikke det lureste \u00e5 si til omverdenen og legge ekstra press og stempel p\u00e5 spillerne.<\/p>\n<p class=\"_paragraph_o9xde_4 _paragraph_xtcu6_10 layout-component text-serif-m layout-normal text-serif-m layout-padded\"> \u2013 Uansett om han hadde rett eller ikke, s\u00e5 var det for oss s\u00e5nn: \u00abOkay, her er vi igjen. Enda en overskrift\u00bb, sier Eriksen til <a href=\"https:\/\/www.thetimes.com\/sport\/football\/article\/christian-eriksen-manchester-united-history-burden-roy-keane-tottenham-6jzn7z7zv\" class=\"_link_o9xde_39\" rel=\"nofollow noopener\" target=\"_blank\">The Sunday Times<\/a>.<\/p>\n<p class=\"_paragraph_o9xde_4 _paragraph_xtcu6_10 layout-component text-serif-m layout-normal text-serif-m layout-padded\">Den danske midtbanespilleren var med p\u00e5 \u00e5 vinne b\u00e5de ligacupen og FA-cupen med Manchester United, under Erik ten Hags ledelse. 33-\u00e5ringen stusset over hvordan klubben feiret cuptriumfene.<\/p>\n<p class=\"_paragraph_o9xde_4 _paragraph_xtcu6_10 layout-component text-serif-m layout-normal text-serif-m layout-padded\">\u2013 Det merkeligste var at man i Manchester United ikke skikkelig feirer \u00e5 vinne ligacupen eller FA-cupen. Det var bare en normal, liten dag fordi klubben er s\u00e5 stor, at det bare betyr noe n\u00e5r man vinner <a href=\"https:\/\/www.vg.no\/tag\/premier-league?utm_source=vg-article&amp;utm_medium=auto-tagger&amp;utm_campaign=xrPwbp\" class=\"_link_o9xde_39\" rel=\"nofollow noopener\" target=\"_blank\">Premier League<\/a> eller Champions League.<\/p>\n<p class=\"_paragraph_o9xde_4 _paragraph_xtcu6_10 layout-component text-serif-m layout-normal text-serif-m layout-padded\">I sommer forlot Eriksen Manchester United og England. 33-\u00e5ringen spiller n\u00e5 for den tyske klubben Wolfsburg.<\/p>\n","protected":false},"excerpt":{"rendered":"Ruben Amorims uttalelser om at Manchester Uniteds mannskap var for d\u00e5rlig, ble ikke godt mottatt av klubbens tidligere&hellip;\n","protected":false},"author":2,"featured_media":123467,"comment_status":"","ping_status":"","sticky":false,"template":"","format":"standard","meta":{"footnotes":""},"categories":[59],"tags":[10846,158,30,28,29,161,192,83,82],"class_list":{"0":"post-123466","1":"post","2":"type-post","3":"status-publish","4":"format-standard","5":"has-post-thumbnail","7":"category-sport","8":"tag-christian-eriksen","9":"tag-manchester-united","10":"tag-no","11":"tag-norge","12":"tag-norway","13":"tag-premier-league","14":"tag-ruben-amorim","15":"tag-sport","16":"tag-sports"},"share_on_mastodon":{"url":"https:\/\/pubeurope.com\/@no\/115801794027102806","error":""},"_links":{"self":[{"href":"https:\/\/www.europesays.com\/no\/wp-json\/wp\/v2\/posts\/123466","targetHints":{"allow":["GET"]}}],"collection":[{"href":"https:\/\/www.europesays.com\/no\/wp-json\/wp\/v2\/posts"}],"about":[{"href":"https:\/\/www.europesays.com\/no\/wp-json\/wp\/v2\/types\/post"}],"author":[{"embeddable":true,"href":"https:\/\/www.europesays.com\/no\/wp-json\/wp\/v2\/users\/2"}],"replies":[{"embeddable":true,"href":"https:\/\/www.europesays.com\/no\/wp-json\/wp\/v2\/comments?post=123466"}],"version-history":[{"count":0,"href":"https:\/\/www.europesays.com\/no\/wp-json\/wp\/v2\/posts\/123466\/revisions"}],"wp:featuredmedia":[{"embeddable":true,"href":"https:\/\/www.europesays.com\/no\/wp-json\/wp\/v2\/media\/123467"}],"wp:attachment":[{"href":"https:\/\/www.europesays.com\/no\/wp-json\/wp\/v2\/media?parent=123466"}],"wp:term":[{"taxonomy":"category","embeddable":true,"href":"https:\/\/www.europesays.com\/no\/wp-json\/wp\/v2\/categories?post=123466"},{"taxonomy":"post_tag","embeddable":true,"href":"https:\/\/www.europesays.com\/no\/wp-json\/wp\/v2\/tags?post=123466"}],"curies":[{"name":"wp","href":"https:\/\/api.w.org\/{rel}","templated":true}]}}