{"id":123469,"date":"2025-12-29T08:01:02","date_gmt":"2025-12-29T08:01:02","guid":{"rendered":"https:\/\/www.europesays.com\/no\/123469\/"},"modified":"2025-12-29T08:01:02","modified_gmt":"2025-12-29T08:01:02","slug":"mg-gjorde-comeback-i-norge-fra-konkurs-til-suksess","status":"publish","type":"post","link":"https:\/\/www.europesays.com\/no\/123469\/","title":{"rendered":"MG gjorde comeback i Norge: Fra konkurs til suksess"},"content":{"rendered":"<p>        Saken oppsummert<\/p>\n<ul lang=\"nb-NO\">\n<li>MG Rover Group gikk konkurs i 2005, men MG ble gjenopplivet i Kina av SAIC.<\/li>\n<li>Etter 13 \u00e5rs pause kom MG tilbake til Norge som elbilmerke i 2019.<\/li>\n<li>Salget har \u00f8kt jevnt, med 4591 solgte biler i fjor og forventninger om ytterligere vekst.<\/li>\n<li>MG er n\u00e5 blant de mest solgte bilmerkene i Norge, med en sterk posisjon i et konkurransepreget marked.<\/li>\n<\/ul>\n<p class=\"italic ai-disclaimer\" data-lab-italic=\"italic\">Oppsummeringen er laget med kunstig intelligens (KI) fra OpenAI. Innholdet er kvalitetssikret av TV 2s journalister. <a target=\"_blank\" href=\"https:\/\/hjelp.tv2.no\/info\/artikkel\/slik-jobber-vi-med-ki-i-tv-2\" title=\"Les om hvordan vi jobber med KI\" rel=\"nofollow noopener\">Les om hvordan vi jobber med KI<\/a><\/p>\n<p>Da MG Rover Group ble sl\u00e5tt konkurs tilbake i 2005, var det slutten p\u00e5 en lang historie. De var den siste, store britisk-eide bilprodusenten. Og konkursen kom etter en historie preget av opp- og nedturer, med de siste i et ganske klart flertall.\u00a0<\/p>\n<p>Dette kunne ogs\u00e5 blitt slutten for en sterk merkevare. Men MG fikk snart et nytt liv i Kina, eid av bilgiganten SAIC.<\/p>\n<p>Her i Norge ble det siste eksemplaret fra \u00abgamle\u00bb MG solgt i 2006. S\u00e5 ble det 13 \u00e5rs pause, f\u00f8r MG gjorde comeback som elbilmerke her til lands. Og det viste seg snart \u00e5 bli en suksess.<\/p>\n<p>        <img class=\"image__img lazyload\" itemprop=\"image\" title=\"Foto: MG Rover\" alt=\"DE SISTE: P\u00e5 slutten solgte MG spesialutgaver av Rover-modeller. MG ZT (bildet over) var i praksis samme bil som Rover 75, men med enkelte modifiseringen. Denne ble det ogs\u00e5 solgt et lite antall av i Norge. Foto: MG Rover\" width=\"675\" height=\"399\" bad-src=\"https:\/\/www.europesays.com\/no\/wp-content\/uploads\/2025\/12\/14444233.webp.jpeg\" fetchpriority=\"auto\" \/><\/p>\n<p>      DE SISTE: P\u00e5 slutten solgte MG spesialutgaver av Rover-modeller. MG ZT (bildet over) var i praksis samme bil som Rover 75, men med enkelte modifiseringen. Denne ble det ogs\u00e5 solgt et lite antall av i Norge.<br \/>\n         Foto: MG Rover<\/p>\n<p>Startet med \u00e9n modell\u00a0<\/p>\n<p>Det startet med tre (!) biler i 2019. I 2020 ble det 3720. S\u00e5 gikk det litt ned i 2021, til 3111 eksemplarer. S\u00e5 opp til 4241 i 2022. Deretter har det holdt seg stabilt h\u00f8yt.<\/p>\n<p>I fjor endte salget p\u00e5 4591 biler. Det kan fort bli passert med en god innspurt i \u00e5r.\u00a0<\/p>\n<p>I starten solgte MG bare \u00e9n modell her hjemme. N\u00e5 har antallet \u00f8kt kraftig, samtidig som de ogs\u00e5 har g\u00e5tt inn i flere bilklasser. Nylig med MGS6 som er en familie-SUV med 4&#215;4 og startpris p\u00e5 gunstige 432.000 kroner. Det gir grunnlag for optimisme hos den norske import\u00f8ren:<\/p>\n<p><a href=\"https:\/\/www.tv2.no\/broom\/gikk-konkurs-for-15-ar-siden-na-gjor-de-lavpris-comeback-i-norge\/11063780\/\" rel=\"nofollow noopener\" target=\"_blank\">Her kom nyheten: Klart for lavpris-comeback i Norge\u00a0<\/a><\/p>\n<p>        <img class=\"image__img lazyload\" itemprop=\"image\" title=\"Foto: MG\" alt=\"I GANG: Her rullet de f\u00f8rste eksemplarene av elbilen MG ZS i land i Norge, dermed var ogs\u00e5 comebacket i gang. Foto: MG\" width=\"675\" height=\"379\" bad-src=\"https:\/\/www.europesays.com\/no\/wp-content\/uploads\/2025\/12\/18340548.webp.jpeg\" fetchpriority=\"auto\" \/><\/p>\n<p>      I GANG: Her rullet de f\u00f8rste eksemplarene av elbilen MG ZS i land i Norge, dermed var ogs\u00e5 comebacket i gang.<br \/>\n         Foto: MG<\/p>\n<p>Relativt unge kj\u00f8pere<\/p>\n<p>\u2013 Vi forventer \u00e5 levere vesentlig flere biler i 2026, med fullt<br \/>\nsalgs\u00e5r p\u00e5 samtlige modeller, samt tre nye biler med firehjulstrekk, sier\u00a0Dag Asbj\u00f8rnsen som er kommersiell direkt\u00f8r og PR-ansvarlig\u00a0hos import\u00f8ren Norwegian Mobility Group.\u00a0<\/p>\n<p>Han regner med at nettopp MGS6\u00a0 blir en av de mestselgende modellene i 2026.<\/p>\n<p>\u2013 Hvordan ser den typiske MG-kunden ut?\u00a0<\/p>\n<p>\u00a0\u2013 61 prosent av registrerte eiere er menn, andelen for alle merker i Norge ligger her p\u00e5 rundt 70 prosent. Medianalder er 47 \u00e5r, det er ogs\u00e5 litt yngre enn for alle merker under ett, der er den p\u00e5 51 \u00e5r, forteller Asbj\u00f8rnsen.<\/p>\n<p> <a href=\"http:\/\/www.tv2.no\/a\/3030134\" rel=\"nofollow noopener\" target=\"_blank\">Rester fra konkursboet, sjekk denne!<\/a> <\/p>\n<p>        <img class=\"image__img lazyload\" itemprop=\"image\" title=\"\" alt=\"BLIR VIKTIG: VI i Broom m\u00f8tte nye MGS6 f\u00f8rste gang i h\u00f8st, i England. Den ligger an til \u00e5 bli sv\u00e6rt viktig for merket her hjemme i 2026.\" width=\"978\" height=\"551\" bad-src=\"https:\/\/www.europesays.com\/no\/wp-content\/uploads\/2025\/12\/18309688.webp.jpeg\" fetchpriority=\"auto\" \/><\/p>\n<p>      BLIR VIKTIG: VI i Broom m\u00f8tte nye MGS6 f\u00f8rste gang i h\u00f8st, i England. Den ligger an til \u00e5 bli sv\u00e6rt viktig for merket her hjemme i 2026.<\/p>\n<p>Posisjonert seg godt<\/p>\n<p>Da de f\u00f8rste bilene kom til landet i 2019, var MG f\u00f8rst ute blant de nye, kinesiske bilmerkene. Siden har de f\u00e5tt f\u00f8lge av sv\u00e6rt mange.<\/p>\n<p>Men langt fra alle har klart \u00e5 markere seg p\u00e5 salgsstatistikkene. Ved utgangen av november var MG p\u00e5 12. plass blant de mest solgte bilmerkene i Norge. P\u00e5 plassen bak, fulgte henholdsvis BYD og Xpeng. Deretter var det langt ned til neste merke p\u00e5 lista.<\/p>\n<p>N\u00e5 er det rekordmange bilmerker p\u00e5 det norske markedet. Samtidig er flere nye annonsert p\u00e5 vei inn. Det betyr beinhard konkurranse og p\u00e5 sikt at det neppe kan v\u00e6re marked for alle. Slik sett har MG ogs\u00e5 posisjonert seg godt sammenlignet med mange andre.\u00a0<\/p>\n<p><a href=\"https:\/\/www.tv2.no\/broom\/sa-billig-er-ny-toppmodell\/18309054\/\" rel=\"nofollow noopener\" target=\"_blank\">LES MER: S\u00e5 billig er den nye toppmodellen<\/a><\/p>\n<p>    <a class=\"article__link\" data-ga-active-label=\"\" data-ga-active-label-animation=\"\" href=\"https:\/\/www.tv2.no\/broom\/5-ting-du-bor-vite-om-prisbomben\/18324887\/\" rel=\"nofollow noopener\" target=\"_blank\"><\/p>\n<p>    <img class=\"image__img lazyload\" itemprop=\"image\" title=\"\" alt=\"\" width=\"978\" height=\"411\" bad-src=\"https:\/\/www.europesays.com\/no\/wp-content\/uploads\/2025\/12\/18309679.webp.jpeg\" fetchpriority=\"auto\" \/><\/p>\n<p>            5 ting du b\u00f8r vite om prisbomben<\/p>\n<p>    <\/a><\/p>\n<p>\u00a0<\/p>\n<p>\u00a0<\/p>\n<p>\u00a0<\/p>\n","protected":false},"excerpt":{"rendered":"Saken oppsummert MG Rover Group gikk konkurs i 2005, men MG ble gjenopplivet i Kina av SAIC. Etter&hellip;\n","protected":false},"author":2,"featured_media":123470,"comment_status":"","ping_status":"","sticky":false,"template":"","format":"standard","meta":{"footnotes":""},"categories":[56],"tags":[60,61,62,30,28,29],"class_list":{"0":"post-123469","1":"post","2":"type-post","3":"status-publish","4":"format-standard","5":"has-post-thumbnail","7":"category-naeringsliv","8":"tag-business","9":"tag-economy","10":"tag-naeringsliv","11":"tag-no","12":"tag-norge","13":"tag-norway"},"share_on_mastodon":{"url":"https:\/\/pubeurope.com\/@no\/115801809462390241","error":""},"_links":{"self":[{"href":"https:\/\/www.europesays.com\/no\/wp-json\/wp\/v2\/posts\/123469","targetHints":{"allow":["GET"]}}],"collection":[{"href":"https:\/\/www.europesays.com\/no\/wp-json\/wp\/v2\/posts"}],"about":[{"href":"https:\/\/www.europesays.com\/no\/wp-json\/wp\/v2\/types\/post"}],"author":[{"embeddable":true,"href":"https:\/\/www.europesays.com\/no\/wp-json\/wp\/v2\/users\/2"}],"replies":[{"embeddable":true,"href":"https:\/\/www.europesays.com\/no\/wp-json\/wp\/v2\/comments?post=123469"}],"version-history":[{"count":0,"href":"https:\/\/www.europesays.com\/no\/wp-json\/wp\/v2\/posts\/123469\/revisions"}],"wp:featuredmedia":[{"embeddable":true,"href":"https:\/\/www.europesays.com\/no\/wp-json\/wp\/v2\/media\/123470"}],"wp:attachment":[{"href":"https:\/\/www.europesays.com\/no\/wp-json\/wp\/v2\/media?parent=123469"}],"wp:term":[{"taxonomy":"category","embeddable":true,"href":"https:\/\/www.europesays.com\/no\/wp-json\/wp\/v2\/categories?post=123469"},{"taxonomy":"post_tag","embeddable":true,"href":"https:\/\/www.europesays.com\/no\/wp-json\/wp\/v2\/tags?post=123469"}],"curies":[{"name":"wp","href":"https:\/\/api.w.org\/{rel}","templated":true}]}}