{"id":123473,"date":"2025-12-29T08:03:10","date_gmt":"2025-12-29T08:03:10","guid":{"rendered":"https:\/\/www.europesays.com\/no\/123473\/"},"modified":"2025-12-29T08:03:10","modified_gmt":"2025-12-29T08:03:10","slug":"alle-elsker-david-david-eriksen","status":"publish","type":"post","link":"https:\/\/www.europesays.com\/no\/123473\/","title":{"rendered":"\u00abAlle elsker David\u00bb: David Eriksen:"},"content":{"rendered":"<p>        Saken oppsummert<\/p>\n<ul lang=\"nb-NO\">\n<li>David Eriksen har hatt et utfordrende \u00e5r med mye sinne og stress.<\/li>\n<li>Den nye sesongen av \u00abAlle elsker David\u00bb viser en annerledes side av Eriksen.<\/li>\n<li>Arbeidspress og mangel p\u00e5 alenetid har p\u00e5virket hans hum\u00f8r negativt.<\/li>\n<li>Familiehunden Ellie har bidratt til \u00e5 bedre stemningen hjemme.<\/li>\n<\/ul>\n<p class=\"italic ai-disclaimer\" data-lab-italic=\"italic\">Oppsummeringen er laget med kunstig intelligens (KI) fra OpenAI. Innholdet er kvalitetssikret av TV 2s journalister. <a target=\"_blank\" href=\"https:\/\/hjelp.tv2.no\/info\/artikkel\/slik-jobber-vi-med-ki-i-tv-2\" title=\"Les om hvordan vi jobber med KI\" rel=\"nofollow noopener\">Les om hvordan vi jobber med KI<\/a><\/p>\n<p>\u2013 Det har ikke v\u00e6rt mitt beste \u00e5r. Jeg har v\u00e6rt veldig mye sint, sur og sliten, sier han til TV 2.\u00a0<\/p>\n<p>Mandag ble den syvende sesongen av TV 2-serien \u00abAlle elsker David\u00bb sparket i gang.<\/p>\n<p>Og i kjent stil slipper den 58 \u00e5r gamle manageren seerne tett innp\u00e5 sitt eget jobb- og familieliv.<\/p>\n<p class=\"bold m-bold\" data-lab-font_weight=\"bold\">Men nytt av sesongen, er at det er en litt annerledes Eriksen man f\u00e5r se sammenlignet med tidligere.\u00a0<\/p>\n<p>\u2013 Man har en hundre prosent stilling, ogs\u00e5 har man innspilling av dette programmet i tillegg, s\u00e5 det tar p\u00e5. Det har v\u00e6rt mye som har skjedd p\u00e5 jobben, noe som har v\u00e6rt vanskelig \u00e5 samkj\u00f8re med det som skjer oppi hodet, n\u00e5r man kommer hjem og ellers har en flott hverdag, sier han f\u00f8r han fortsetter:<\/p>\n<p class=\"bold m-bold\" data-lab-font_weight=\"bold\">\u2013 S\u00e5 for meg har dette \u00e5ret v\u00e6rt veldig rart. Jeg f\u00f8ler jeg har v\u00e6rt en sint David.<\/p>\n<p>\u2013 Det er synd<\/p>\n<p>If\u00f8lge ham selv, er det de hjemme som har f\u00e5tt gjennomg\u00e5 mest n\u00e5r sinnet har vist sin ankomst.<\/p>\n<p>        <img class=\"image__img lazyload\" itemprop=\"image\" title=\"Foto: Ingvild Gjerdsj\u00f8 \/ TV 2\" alt=\"NY SESONG: I den nye sesongen av \u00abAlle elsker David\u00bb f\u00e5r man se en litt annen Eriksen enn man er vant til fra f\u00f8r av. Foto: Ingvild Gjerdsj\u00f8 \/ TV 2\" width=\"675\" height=\"379\" bad-src=\"https:\/\/www.europesays.com\/no\/wp-content\/uploads\/2025\/12\/18400174.webp.jpeg\" fetchpriority=\"auto\" \/><\/p>\n<p>      NY SESONG: I den nye sesongen av \u00abAlle elsker David\u00bb f\u00e5r man se en litt annen Eriksen enn man er vant til fra f\u00f8r av.<br \/>\n         Foto: Ingvild Gjerdsj\u00f8 \/ TV 2<\/p>\n<p>\u2013 Du har ikke bare v\u00e6rt sint, da. Men litt sint, skyter kj\u00e6resten Louise Angelica Riise (35) inn.<\/p>\n<p>\u2013 Men jeg har v\u00e6rt mer sint enn jeg har v\u00e6rt noen gang. Det er ingen som gj\u00f8r noe feil, det er bare volumet av ting som skjer. Prosjekter som skulle blitt gjort, men som m\u00e5 legges p\u00e5 is. Og budsjettet som ikke n\u00e5r opp slik vi \u00f8nsker, svarer han.<\/p>\n<p>Eriksen eier managementet Eccentric People, som blant annet de kjente profilene Tone Damli (37) og Alexandra Joner (35) er en del av.<\/p>\n<p class=\"bold m-bold\" data-lab-font_weight=\"bold\">Dette \u00e5ret har han oppdaget at managementet er i en s\u00e5rbar situasjon.\u00a0N\u00e5r det skjer uforutsette ting med bedriftens profiler, og ansatte blir sykemeldt i en lang periode, s\u00e5 p\u00e5virker det ham.<\/p>\n<p>    <a class=\"article__link\" data-ga-active-label=\"\" data-ga-active-label-animation=\"\" href=\"https:\/\/www.tv2.no\/underholdning\/forste-julaften-uten-sonnen-veldig-sart\/18396963\/\" rel=\"nofollow noopener\" target=\"_blank\"><\/p>\n<p>    <img class=\"image__img lazyload\" itemprop=\"image\" title=\"\" alt=\"\" width=\"978\" height=\"411\" bad-src=\"https:\/\/www.europesays.com\/no\/wp-content\/uploads\/2025\/12\/18397334.webp.jpeg\" fetchpriority=\"auto\" \/><\/p>\n<p>\n            F\u00f8rste julaften uten s\u00f8nnen: \u2013 Veldig s\u00e5rt\n        <\/p>\n<p>    <\/a><\/p>\n<p>\u2013 Summen blir da at jeg ikke er den morsomste versjonen av David n\u00e5r jeg kommer hjem, og det er synd.<\/p>\n<p>Og dette er noe Eriksen tror at vil komme noks\u00e5 godt frem i den nye sesongen av programmet.<\/p>\n<p>\u2013\u00a0 Det viktigste av alt er at det viser\u00a0hvor s\u00e5rbare vi er som bedrift.\u00a0S\u00e5 det vil man kanskje f\u00e5 et innblikk i denne sesongen, sier han.<\/p>\n<p>Lite alenetid<\/p>\n<p>58-\u00e5ringen er h\u00f8yt ettertraktet b\u00e5de p\u00e5 arbeidsplassen og p\u00e5 hjemmebane. S\u00e5 alenetid blir det heller ikke mye av.<\/p>\n<p class=\"bold m-bold\" data-lab-font_weight=\"bold\">\u2013 Jeg har ingen steder \u00e5 \u00abgjemme\u00bb meg, verken p\u00e5 kontoret eller hjemme.\u00a0 S\u00e5 det har nok gjort at jeg kanskje har v\u00e6rt en mer grinete og surere utgave av meg selv, enn det jeg har v\u00e6rt p\u00e5 lenge, sier han f\u00f8r han ser sp\u00f8rrende p\u00e5 kj\u00e6resten:<\/p>\n<p>        <img class=\"image__img lazyload\" itemprop=\"image\" title=\"Foto: Ingvild Gjerdsj\u00f8 \/ TV 2\" alt=\"ALENETID: Gjengen i \u00abAlle elsker David\u00bb ser mye til hverandre, og det er ikke alltid at hovedpersonen selv f\u00e5r s\u00e5 mye alenetid. Foto: Ingvild Gjerdsj\u00f8 \/ TV 2\" width=\"675\" height=\"379\" bad-src=\"https:\/\/www.europesays.com\/no\/wp-content\/uploads\/2025\/12\/18397358.webp.jpeg\" fetchpriority=\"auto\" \/><\/p>\n<p>      ALENETID: Gjengen i \u00abAlle elsker David\u00bb ser mye til hverandre, og det er ikke alltid at hovedpersonen selv f\u00e5r s\u00e5 mye alenetid.<br \/>\n         Foto: Ingvild Gjerdsj\u00f8 \/ TV 2<\/p>\n<p>\u2013\u00a0 Men det har vel blitt bedre de siste ukene? <\/p>\n<p>\u2013 Ja da, det har det.\u00a0Jeg har veldig mye forst\u00e5else, og jeg kan sette meg selv i hans situasjon. Jeg vet at jeg hadde klikket for lenge siden, n\u00e5r man bare aldri har den alenetiden, svarer Riise.<\/p>\n<p>Og for Eriksen gj\u00f8r det ingen ting at det tidvis vil komme frem en litt annen versjon av ham selv, enn det seerne kanskje er vant til fra tidligere sesonger.<\/p>\n<p class=\"bold m-bold\" data-lab-font_weight=\"bold\">\u2013\u00a0 N\u00e5r vi f\u00f8rst skal vise s\u00e5 mye fra livet som vi gj\u00f8r, m\u00e5 vi bare v\u00e6re \u00e6rlige. Hvis vi skal g\u00e5 rundt og lyve&#8230; det er ikke noe poeng, sier han.<\/p>\n<p>\u2013 Hver sesong tenker jeg at det er mye jeg skulle ha tatt bort, men s\u00e5 er litt av greia at det skal man heller ikke gj\u00f8re. For ellers blir det ikke ekte, legger han til.<\/p>\n<p>Som kj\u00e6resteparet nevnte, har det ikke v\u00e6rt like en sint Eriksen i f\u00f8rjulstiden.<\/p>\n<p>        <img class=\"image__img lazyload\" itemprop=\"image\" title=\"Foto: Ingvild Gjerdsj\u00f8 \/ TV 2\" alt=\"SJARMERENDE: Pomeranian-valpen Ellie har sjarmert David Eriksen i senk. Foto: Ingvild Gjerdsj\u00f8 \/ TV 2\" width=\"978\" height=\"551\" bad-src=\"https:\/\/www.europesays.com\/no\/wp-content\/uploads\/2025\/12\/18400245.webp.jpeg\" fetchpriority=\"auto\" \/><\/p>\n<p>      SJARMERENDE: Pomeranian-valpen Ellie har sjarmert David Eriksen i senk.<br \/>\n         Foto: Ingvild Gjerdsj\u00f8 \/ TV 2<\/p>\n<p class=\"bold m-bold\" data-lab-font_weight=\"bold\">Det har nemlig det nyeste familiemedlemmet, Ellie, v\u00e6rt med p\u00e5 \u00e5 s\u00f8rge for.<\/p>\n<p>\u2013 Det er akkurat som han har smeltet. N\u00e5 kommer han ikke hjem og er sint, n\u00e5r har han en liten pelsdott som er helt fra seg av glede n\u00e5r han kommer hjem, sier Riise.<\/p>\n<p>\u2013 Jeg blir alts\u00e5 s\u00e5 sjarmert, legger Eriksen til.<\/p>\n","protected":false},"excerpt":{"rendered":"Saken oppsummert David Eriksen har hatt et utfordrende \u00e5r med mye sinne og stress. Den nye sesongen av&hellip;\n","protected":false},"author":2,"featured_media":123474,"comment_status":"","ping_status":"","sticky":false,"template":"","format":"standard","meta":{"footnotes":""},"categories":[10],"tags":[20,21,24,25,15,22,23,13,30,28,29,14,16,26,27],"class_list":{"0":"post-123473","1":"post","2":"type-post","3":"status-publish","4":"format-standard","5":"has-post-thumbnail","7":"category-norge","8":"tag-breaking-news","9":"tag-breakingnews","10":"tag-featured-news","11":"tag-featurednews","12":"tag-headlines","13":"tag-latest-news","14":"tag-latestnews","15":"tag-news","16":"tag-no","17":"tag-norge","18":"tag-norway","19":"tag-nyheter","20":"tag-overskrifter","21":"tag-top-stories","22":"tag-topstories"},"share_on_mastodon":{"url":"https:\/\/pubeurope.com\/@no\/115801817397523114","error":""},"_links":{"self":[{"href":"https:\/\/www.europesays.com\/no\/wp-json\/wp\/v2\/posts\/123473","targetHints":{"allow":["GET"]}}],"collection":[{"href":"https:\/\/www.europesays.com\/no\/wp-json\/wp\/v2\/posts"}],"about":[{"href":"https:\/\/www.europesays.com\/no\/wp-json\/wp\/v2\/types\/post"}],"author":[{"embeddable":true,"href":"https:\/\/www.europesays.com\/no\/wp-json\/wp\/v2\/users\/2"}],"replies":[{"embeddable":true,"href":"https:\/\/www.europesays.com\/no\/wp-json\/wp\/v2\/comments?post=123473"}],"version-history":[{"count":0,"href":"https:\/\/www.europesays.com\/no\/wp-json\/wp\/v2\/posts\/123473\/revisions"}],"wp:featuredmedia":[{"embeddable":true,"href":"https:\/\/www.europesays.com\/no\/wp-json\/wp\/v2\/media\/123474"}],"wp:attachment":[{"href":"https:\/\/www.europesays.com\/no\/wp-json\/wp\/v2\/media?parent=123473"}],"wp:term":[{"taxonomy":"category","embeddable":true,"href":"https:\/\/www.europesays.com\/no\/wp-json\/wp\/v2\/categories?post=123473"},{"taxonomy":"post_tag","embeddable":true,"href":"https:\/\/www.europesays.com\/no\/wp-json\/wp\/v2\/tags?post=123473"}],"curies":[{"name":"wp","href":"https:\/\/api.w.org\/{rel}","templated":true}]}}