{"id":123475,"date":"2025-12-29T08:04:16","date_gmt":"2025-12-29T08:04:16","guid":{"rendered":"https:\/\/www.europesays.com\/no\/123475\/"},"modified":"2025-12-29T08:04:16","modified_gmt":"2025-12-29T08:04:16","slug":"heidi-weng-har-bestemt-seg","status":"publish","type":"post","link":"https:\/\/www.europesays.com\/no\/123475\/","title":{"rendered":"Heidi Weng har bestemt seg"},"content":{"rendered":"<p>Denne gangen f\u00f8lger hun ikke i fotsporene til Marit Bj\u00f8rgen.<\/p>\n<p>I over 20 \u00e5r har Norge hatt Marit Bj\u00f8rgen, Therese Johaug eller Heidi Weng p\u00e5 startstreken.\u00a0<\/p>\n<p>Ofte har de st\u00e5tt der sammen.\u00a0<\/p>\n<p>Vinterens OL i Italia blir det siste for den eneste i trioen som fortsatt er aktiv.\u00a0<\/p>\n<p>Heidi Weng har bestemt seg for n\u00e5r hun legger skiene p\u00e5 hylla.\u00a0<\/p>\n<p>        <img class=\"image__img lazyload\" itemprop=\"image\" title=\"Foto: Yngve Sem Pedersen \/ TV 2\" alt=\"BESTEMT SEG: Heidi Weng vet n\u00e5r hun skal legge skiene p\u00e5 hylla. Foto: Yngve Sem Pedersen \/ TV 2\" width=\"675\" height=\"534\" bad-src=\"https:\/\/www.europesays.com\/no\/wp-content\/uploads\/2025\/12\/18396566.webp.jpeg\" fetchpriority=\"auto\" \/><\/p>\n<p>      BESTEMT SEG: Heidi Weng vet n\u00e5r hun skal legge skiene p\u00e5 hylla.<br \/>\n         Foto: Yngve Sem Pedersen \/ TV 2<\/p>\n<p>F\u00f8rst skal hun jakte en \u00e5relang dr\u00f8m.\u00a0<\/p>\n<p>\u2013 Det er viktig for meg\u00a0<\/p>\n<p>TV 2 m\u00f8ter Heidi Weng og Marit Bj\u00f8rgen i svenske Torsby. De to har mistet tellingen over hvor mange samlinger de har v\u00e6rt p\u00e5 sammen. <\/p>\n<p>I dette intervjuet avsl\u00f8rer de detaljer fra et langt vennskap i langrennssporet.\u00a0<\/p>\n<p>P\u00e5 denne samlingen har Weng flyttet inn p\u00e5 hytta sammen med Bj\u00f8rgen og de andre trenerne. Hun har rykket opp til\u00a0\u00abvoksenhytta\u00bb, som hun sier selv. <\/p>\n<p>        <img class=\"image__img lazyload\" itemprop=\"image\" title=\"Foto: Magnus Windelstad \/ TV 2\" alt=\"ELDST: Weng f\u00f8ler seg fortsatt ung, men er blitt den mest rutinerte l\u00f8peren i laget. Foto: Magnus Windelstad \/ TV 2\" width=\"675\" height=\"500\" bad-src=\"https:\/\/www.europesays.com\/no\/wp-content\/uploads\/2025\/12\/18396597.webp.jpeg\" fetchpriority=\"auto\" \/><\/p>\n<p>      ELDST: Weng f\u00f8ler seg fortsatt ung, men er blitt den mest rutinerte l\u00f8peren i laget.<br \/>\n         Foto: Magnus Windelstad \/ TV 2<\/p>\n<p>\u2013 N\u00e5r jeg er p\u00e5 samling n\u00e5, s\u00e5 er jeg jo eldst. Det merker jeg, at jeg fortsatt f\u00f8ler meg ung og lovende, og s\u00e5 er jeg ikke det, sier Heidi Weng til TV 2.\u00a0<\/p>\n<p>Det er 16 \u00e5r siden hun gikk sitt f\u00f8rste mesterskap for Norge. Siden da har det blitt elleve VM-medaljer.\u00a0<\/p>\n<p>Sakte, men sikkert er Weng blitt den mest rutinerte av l\u00f8perne p\u00e5 landslaget.\u00a0<\/p>\n<p class=\"bold m-bold\" data-lab-font_weight=\"bold\">\u2013 Heidi er en stor hum\u00f8rspreder i gruppa, og en viktig bidragsyter. Det har hun alltid v\u00e6rt, og det merker man fortsatt. tillegg har hun mye kunnskap og er blitt trygg i det hun gj\u00f8r. Og s\u00e5 er hun leken. Hun terger jo de yngre litt og, n\u00e5r hun er i form, sier Bj\u00f8rgen.\u00a0<\/p>\n<p>        <img class=\"image__img lazyload\" itemprop=\"image\" title=\"Foto: Magnus Windelstad \/ TV 2\" alt=\"UOPPGJORT: Heidi Weng er revansjesugen i OL-sammenheng. Foto: Magnus Windelstad \/ TV 2\" width=\"675\" height=\"520\" bad-src=\"https:\/\/www.europesays.com\/no\/wp-content\/uploads\/2025\/12\/18396558.webp.jpeg\" fetchpriority=\"auto\" \/><\/p>\n<p>      UOPPGJORT: Heidi Weng er revansjesugen i OL-sammenheng.<br \/>\n         Foto: Magnus Windelstad \/ TV 2<\/p>\n<p>N\u00e5 er Weng inne p\u00e5 oppl\u00f8pssiden av det som er blitt en eventyrlig langrennskarriere, men den popul\u00e6re 34-\u00e5ringen har noe uoppgjort i skisporet. <\/p>\n<p> Under OL i Sotsji tok den da 23 \u00e5r gamle debutanten bronse p\u00e5 skiatlon. Siden da har det ikke blitt flere medaljer i OL-sammenheng. <\/p>\n<p>\u2013 Jeg har ganske mange VM-medaljer, men jeg mangler p\u00e5 en m\u00e5te den siste. N\u00e5 m\u00e5 jeg pr\u00f8ve \u00e5 v\u00e6re i form n\u00e5r mesterskapet starter, slik at jeg kan starte bra og ikke bare avslutte bra. Det f\u00f8lte jeg at jeg fikk til i Trondheim, sier Weng.\u00a0<\/p>\n<p>Den resterende delen av lekene i Sotsji ble preget av d\u00e5rlige ski. I Pyongchang fire \u00e5r senere ble Wengs beste resultat en 9. plass.\u00a0<\/p>\n<p>Og da den olympiske ilden ble tent i Beijing i 2022, satt langrennsyndlingen isolert p\u00e5 et hotell i Seiser Alm med covidsmitte i kroppen.\u00a0<\/p>\n<p>        <img class=\"image__img lazyload\" itemprop=\"image\" title=\"Foto: Magnus Windelstad \/ TV 2\" alt=\"L\u00c6REMESTER: Heidi Weng begynte tidlig \u00e5 studere teknikken til Marit Bj\u00f8rgen. Foto: Magnus Windelstad \/ TV 2\" width=\"675\" height=\"480\" bad-src=\"https:\/\/www.europesays.com\/no\/wp-content\/uploads\/2025\/12\/18396610.webp.jpeg\" fetchpriority=\"auto\" \/><\/p>\n<p>      L\u00c6REMESTER: Heidi Weng begynte tidlig \u00e5 studere teknikken til Marit Bj\u00f8rgen.<br \/>\n         Foto: Magnus Windelstad \/ TV 2<\/p>\n<p>Istedenfor \u00e5 reise \u00f8stover mot OL og potensielle medaljer, m\u00e5tte Weng reise hjem.\u00a0<\/p>\n<p class=\"italic m-italic\" data-lab-italic=\"italic\">\u2013 F\u00f8ler du at du har noe uoppgjort i OL?\u00a0<\/p>\n<p class=\"no_italic m-no_italic\" data-lab-italic=\"\">\u2013 Ja. Jeg m\u00e5 i hvert fall holde meg frisk. Hvis jeg bare er i form, s\u00e5 kan alt skje, sier Heidi Weng, som snart skal gj\u00f8re seg klart til sitt tredje OL.\u00a0<\/p>\n<p class=\"no_italic m-no_italic\" data-lab-italic=\"\">\u2013 Etter Tour de Ski blir det viktig for meg \u00e5 v\u00e6re hjemme. Jeg finner mest ro hjemme, og det har jeg egentlig alltid gjort. Jeg kommer hjem og henter meg inn igjen og f\u00e5r hvilt mellom slagene. Det er viktig for meg, sier Weng.\u00a0<\/p>\n<p>\u2013 Du kan regne med Heidi\u00a0<\/p>\n<p>Gjennom ti \u00e5r som lagvenninner og etter hvert trener og ut\u00f8ver, har vennskapet mellom Bj\u00f8rgen og Weng v\u00e6rt b\u00e5de nyttig og viktig.\u00a0<\/p>\n<p>        <img class=\"image__img lazyload\" itemprop=\"image\" title=\"Foto: Magnus Windelstad \/ TV 2\" alt=\"TRENER: For to \u00e5r siden fikk Marit Bj\u00f8rgen en ny rolle som landslagstrener. Foto: Magnus Windelstad \/ TV 2\" width=\"675\" height=\"520\" bad-src=\"https:\/\/www.europesays.com\/no\/wp-content\/uploads\/2025\/12\/18396622.webp.jpeg\" fetchpriority=\"auto\" \/><\/p>\n<p>      TRENER: For to \u00e5r siden fikk Marit Bj\u00f8rgen en ny rolle som landslagstrener.<br \/>\n         Foto: Magnus Windelstad \/ TV 2<\/p>\n<p>\u2013\u00a0Jeg tror det jeg har satt mest pris p\u00e5, var at du som\u00a020 \u00e5r gammel jente visste at hvis du spurte Marit om \u00e5 g\u00e5 bak henne for \u00e5 l\u00e6re teknikk, s\u00e5 sa hun aldri nei.\u00a0Selv om jeg var en klegg som pr\u00f8vde \u00e5 holde f\u00f8lge s\u00e5 lenge jeg klarte.\u00a0<\/p>\n<p>\u2013 N\u00e5r du er elleve \u00e5r yngre, s\u00e5 er det veldig stas. Hvis jeg klarte \u00e5 henge p\u00e5 i ett drag, s\u00e5 levde jeg p\u00e5 det i flere \u00e5r. Det \u00e5 kunne f\u00e5 v\u00e6re sammen med og trene med den absolutt beste skil\u00f8peren, selv om jeg var ganske mye d\u00e5rligere, det gj\u00f8r jo at du l\u00e6rer en del, sier Weng.\u00a0<\/p>\n<p>Bj\u00f8rgen, Johaug og det norske laget har v\u00e6rt viktige brikker for Wengs egen utvikling.\u00a0<\/p>\n<p>        <img class=\"image__img lazyload\" itemprop=\"image\" title=\"Foto: Magnus Windelstad \/ TV 2\" alt=\"VENNINNER: Weng og Bj\u00f8rgen har reist sammen p\u00e5 samlinger og konkurranser i \u00e5revis. Foto: Magnus Windelstad \/ TV 2\" width=\"675\" height=\"540\" bad-src=\"https:\/\/www.europesays.com\/no\/wp-content\/uploads\/2025\/12\/18396595.webp.jpeg\" fetchpriority=\"auto\" \/><\/p>\n<p>      VENNINNER: Weng og Bj\u00f8rgen har reist sammen p\u00e5 samlinger og konkurranser i \u00e5revis.<br \/>\n         Foto: Magnus Windelstad \/ TV 2<\/p>\n<p>Men de to skil\u00f8perne er ogs\u00e5 to av grunnene til at Weng fortsatt ikke har individuell gullmedalje, verken i VM eller OL.\u00a0<\/p>\n<p>\u2013 Har du noen gang tenkt at fy fader, n\u00e5 m\u00e5 de legge opp snart?<\/p>\n<p class=\"bold m-bold\" data-lab-font_weight=\"bold\">\u2013 Det har v\u00e6rt en hard klasse \u00e5 kjempe i, s\u00e5 jeg har hatt litt uflaks der, men jeg tror ikke jeg hadde v\u00e6rt der jeg er selv, hvis det ikke hadde v\u00e6rt for de to, og generelt laget jeg var p\u00e5.<\/p>\n<p>        <img class=\"image__img lazyload\" itemprop=\"image\" title=\"Foto: Magnus Windelstad \/ TV 2\" alt=\" Foto: Magnus Windelstad \/ TV 2\" width=\"675\" height=\"507\" bad-src=\"https:\/\/www.europesays.com\/no\/wp-content\/uploads\/2025\/12\/18396640.webp.jpeg\" fetchpriority=\"auto\" \/><\/p>\n<p>         Foto: Magnus Windelstad \/ TV 2<\/p>\n<p>\u2013 S\u00e5 jeg vil jo si at det er plusser og minuser, og jeg har alltid v\u00e6rt veldig glad i treningsfilosofien deres. Selv om jeg har tatt det roligere p\u00e5 langturer, s\u00e5 har jeg trent mye likt, sier Weng.\u00a0<\/p>\n<p>Tidenes vinterolympier har latt seg imponere over venninnens prestasjoner over s\u00e5 mange \u00e5r.\u00a0<\/p>\n<p>\u2013 Heidi har hatt en vanvittig vei. Jeg har jo v\u00e6rt her fra hun var liten, og s\u00e5 at hun lyktes de f\u00f8rste \u00e5rene. S\u00e5 kom det noen tyngre \u00e5r, og det \u00e5 klare \u00e5 komme seg ut av det og tilbake til toppen, det har v\u00e6rt t\u00f8ft, men det er virkelig imponerende, sier Bj\u00f8rgen. <\/p>\n<p>\u2013 Det er jo de sm\u00e5 marginene som har gjort at det ikke har v\u00e6rt enda flere medaljer. Hun er en av de aller beste. Du kan regne med Heidi hver gang. Det er imponerende, sier landslagstreneren.\u00a0<\/p>\n<p>\u2013 Best og ikke si noe\u00a0<\/p>\n<p>Marit Bj\u00f8rgen ga seg ikke som ut\u00f8ver f\u00f8r hun var 38 \u00e5r gammel. Dersom Weng satser like lenge, kan hun g\u00e5 OL i de franske alpene i 2030.\u00a0<\/p>\n<p>        <img class=\"image__img lazyload\" itemprop=\"image\" title=\"Foto: Magnus Windelstad \/ TV 2\" alt=\"NYE UTFORDRINGER: Heidi Weng har lyst til \u00e5 l\u00f8pe n\u00e5r skikarrieren er over. Foto: Magnus Windelstad \/ TV 2\" width=\"675\" height=\"500\" bad-src=\"https:\/\/www.europesays.com\/no\/wp-content\/uploads\/2025\/12\/18396645.webp.jpeg\" fetchpriority=\"auto\" \/><\/p>\n<p>      NYE UTFORDRINGER: Heidi Weng har lyst til \u00e5 l\u00f8pe n\u00e5r skikarrieren er over.<br \/>\n         Foto: Magnus Windelstad \/ TV 2<\/p>\n<p>Men Weng har lyst til \u00e5 gj\u00f8re andre ting.\u00a0<\/p>\n<p>\u2013 Jeg har litt lyst til \u00e5 l\u00f8pe litt l\u00f8p p\u00e5 asfalt, da. Jeg vet ikke om jeg har lyst til \u00e5 l\u00f8pe p\u00e5 bane, men jeg kunne tenkt meg \u00e5 stille til start p\u00e5 gatel\u00f8p, og pr\u00f8ve meg p\u00e5 tre, fem og ti kilometer framover.\u00a0<\/p>\n<p>34-\u00e5ringen innr\u00f8mmer at hun har tatt avgj\u00f8relsen om n\u00e5r hun legger skiene p\u00e5 hylla for godt, men n\u00e5r det blir, er hun ikke helt klar for \u00e5 dele offentlig enn\u00e5.\u00a0<\/p>\n<p class=\"bold m-bold\" data-lab-font_weight=\"bold\">\u2013\u00a0Det er bare fordi jeg\u00a0har p\u00e5 en m\u00e5te bestemt meg, men s\u00e5 plutselig s\u00e5 tar du et \u00e5r til. S\u00e5 da er det best \u00e5 ikke si noe. Vi f\u00e5r n\u00e5 se. Jeg er jo oppe i \u00e5rene, s\u00e5 det er vel kanskje p\u00e5 tide \u00e5 gj\u00f8re noe annet snart, sier Weng.\u00a0<\/p>\n<p> \u2013 Jeg vil tro at Heidi kommer til et punkt hvor hun kjenner at nok er nok. Og da er man privilegert, for da kan man gi seg n\u00e5r motivasjonen mangler, og ikke av andre \u00e5rsaker. Men, vi har jo et h\u00e5p om at Heidi har mye \u00e5 bidra med i verdenscupen og andre mesterskap i \u00e5rene som kommer ogs\u00e5. <\/p>\n<p class=\"italic m-italic\" data-lab-italic=\"italic\">\u2013 Blir det ditt siste OL?\u00a0<\/p>\n<p> \u2013 Ja, det f\u00e5r vi n\u00e5 inderlig h\u00e5pe.<\/p>\n<p>        <img class=\"image__img lazyload\" itemprop=\"image\" title=\"Foto: Magnus Windelstad \/ TV 2\" alt=\"NOK ER NOK: Bj\u00f8rgen husker f\u00f8lelsen av at motivasjonen forsvant. Foto: Magnus Windelstad \/ TV 2\" width=\"675\" height=\"534\" bad-src=\"https:\/\/www.europesays.com\/no\/wp-content\/uploads\/2025\/12\/18396649.webp.jpeg\" fetchpriority=\"auto\" \/><\/p>\n<p>      NOK ER NOK: Bj\u00f8rgen husker f\u00f8lelsen av at motivasjonen forsvant.<br \/>\n         Foto: Magnus Windelstad \/ TV 2<\/p>\n<p>        <img class=\"image__img lazyload\" itemprop=\"image\" title=\"Foto: Magnus Windelstad \/ TV 2\" alt=\"SISTE: Det blir ikke flere OL for Heidi Weng etter de kommende lekene i Italia. Foto: Magnus Windelstad \/ TV 2\" width=\"675\" height=\"561\" bad-src=\"https:\/\/www.europesays.com\/no\/wp-content\/uploads\/2025\/12\/18396664.webp.jpeg\" fetchpriority=\"auto\" \/><\/p>\n<p>      SISTE: Det blir ikke flere OL for Heidi Weng etter de kommende lekene i Italia.<br \/>\n         Foto: Magnus Windelstad \/ TV 2<\/p>\n<p>\u2013 Jeg gikk mitt f\u00f8rste mesterskap i Val di Fiemme i 2013. Det er kanskje det mesterskapet jeg husker best, og som jeg syntes var artigst \u00e5 v\u00e6re med p\u00e5. Den gangen gikk jeg under radaren og var null nerv\u00f8s, og s\u00e5 gikk det jo egentlig ganske bra.\u00a0<\/p>\n<p>Siden den gang har det blitt fem VM og to OL. N\u00e5 avsluttes alts\u00e5 OL-karrieren p\u00e5 det samme stedet der 34-\u00e5ringen tok sin aller f\u00f8rste mesterskapsmedalje.\u00a0<\/p>\n<p>\u2013 Det var nok egentlig det st\u00f8rste mesterskapet for min del, fordi alt var nytt, og det var s\u00e5 g\u00f8y \u00e5 v\u00e6re med. Det st\u00e5r igjen som noe av det st\u00f8rste for meg, s\u00e5 det er g\u00f8y at vi skal tilbake dit n\u00e5, sier Weng.\u00a0<\/p>\n","protected":false},"excerpt":{"rendered":"Denne gangen f\u00f8lger hun ikke i fotsporene til Marit Bj\u00f8rgen. I over 20 \u00e5r har Norge hatt Marit&hellip;\n","protected":false},"author":2,"featured_media":123476,"comment_status":"","ping_status":"","sticky":false,"template":"","format":"standard","meta":{"footnotes":""},"categories":[5],"tags":[20,21,24,25,15,19,22,23,17,18,13,30,28,29,14,16,26,27],"class_list":{"0":"post-123475","1":"post","2":"type-post","3":"status-publish","4":"format-standard","5":"has-post-thumbnail","7":"category-overskrifter","8":"tag-breaking-news","9":"tag-breakingnews","10":"tag-featured-news","11":"tag-featurednews","12":"tag-headlines","13":"tag-hovedoppslag","14":"tag-latest-news","15":"tag-latestnews","16":"tag-main-news","17":"tag-mainnews","18":"tag-news","19":"tag-no","20":"tag-norge","21":"tag-norway","22":"tag-nyheter","23":"tag-overskrifter","24":"tag-top-stories","25":"tag-topstories"},"share_on_mastodon":{"url":"https:\/\/pubeurope.com\/@no\/115801821276000291","error":""},"_links":{"self":[{"href":"https:\/\/www.europesays.com\/no\/wp-json\/wp\/v2\/posts\/123475","targetHints":{"allow":["GET"]}}],"collection":[{"href":"https:\/\/www.europesays.com\/no\/wp-json\/wp\/v2\/posts"}],"about":[{"href":"https:\/\/www.europesays.com\/no\/wp-json\/wp\/v2\/types\/post"}],"author":[{"embeddable":true,"href":"https:\/\/www.europesays.com\/no\/wp-json\/wp\/v2\/users\/2"}],"replies":[{"embeddable":true,"href":"https:\/\/www.europesays.com\/no\/wp-json\/wp\/v2\/comments?post=123475"}],"version-history":[{"count":0,"href":"https:\/\/www.europesays.com\/no\/wp-json\/wp\/v2\/posts\/123475\/revisions"}],"wp:featuredmedia":[{"embeddable":true,"href":"https:\/\/www.europesays.com\/no\/wp-json\/wp\/v2\/media\/123476"}],"wp:attachment":[{"href":"https:\/\/www.europesays.com\/no\/wp-json\/wp\/v2\/media?parent=123475"}],"wp:term":[{"taxonomy":"category","embeddable":true,"href":"https:\/\/www.europesays.com\/no\/wp-json\/wp\/v2\/categories?post=123475"},{"taxonomy":"post_tag","embeddable":true,"href":"https:\/\/www.europesays.com\/no\/wp-json\/wp\/v2\/tags?post=123475"}],"curies":[{"name":"wp","href":"https:\/\/api.w.org\/{rel}","templated":true}]}}