{"id":123477,"date":"2025-12-29T08:05:09","date_gmt":"2025-12-29T08:05:09","guid":{"rendered":"https:\/\/www.europesays.com\/no\/123477\/"},"modified":"2025-12-29T08:05:09","modified_gmt":"2025-12-29T08:05:09","slug":"premier-league-rykter-liverpool-mandagens-premier-league-rykter","status":"publish","type":"post","link":"https:\/\/www.europesays.com\/no\/123477\/","title":{"rendered":"Premier League-rykter, Liverpool | Mandagens Premier League-rykter"},"content":{"rendered":"\n<p><b>Liverpool <\/b>planlegger \u00e5 trappe opp jakten p\u00e5 <b>Bournemouths Antoine Semenyo<\/b>. Fram til n\u00e5 tyder det meste p\u00e5 at angrepsspilleren skal ende opp i <b>Manchester City<\/b>, men de r\u00f8de har ikke gitt opp kampen, melder The Telegraph.<\/p>\n<p><b>Tottenham <\/b>skal ha f\u00e5tt muligheten til \u00e5 signere den tyske midtbanespilleren <b>Leon Goretzka<\/b>, hevder Teamtalk.<\/p>\n<p><b>Newcastle<\/b> og <b>Crystal Palace<\/b> er to av klubben som jakter underskriften til stortalentet <b>Kees Smit<\/b> fra <b>AZ Alkmaar<\/b>, men 19-\u00e5ringen skal ogs\u00e5 v\u00e6re h\u00f8yt beundret av <b>Real Madrid,<\/b> if\u00f8lge Talksport.<\/p>\n<p><b>Les ogs\u00e5: <a href=\"https:\/\/www.nettavisen.no\/sport\/koblet-med-sydney-sweeney-fotballstjernen-slar-tilbake\/s\/5-95-2799621\" rel=\"Follow nofollow noopener\" target=\"_blank\">Ville rykter: \u2013 Vennligst stopp! <\/a><\/b><\/p>\n<p><b>Tottenham<\/b> kobles med angripere og folk som <b>Omar Marmoush<\/b> i <b>Manchester City<\/b>, <b>Samu Aghehowa<\/b> i <b>Villarreal<\/b> og <b>Kenan Yildiz<\/b> i <b>Juventus<\/b> blir nevnt som mulige alternativer for londonklubben, if\u00f8lge London Evening Standard.<\/p>\n<p><b>Sunderland<\/b> kobles med b\u00e5de <b>Lamine Camara<\/b> fra <b>Monaco<\/b> og <b>Ayyoub Bouddadi<\/b> fra <b>Lille<\/b> \u2013 begge midtbanespilleren, melder Teamtalk.<\/p>\n<p><b>Manchester City<\/b> er \u00e5pne for \u00e5 selge forsvarsspiller <b>Nathan Ak\u00e9<\/b> i vinter om de f\u00e5r mer enn 22 millioner pund for spilleren, hevder spanske Sport.<\/p>\n<p>Tyske <b>Eintracht Frankfurt<\/b> skal ha kontaktet <b>Nottingham Forest<\/b> og forh\u00f8rt seg om et l\u00e5n av <b>Arnaud Kalimuendo<\/b>, skriver journalist Florian Plettenberg. Frankfurt ser p\u00e5 dette som en mulig alternativ om de ikke f\u00e5r til en lignende avtale for <b>Newcastles Will Osula<\/b>.<\/p>\n<p><b>Les ogs\u00e5: <a href=\"https:\/\/www.nettavisen.no\/sport\/mikaela-shiffrin-med-rorende-julehilsen-apner-opp-om-tarer-og-sorg\/s\/5-95-2798295\" rel=\"Follow nofollow noopener\" target=\"_blank\">Stjernen: \u2013 T\u00e5rer kan fortelle en st\u00f8rre historie<\/a><\/b><\/p>\n<p><b>Ajax<\/b> ser det til England etter forsterkninger og har <b>Burnley<\/b>-spiller <b>Quilindschy Hartman<\/b> h\u00f8yt p\u00e5 \u00f8nskelisten i vintervinduet, melder journalist Fabrizio Romano.<\/p>\n<p><b>Liverpool<\/b> skal angivelig v\u00e6re villig til \u00e5 legge rundt 60 millioner pund p\u00e5 bordet for \u00e5 sikre seg den franske midtbanespilleren <b>Eduardo Camavinga<\/b> fra <b>Real Madrid<\/b>, hevder Fichajes.<\/p>\n<p><b>West Ham<\/b> kan \u00e5pne opp for at <b>Lucas Paquet\u00e1<\/b> f\u00e5r forlate klubben allerede i l\u00f8pet av januar, om et bra nok bud skulle tikke inn p\u00e5 brasilianeren, if\u00f8lge Football Insider.<\/p>\n<p><b>Fulham<\/b> skal v\u00f8re interessert i \u00e5 sikre seg <b>PSV<\/b>-spissen <b>Ricardo Pepi<\/b>. Amerikaneren skal ha en prislapp p\u00e5 rundt 40 millioner pund, if\u00f8lge Daily Mail. <\/p>\n","protected":false},"excerpt":{"rendered":"Liverpool planlegger \u00e5 trappe opp jakten p\u00e5 Bournemouths Antoine Semenyo. Fram til n\u00e5 tyder det meste p\u00e5 at&hellip;\n","protected":false},"author":2,"featured_media":123478,"comment_status":"","ping_status":"","sticky":false,"template":"","format":"standard","meta":{"footnotes":""},"categories":[59],"tags":[30,28,29,83,82],"class_list":{"0":"post-123477","1":"post","2":"type-post","3":"status-publish","4":"format-standard","5":"has-post-thumbnail","7":"category-sport","8":"tag-no","9":"tag-norge","10":"tag-norway","11":"tag-sport","12":"tag-sports"},"share_on_mastodon":{"url":"https:\/\/pubeurope.com\/@no\/115801825703238933","error":""},"_links":{"self":[{"href":"https:\/\/www.europesays.com\/no\/wp-json\/wp\/v2\/posts\/123477","targetHints":{"allow":["GET"]}}],"collection":[{"href":"https:\/\/www.europesays.com\/no\/wp-json\/wp\/v2\/posts"}],"about":[{"href":"https:\/\/www.europesays.com\/no\/wp-json\/wp\/v2\/types\/post"}],"author":[{"embeddable":true,"href":"https:\/\/www.europesays.com\/no\/wp-json\/wp\/v2\/users\/2"}],"replies":[{"embeddable":true,"href":"https:\/\/www.europesays.com\/no\/wp-json\/wp\/v2\/comments?post=123477"}],"version-history":[{"count":0,"href":"https:\/\/www.europesays.com\/no\/wp-json\/wp\/v2\/posts\/123477\/revisions"}],"wp:featuredmedia":[{"embeddable":true,"href":"https:\/\/www.europesays.com\/no\/wp-json\/wp\/v2\/media\/123478"}],"wp:attachment":[{"href":"https:\/\/www.europesays.com\/no\/wp-json\/wp\/v2\/media?parent=123477"}],"wp:term":[{"taxonomy":"category","embeddable":true,"href":"https:\/\/www.europesays.com\/no\/wp-json\/wp\/v2\/categories?post=123477"},{"taxonomy":"post_tag","embeddable":true,"href":"https:\/\/www.europesays.com\/no\/wp-json\/wp\/v2\/tags?post=123477"}],"curies":[{"name":"wp","href":"https:\/\/api.w.org\/{rel}","templated":true}]}}