{"id":123479,"date":"2025-12-29T08:06:21","date_gmt":"2025-12-29T08:06:21","guid":{"rendered":"https:\/\/www.europesays.com\/no\/123479\/"},"modified":"2025-12-29T08:06:21","modified_gmt":"2025-12-29T08:06:21","slug":"konflikt-med-victoria-og-david","status":"publish","type":"post","link":"https:\/\/www.europesays.com\/no\/123479\/","title":{"rendered":"Konflikt med Victoria og David"},"content":{"rendered":"<p class=\"kicker \" style=\"\">Victoria og David Beckham:\u00a0<\/p>\n<p>  Brooklyn Beckham og kona matchet i r\u00f8de julepysjer i USA &#8211; langt unna resten av Beckham-familien.\u00a0\u00a0<\/p>\n<p>\n    SLUTT P\u00c5 TRADISJONEN: Victoria og David Beckham feiret julen med sine tre yngste barn. Deres eldste s\u00f8nn, Brooklyn, glimret imidlertid med sitt frav\u00e6r. Foto: SplashNews.com \/ NTB\n  <\/p>\n<p>Brooklyn Beckham (26) og kona Nicola Peltz (30) feiret jul i matchende r\u00f8de pyjamaser i USA, mens resten av Beckham-familien markerte h\u00f8ytiden i Storbritannia.<\/p>\n<p>Begge parter i familiestriden p\u00f8ser ut bilder p\u00e5 hver sine sosiale medier for \u00e5 vise sin julelykke &#8230;\u00a0<\/p>\n<p>Men familien fikk ingen forsoning i julen.<\/p>\n<p>    <a itemprop=\"url\" href=\"https:\/\/www.seher.no\/kjendis\/ingen-visste-at-vi-datet\/83730154\" rel=\"nofollow noopener\" target=\"_blank\"><\/p>\n<p>        <img loading=\"lazy\" decoding=\"async\" src=\"https:\/\/www.europesays.com\/no\/wp-content\/uploads\/2025\/12\/83701162.webp.webp\" width=\"980\" height=\"441\" title=\"- Ingen visste at vi datet\" alt=\"\" class=\"lazyload\" style=\"--aspect-ratio-image: 2.22; \"\/><\/p>\n<p>        &#8211; Ingen visste at vi datet<\/p>\n<p>    <\/a><\/p>\n<p class=\"font-weight-bold m-font-weight-bold\" data-lab-font_weight=\"font-weight-bold\">Det er f\u00f8rste gang at den eldste s\u00f8nnen til David (50) og Victoria Beckham (51) ikke har tilbragt julen med sin egen familie. I stedet feiret paret h\u00f8ytiden sammen med Nicolas foreldre, Nelson (83) og Claudia Peltz (70).<\/p>\n<p>Nicola delte bilder p\u00e5 Instagram som viser paret smilende foran et pyntet juletre, begge kledd i matchende r\u00f8de pyjamaser med vintage-inspirert reinsdyrm\u00f8nster. Lykke og forelskelsen er \u00e5penbar.<\/p>\n<p>Samtidig feiret David og Victoria Beckham jul hjemme i Storbritannia med sine tre yngste barn, Romeo (23), Cruz (20) og Harper (14).\u00a0<\/p>\n<p>\u00abJulepyjamas, en gave fra nissen&#8230; vi elsker dere s\u00e5 h\u00f8yt\u00bb, skrev Victoria i et av innleggene. Ogs\u00e5 der er det lykke \u00e5 spore.<\/p>\n<p>Dette markerer det f\u00f8rste \u00e5ret hvor Beckham-parets eldste s\u00f8nn, ikke har dukket opp i noen av familiens julebilder.<\/p>\n<p class=\"font-weight-bold m-font-weight-bold\" data-lab-font_weight=\"font-weight-bold\">Situasjonen forverret seg ytterligere i \u00e5r da Cruz Beckham indirekte <a href=\"https:\/\/www.seher.no\/kjendis\/bryter-tausheten-midt-i-familiedramaet\/84022558\" rel=\"nofollow noopener\" target=\"_blank\">bekreftet nyheten\u00a0<\/a> ved \u00e5 forklare p\u00e5 sosiale medier at familien ikke hadde sluttet \u00e5 f\u00f8lge Brooklyn, men heller var blitt blokkert.<\/p>\n<p>        <img loading=\"lazy\" decoding=\"async\" src=\"https:\/\/www.europesays.com\/no\/wp-content\/uploads\/2025\/12\/83416316.webp.webp\" width=\"667\" height=\"821\" title=\"BLOKKERT: If\u00f8lge lillebror Cruz skal eldstebroren i Beckham-klanen ha blokkert dem. Foto:&#10;Aissaoui Nacer \/ SplashNews.com \/ NTB\" alt=\"\" class=\"\" style=\"--aspect-ratio-image: 0.81; \"\/><\/p>\n<p>\n        BLOKKERT: If\u00f8lge lillebror Cruz skal eldstebroren i Beckham-klanen ha blokkert dem. Foto:<br \/>\nAissaoui Nacer \/ SplashNews.com \/ NTB\n    <\/p>\n<p>&#8211; Vi v\u00e5knet opp og oppdaget at vi var blokkert, forklarte 20-\u00e5ringen.<\/p>\n<p>Tre \u00e5r gammel familiefeide\t<\/p>\n<p> If\u00f8lge TMZ skal forholdet mellom Victoria Beckham og svigerdatteren Nicola Peltz ha v\u00e6rt anstrengt helt siden bryllupet i 2022. Bruden valgte ikke kjole fra sin svigermors motehus.<\/p>\n<p> Konflikten skal ha n\u00e5dd et\u00a0<a href=\"https:\/\/www.seher.no\/kjendis\/dette-sier-de-om-den-pastatte-krangelen\/76862596?utm_source=chatgpt.com\" rel=\"nofollow noopener\" target=\"_blank\">dramatisk h\u00f8ydepunkt allerede den kvelden<\/a>. <\/p>\n<p>        <img loading=\"lazy\" decoding=\"async\" src=\"https:\/\/www.europesays.com\/no\/wp-content\/uploads\/2025\/12\/83050533.webp.webp\" width=\"667\" height=\"654\" title=\"TILBAKEBLIKK: Nicola Peltz fotografert med svigermor Victoria Beckham f\u00f8r den angivelige krangelen. Foto: Lisa O'Connor \/ NTB\" alt=\"\" class=\"\" style=\"--aspect-ratio-image: 1.02; \"\/><\/p>\n<p>\n        TILBAKEBLIKK: Nicola Peltz fotografert med svigermor Victoria Beckham f\u00f8r den angivelige krangelen. Foto: Lisa O&#8217;Connor \/ NTB\n    <\/p>\n<p class=\"font-weight-bold m-font-weight-bold\" data-lab-font_weight=\"font-weight-bold\">Kilder forteller at Victoria skal ha stormet dansegulvet under brudeparets f\u00f8rste dans, og i praksis skj\u00f8vet Nicola til side. Episoden skal ha gjort Nicola s\u00e5 oppr\u00f8rt at hun brast i gr\u00e5t.<\/p>\n<p>Videre hevder TMZs kilder at Victoria lenge har f\u00f8lt at Nicola har<a href=\"https:\/\/www.seher.no\/kjendis\/bryllupsdrama-splitter-familien\/83155421?utm_source=chatgpt.com\" rel=\"nofollow noopener\" target=\"_blank\">\u00a0\u00abstj\u00e5let\u00bb s\u00f8nnen hennes<\/a>.\u00a0<\/p>\n<p>        Denne ferske videoen av David Beckham og datteren Harper har f\u00e5tt flere millioner visninger. Reporter: Karolina Rusov-Hansen \/ Dagbladet TV. Video: Tiktok \/ @parismatch<\/p>\n<p> I familiens \u00f8yne skal Nicola ha v\u00e6rt en urovekker fra start, forsterket av det faktum at hun er den f\u00f8rste partneren Brooklyn har hatt som faktisk sier ifra, s\u00e6rlig om hvordan han blir behandlet. <\/p>\n<p> Nicola skal blant annet ha reagert sterkt p\u00e5 det hun mener er en \u00abnarsissistisk\u00bb holdning fra b\u00e5de David og Victoria overfor Brooklyn. <\/p>\n<p>        INTIME SP\u00d8RSM\u00c5L: Reporterne i \u00abA-laget\u00bb overrasker programleder Leo Ajkic med sp\u00f8rsm\u00e5l om b\u00e5de hans egen, og kj\u00e6restens, bakdel. Video: \u00abA-laget\u00bb\/ NRK TV\/ Sanne Holt\/ R\u00f8d L\u00f8per<\/p>\n<p>Familiekrangelen blir mer intens\t<\/p>\n<p>En annen \u00e5rsak til i konflikten skal v\u00e6re spenninger mellom Brooklyn og lillebroren Cruz (20), spesielt knyttet til sistnevntes forhold til\u00a0<a href=\"https:\/\/www.seher.no\/kjendis\/de-snakker-ikke-sammen\/83002200?utm_source=chatgpt.com\" rel=\"nofollow noopener\" target=\"_blank\">modellen Kim Turnbull<\/a>\u00a0(24), en kj\u00e6reste verken Brooklyn eller Nicola skal ha godtatt.\u00a0<\/p>\n<p> Dette skal ha f\u00f8rt til et brudd i br\u00f8dreforholdet, og David (50) og Victoria Beckham (51) skal oppleve hele situasjonen som dypt opprivende. <\/p>\n<p>        <img loading=\"lazy\" decoding=\"async\" src=\"https:\/\/www.europesays.com\/no\/wp-content\/uploads\/2025\/12\/84033847.webp.webp\" width=\"667\" height=\"788\" title=\"STARTEN: Forholdet til Kim Turnbull og Cruz Beckham skal ha v\u00e6rt d\u00e5rlig likt av b\u00e5de Brooklyn og Nikola. Her er de avbildet i mars. Foto: Aissaoui Nacer \/ SplashNews.com\/NTB\" alt=\"\" class=\"\" style=\"--aspect-ratio-image: 0.85; \"\/><\/p>\n<p>\n        STARTEN: Forholdet til Kim Turnbull og Cruz Beckham skal ha v\u00e6rt d\u00e5rlig likt av b\u00e5de Brooklyn og Nikola. Her er de avbildet i mars. Foto: Aissaoui Nacer \/ SplashNews.com\/NTB\n    <\/p>\n<p>If\u00f8lge n\u00e6re kilder beskrives det som \u00abVictorias verste mareritt\u00bb.<\/p>\n<p>Familiekrangelen ble tydelig da Brooklyn og Nicola ikke deltok p\u00e5 David Beckhams<a href=\"https:\/\/www.seher.no\/kjendis\/fryktelig-trist\/83044140?utm_source=chatgpt.com\" rel=\"nofollow noopener\" target=\"_blank\">\u00a0storsl\u00e5tte 50-\u00e5rsfeiring i mai<\/a>, selv om de befant seg i London p\u00e5 samme tid.\u00a0<\/p>\n<p> Foreldrene skal ha fors\u00f8kt \u00e5 gjenopprette kontakten, men til liten nytte. <\/p>\n<p> Kilder hevder til og med at<a href=\"https:\/\/www.seher.no\/kjendis\/blir-omtalt-som-gisselet\/83144250?utm_source=chatgpt.com\" rel=\"nofollow noopener\" target=\"_blank\">\u00a0Brooklyn omtales som et \u00abgissel\u00bb<\/a>\u00a0i forholdet med Nicola, og antyder at han gradvis har blitt mer isolert fra familien. <\/p>\n<p>        <img loading=\"lazy\" decoding=\"async\" src=\"https:\/\/www.europesays.com\/no\/wp-content\/uploads\/2025\/12\/81425092.webp.webp\" width=\"686\" height=\"515\" title=\"DEN GANG: Nesten hele Beckham-familien pluss Nicola Peltz avbildet i skj\u00f8nn harmoni f\u00f8r den angivelige krangelen. Foto: Instagram \/ @victoriabeckham\" alt=\"\" class=\"\" style=\"--aspect-ratio-image: 1.33; \"\/><\/p>\n<p>\n        DEN GANG: Nesten hele Beckham-familien pluss Nicola Peltz avbildet i skj\u00f8nn harmoni f\u00f8r den angivelige krangelen. Foto: Instagram \/ @victoriabeckham\n    <\/p>\n<p>Velger Nicola\t<\/p>\n<p>Til tross for at Romeo og Kim Turnbull\u00a0<a href=\"https:\/\/www.seher.no\/kjendis\/kilder-det-er-slutt\/83180745?utm_source=chatgpt.com\" rel=\"nofollow noopener\" target=\"_blank\">gjorde det slutt<\/a>, har det forel\u00f8pig ikke v\u00e6rt noen tegn til forsoning mellom br\u00f8drene.\u00a0<\/p>\n<p> Familien har sendt offentlige signaler om forsoning, blant annet gjennom en<a href=\"https:\/\/www.seher.no\/kjendis\/midt-i-isfronten-elsker-dere\/83112888?utm_source=chatgpt.com\" rel=\"nofollow noopener\" target=\"_blank\">\u00a0emosjonell hilsen fra Victoria<\/a>\u00a0p\u00e5 sosiale medier, men Brooklyn har s\u00e5 langt ikke respondert. <\/p>\n<p>TMZ meldte at paret<a href=\"https:\/\/www.seher.no\/kjendis\/giftet-seg-pa-ny-uten-david-og-victoria\/83413390\" rel=\"nofollow noopener\" target=\"_blank\"> fornyet ekteskapsl\u00f8ftene sine i august<\/a> 2025, tre \u00e5r etter at de\u00a0<a href=\"https:\/\/www.seher.no\/kjendis\/kjendissonnen-giftet-seg\/75827209?utm_source=chatgpt.com\" rel=\"nofollow noopener\" target=\"_blank\">giftet seg i Palm Beach i 2022<\/a>. <\/p>\n<p>        OVERRASKER: Vi har tatt en titt p\u00e5 noen av TV-\u00f8yeblikkene vi husker ekstra godt fra \u00e5ret som har g\u00e5tt. Video: \u00abTeam P\u00f8lsa\u00bb\/NRK, \u00abJakten p\u00e5 kj\u00e6rligheten\u00bb\/TV 2, \u00abBedre sex\u00bb\/Viaplay, \u00abOppdrag M\/S Bj\u00f8rvika\u00bb\/Viaplay<\/p>\n<p> Noen av familie og venner skal ha blitt invitert, men David, Victoria, Romeo og Cruz\u00a0 skal alle ha glimret med sitt frav\u00e6r. <\/p>\n","protected":false},"excerpt":{"rendered":"Victoria og David Beckham:\u00a0 Brooklyn Beckham og kona matchet i r\u00f8de julepysjer i USA &#8211; langt unna resten&hellip;\n","protected":false},"author":2,"featured_media":123480,"comment_status":"","ping_status":"","sticky":false,"template":"","format":"standard","meta":{"footnotes":""},"categories":[58],"tags":[14617,7204,6080,71,14616,5593,479,2543,7202,30,28,29,72,6081],"class_list":{"0":"post-123479","1":"post","2":"type-post","3":"status-publish","4":"format-standard","5":"has-post-thumbnail","7":"category-underholdning","8":"tag-beckham","9":"tag-brooklyn-beckham","10":"tag-david-beckham","11":"tag-entertainment","12":"tag-familiekonflikt","13":"tag-jul","14":"tag-kjendis","15":"tag-kjendisdesken","16":"tag-nicola-peltz","17":"tag-no","18":"tag-norge","19":"tag-norway","20":"tag-underholdning","21":"tag-victoria-beckham"},"share_on_mastodon":{"url":"https:\/\/pubeurope.com\/@no\/115801829110779861","error":""},"_links":{"self":[{"href":"https:\/\/www.europesays.com\/no\/wp-json\/wp\/v2\/posts\/123479","targetHints":{"allow":["GET"]}}],"collection":[{"href":"https:\/\/www.europesays.com\/no\/wp-json\/wp\/v2\/posts"}],"about":[{"href":"https:\/\/www.europesays.com\/no\/wp-json\/wp\/v2\/types\/post"}],"author":[{"embeddable":true,"href":"https:\/\/www.europesays.com\/no\/wp-json\/wp\/v2\/users\/2"}],"replies":[{"embeddable":true,"href":"https:\/\/www.europesays.com\/no\/wp-json\/wp\/v2\/comments?post=123479"}],"version-history":[{"count":0,"href":"https:\/\/www.europesays.com\/no\/wp-json\/wp\/v2\/posts\/123479\/revisions"}],"wp:featuredmedia":[{"embeddable":true,"href":"https:\/\/www.europesays.com\/no\/wp-json\/wp\/v2\/media\/123480"}],"wp:attachment":[{"href":"https:\/\/www.europesays.com\/no\/wp-json\/wp\/v2\/media?parent=123479"}],"wp:term":[{"taxonomy":"category","embeddable":true,"href":"https:\/\/www.europesays.com\/no\/wp-json\/wp\/v2\/categories?post=123479"},{"taxonomy":"post_tag","embeddable":true,"href":"https:\/\/www.europesays.com\/no\/wp-json\/wp\/v2\/tags?post=123479"}],"curies":[{"name":"wp","href":"https:\/\/api.w.org\/{rel}","templated":true}]}}