{"id":123485,"date":"2025-12-29T08:11:19","date_gmt":"2025-12-29T08:11:19","guid":{"rendered":"https:\/\/www.europesays.com\/no\/123485\/"},"modified":"2025-12-29T08:11:19","modified_gmt":"2025-12-29T08:11:19","slug":"gjovik-okonomi-na-frykter-folk-handlekurven-mer-enn-stromregningen","status":"publish","type":"post","link":"https:\/\/www.europesays.com\/no\/123485\/","title":{"rendered":"Gj\u00f8vik, \u00d8konomi | N\u00e5 frykter folk handlekurven mer enn str\u00f8mregningen"},"content":{"rendered":"\n<p>Folk i Gj\u00f8vikregionen g\u00e5r inn i det nye \u00e5ret med en forsiktig bedring i \u00f8konomiske forventninger. Samtidig er det \u00e9n ting som skiller seg tydelig ut: Matvareprisene er den klart st\u00f8rste bekymringen, viser en ny unders\u00f8kelse fra Kantar. .<\/p>\n<p>Det skriver SpareBank 1 \u00d8stlandet i en pressemelding.<\/p>\n<p>Mindre pessimisme \u2013 men fortsatt p\u00e5 minussiden<\/p>\n<p>Forventningene i husholdningene i Gj\u00f8vikregionen er fortsatt negativ, men viser en svak bedring sammenlignet med tidligere m\u00e5linger. Det er s\u00e6rlig synet p\u00e5 norsk \u00f8konomi og viljen til \u00e5 gj\u00f8re st\u00f8rre innkj\u00f8p som trekker stemningen opp.<\/p>\n<p>\u2013 Selv om folk fortsatt er negative, ser vi at pessimismen har avtatt. Spesielt vurderingen av landets \u00f8konomi har blitt noe bedre, sier privat\u00f8konom Elisabeth Landsverk i SpareBank 1 \u00d8stlandet i pressemeldingen.<\/p>\n<p>Samtidig fortsetter forventningene til egen privat\u00f8konomi det kommende \u00e5ret \u00e5 falle.<\/p>\n<p>   <img decoding=\"async\" width=\"2292\" height=\"1282\" fetchpriority=\"low\"  loading=\"lazy\"  src=\"https:\/\/www.europesays.com\/no\/wp-content\/uploads\/2025\/12\/Bilde+28.12.2025+klokken+20.37.jpg\" alt=\"\" class=\"brick-c-cFOWSL\" style=\"--brick-image-ratio: 2292 \/ 1282;\"\/><\/p>\n<p>      Foto: Skjermdump fra sp\u00f8rreunders\u00f8kelse\n    <\/p>\n<p>  Mat sl\u00e5r str\u00f8m som st\u00f8rste bekymring<\/p>\n<p>I 2023 svarte 67 prosent at de i stor eller sv\u00e6rt stor grad bekymret seg for \u00f8kte matvarepriser. I \u00e5r har andelen sunket til 64 prosent. Likevel er mat fortsatt den st\u00f8rste \u00f8konomiske bekymringen i regionen, foran renter, drivstoff og str\u00f8m.<\/p>\n<p>\u2013 Prisveksten p\u00e5 matvarer har v\u00e6rt kraftig. Fra oktober i fjor til oktober i \u00e5r \u00f8kte prisene med hele 6,2 prosent, sier Landsverk.<\/p>\n<p>Bekymringen for str\u00f8mpriser har derimot falt betydelig sammenlignet med tidligere \u00e5r. Etter flere vintre preget av h\u00f8ye str\u00f8mregninger, er str\u00f8m n\u00e5 langt nede p\u00e5 lista over det folk frykter mest.<\/p>\n<p>   <img decoding=\"async\" width=\"2310\" height=\"1294\" fetchpriority=\"low\"  loading=\"lazy\"  src=\"https:\/\/www.europesays.com\/no\/wp-content\/uploads\/2025\/12\/Bilde+2.png\" alt=\"\" class=\"brick-c-cFOWSL\" style=\"--brick-image-ratio: 2310 \/ 1294;\"\/><\/p>\n<p>      BEKYMRET: 64 prosent i Gj\u00f8vikregionen bekymrer seg i stor eller sv\u00e6rt stor grad for \u00f8kte matvarepriser, if\u00f8lge forventningsunders\u00f8kelsen.<br \/>\n      Foto: Skjermdump fra sp\u00f8rreunders\u00f8kelse\n    <\/p>\n<p>  <a href=\"https:\/\/www.oa.no\/5-35-2205916\" class=\"related-teaser has-image default-story-teaser article--c-eRUmMG article--c-eRUmMG-jKCPdD-design-default\" rel=\"nofollow noopener\" target=\"_blank\"><\/p>\n<p>    <img decoding=\"async\" loading=\"lazy\"  src=\"https:\/\/www.europesays.com\/no\/wp-content\/uploads\/2025\/12\/DSC_0283.JPG\" alt=\"\" class=\"brick-c-cFOWSL\" style=\"\"\/><\/p>\n<p>\n            Les ogs\u00e5<\/p>\n<p>              Uventet vedtak gir \u00f8kte inntekter fra eiendomsskatt\n        <\/p>\n<p>  <\/a><br \/>\n  \u00c9n av tre har trang \u00f8konomi<\/p>\n<p>Unders\u00f8kelsen viser store forskjeller i hvordan folk opplever sin egen \u00f8konomi:<\/p>\n<p>Seks av ti i Gj\u00f8vikregionen oppgir at de har balansert eller romslig \u00f8konomi. En av tre sier derimot at \u00f8konomien er trang.<\/p>\n<p>\u2013 Folk er fornuftige og vil redusere forbruket, slik vi ogs\u00e5 har sett i de siste m\u00e5lingene. Restaurant, kulturopplevelser, kl\u00e6r, sko og utstyr er postene flest vil spare inn p\u00e5, sier Landsverk.<\/p>\n<p>Mange planlegger derfor \u00e5 stramme inn p\u00e5 forbruket i tiden framover. 63 prosent sier de vil redusere utgifter p\u00e5 ett eller flere omr\u00e5der. Det kuttes s\u00e6rlig i restaurantbes\u00f8k, kulturopplevelser, kl\u00e6r, sko og ferie.<\/p>\n<p>   <img decoding=\"async\" width=\"2314\" height=\"1292\" fetchpriority=\"low\"  loading=\"lazy\"  src=\"https:\/\/www.europesays.com\/no\/wp-content\/uploads\/2025\/12\/Bilde+3.png\" alt=\"\" class=\"brick-c-cFOWSL\" style=\"--brick-image-ratio: 2314 \/ 1292;\"\/><\/p>\n<p>      MINUSSIDEN: Forventningsunders\u00f8kelsen viser at den \u00f8konomiske pessimismen i Gj\u00f8vikregionen har avtatt noe, selv om forventningene fortsatt er p\u00e5 minussiden. Unders\u00f8kelsen er gjennomf\u00f8rt av Kantar p\u00e5 vegne av SpareBank 1 \u00d8stlandet.<br \/>\n      Foto: Skjermdump fra sp\u00f8rreunders\u00f8kelse\n    <\/p>\n<p>  Kutter i kos \u2013 men kj\u00f8per fortsatt bil<\/p>\n<p>Til tross for trangere \u00f8konomi planlegger flere st\u00f8rre investeringer det neste \u00e5ret. Det gjelder s\u00e6rlig kj\u00f8p av el- eller hybridbil, samt flytting eller oppussing av bolig.<\/p>\n<p>\u2013 Momsreglene for kj\u00f8p av nye elbiler endrer seg fra nytt\u00e5r. Da m\u00e5 du betale 25 prosent moms av kj\u00f8pesummen som overstiger 300.000 kroner. Dette har trolig framskyndet en del elbilkj\u00f8p i h\u00f8st, sier Landsverk.<\/p>\n<p>   <img decoding=\"async\" width=\"4032\" height=\"3024\" fetchpriority=\"low\"  loading=\"lazy\"  src=\"https:\/\/www.europesays.com\/no\/wp-content\/uploads\/2025\/12\/745b251d-ac94-4666-a05d-33fd1af8d9ff.heic.jpeg\" alt=\"\" class=\"brick-c-cFOWSL\" style=\"--brick-image-ratio: 4032 \/ 3024;\"\/><\/p>\n<p>      LANGT FRA BORTE: \u2013 Folk ser litt lysere p\u00e5 \u00f8konomien, men bekymringene er langt fra borte, sier privat\u00f8konom Elisabeth Landsverk i SpareBank 1 \u00d8stlandet.<br \/>\n      Foto: Kristine Bechmann Holter\n    <\/p>\n<p>  <a href=\"https:\/\/www.oa.no\/5-35-2205018\" class=\"related-teaser has-image default-story-teaser article--c-eRUmMG article--c-eRUmMG-jKCPdD-design-default\" rel=\"nofollow noopener\" target=\"_blank\"><\/p>\n<p>    <img decoding=\"async\" loading=\"lazy\"  src=\"https:\/\/www.europesays.com\/no\/wp-content\/uploads\/2025\/12\/1766995879_961_SkibladnerSlepNummerTre.jpg\" alt=\"\" class=\"brick-c-cFOWSL\" style=\"\"\/><\/p>\n<p>\n            Les ogs\u00e5<\/p>\n<p>              N\u00e5 er 40-millionerspotten fordelt \u2013 se hvem som fikk penger\n        <\/p>\n<p>  <\/a><br \/>\n  Bedriftene mer bekymret enn privatpersonene<\/p>\n<p>Ogs\u00e5 blant bedrifter i Innlandet er forventningene fortsatt negative, mens synet p\u00e5 investeringer bedres noe siden m\u00e5lingen i v\u00e5r. Forventningsindikatoren for bedrifter i Innlandet fikk et oppsving f\u00f8rste halv\u00e5r i 2024, men har siden avtatt.<\/p>\n<p>\u2013 L\u00f8nnsomheten p\u00e5virkes blant annet av \u00f8kte priser fra leverand\u00f8rer, som er det bedriftslederne frykter mest, if\u00f8lge unders\u00f8kelsen, sier Catherine Fournaros, regionbanksjef for bedriftsmarkedet i Oppland i Sparebank1 \u00d8stlandet.<\/p>\n<p>S\u00e6rlig varehandel, bygg og eiendom skiller seg ut som pessimistiske n\u00e6ringer.<\/p>\n<p>   <img decoding=\"async\" width=\"2298\" height=\"1278\" fetchpriority=\"low\"  loading=\"lazy\"  src=\"https:\/\/www.europesays.com\/no\/wp-content\/uploads\/2025\/12\/Bilde+28.12.2025+klokken+21.53.jpg\" alt=\"\" class=\"brick-c-cFOWSL\" style=\"--brick-image-ratio: 2298 \/ 1278;\"\/><\/p>\n<p>      TRANG \u00d8KONOMI: N\u00e6r halvparten av bedriftene i Innlandet beskriver egen \u00f8konomi som trang eller kritisk, if\u00f8lge unders\u00f8kelsen.<br \/>\n      Foto: Skjermdump fra sp\u00f8rreunders\u00f8kelse\n    <\/p>\n<p>  G\u00e5r inn i nytt \u00e5r med blandede signaler<\/p>\n<p>For Gj\u00f8vikregionen tegner unders\u00f8kelsen et sammensatt bilde. Frykten for str\u00f8mpriser har avtatt, og pessimismen er noe mindre enn f\u00f8r. Samtidig legger h\u00f8ye matvarepriser en tydelig demper p\u00e5 optimismen.<\/p>\n<p>Inn i det nye \u00e5ret er det derfor ikke str\u00f8mregningen, men handlekurven, som bekymrer gj\u00f8vikensere mest.<\/p>\n<p>Unders\u00f8kelsen ble gjennomf\u00f8rt av Kantar for SpareBank 1 \u00d8stlandet i oktober-november 2025 blant et utvalg p\u00e5 105 privatpersoner i Gj\u00f8vikregionen og 290 bedrifter i Innlandet.<\/p>\n","protected":false},"excerpt":{"rendered":"Folk i Gj\u00f8vikregionen g\u00e5r inn i det nye \u00e5ret med en forsiktig bedring i \u00f8konomiske forventninger. Samtidig er&hellip;\n","protected":false},"author":2,"featured_media":123486,"comment_status":"","ping_status":"","sticky":false,"template":"","format":"standard","meta":{"footnotes":""},"categories":[10],"tags":[36,20,21,24,25,1088,15,22,23,1229,13,30,28,29,14,16,572,1510,26,27],"class_list":{"0":"post-123485","1":"post","2":"type-post","3":"status-publish","4":"format-standard","5":"has-post-thumbnail","7":"category-norge","8":"tag-art","9":"tag-breaking-news","10":"tag-breakingnews","11":"tag-featured-news","12":"tag-featurednews","13":"tag-gjovik","14":"tag-headlines","15":"tag-latest-news","16":"tag-latestnews","17":"tag-matpriser","18":"tag-news","19":"tag-no","20":"tag-norge","21":"tag-norway","22":"tag-nyheter","23":"tag-overskrifter","24":"tag-okonomi","25":"tag-story","26":"tag-top-stories","27":"tag-topstories"},"share_on_mastodon":{"url":"https:\/\/pubeurope.com\/@no\/115801848852989032","error":""},"_links":{"self":[{"href":"https:\/\/www.europesays.com\/no\/wp-json\/wp\/v2\/posts\/123485","targetHints":{"allow":["GET"]}}],"collection":[{"href":"https:\/\/www.europesays.com\/no\/wp-json\/wp\/v2\/posts"}],"about":[{"href":"https:\/\/www.europesays.com\/no\/wp-json\/wp\/v2\/types\/post"}],"author":[{"embeddable":true,"href":"https:\/\/www.europesays.com\/no\/wp-json\/wp\/v2\/users\/2"}],"replies":[{"embeddable":true,"href":"https:\/\/www.europesays.com\/no\/wp-json\/wp\/v2\/comments?post=123485"}],"version-history":[{"count":0,"href":"https:\/\/www.europesays.com\/no\/wp-json\/wp\/v2\/posts\/123485\/revisions"}],"wp:featuredmedia":[{"embeddable":true,"href":"https:\/\/www.europesays.com\/no\/wp-json\/wp\/v2\/media\/123486"}],"wp:attachment":[{"href":"https:\/\/www.europesays.com\/no\/wp-json\/wp\/v2\/media?parent=123485"}],"wp:term":[{"taxonomy":"category","embeddable":true,"href":"https:\/\/www.europesays.com\/no\/wp-json\/wp\/v2\/categories?post=123485"},{"taxonomy":"post_tag","embeddable":true,"href":"https:\/\/www.europesays.com\/no\/wp-json\/wp\/v2\/tags?post=123485"}],"curies":[{"name":"wp","href":"https:\/\/api.w.org\/{rel}","templated":true}]}}