{"id":123498,"date":"2025-12-29T08:19:15","date_gmt":"2025-12-29T08:19:15","guid":{"rendered":"https:\/\/www.europesays.com\/no\/123498\/"},"modified":"2025-12-29T08:19:15","modified_gmt":"2025-12-29T08:19:15","slug":"svarer-pa-romanseryktene-med-hollywood-stjerne","status":"publish","type":"post","link":"https:\/\/www.europesays.com\/no\/123498\/","title":{"rendered":"Svarer p\u00e5 romanseryktene med Hollywood-stjerne"},"content":{"rendered":"<p>        Saken oppsummert<\/p>\n<ul lang=\"nb-NO\">\n<li>Rykter om en romanse mellom Sydney Sweeney og Christian Pulisic har spredt seg fra italienske medier.<\/li>\n<li>Verken Sweeney eller Pulisic har bekreftet forholdet, men Pulisic har n\u00e5 kommentert ryktene.<\/li>\n<li>Pulisic ba p\u00e5 Instagram om at folk slutter \u00e5 dikte opp historier om hans privatliv.<\/li>\n<li>Han understreket viktigheten av \u00e5 holde kilder ansvarlige da det kan p\u00e5virke folks liv.<\/li>\n<\/ul>\n<p class=\"italic ai-disclaimer\" data-lab-italic=\"italic\">Oppsummeringen er laget med kunstig intelligens (KI) fra OpenAI. Innholdet er kvalitetssikret av TV 2s journalister. <a target=\"_blank\" href=\"https:\/\/hjelp.tv2.no\/info\/artikkel\/slik-jobber-vi-med-ki-i-tv-2\" title=\"Les om hvordan vi jobber med KI\" rel=\"nofollow noopener\">Les om hvordan vi jobber med KI<\/a><\/p>\n<p>Nylig ble det kjent at det <a href=\"https:\/\/www.tv2.no\/underholdning\/kobles-til-verdenskjent-fotballspiller\/18415454\/\" target=\"_blank\" rel=\"nofollow noopener\">svirrer romanserykter<\/a> mellom\u00a0Hollywood-stjernen Sydney Sweeney (28) og den amerikanske fotballspilleren Christian Pulisic (27).<\/p>\n<p>Ryktene har sin opprinnelse i italienske medier, men verken Sweeney eller Pulisic har bekreftet noe forhold.<\/p>\n<p>    <a class=\"article__link\" data-ga-active-label=\"\" data-ga-active-label-animation=\"\" href=\"https:\/\/www.tv2.no\/underholdning\/kobles-til-verdenskjent-fotballspiller\/18415454\/\" rel=\"nofollow noopener\" target=\"_blank\"><\/p>\n<p>    <img class=\"image__img lazyload\" itemprop=\"image\" title=\"\" alt=\"\" width=\"978\" height=\"411\" bad-src=\"https:\/\/www.europesays.com\/no\/wp-content\/uploads\/2025\/12\/18256961.webp.jpeg\" fetchpriority=\"auto\" \/><\/p>\n<p>\n            Kobles til verdenskjent fotballspiller\n        <\/p>\n<p>    <\/a><\/p>\n<p class=\"bold m-bold\" data-lab-font_weight=\"bold\">N\u00e5 tar imidlertid AC Milan-spilleren bladet fra munnen, og kommenterer romanseryktene.<\/p>\n<p>S\u00f8ndag kveld delte Pulisic en historie p\u00e5 sin Instagramprofil.<\/p>\n<p class=\"bold m-bold\" data-lab-font_weight=\"bold\">\u2013 V\u00e6r s\u00e5 snill \u00e5 slutt med \u00e5 dikte opp historier om mitt privatliv, skriver 27-\u00e5ringen innledningsvis.<\/p>\n<p>        <img class=\"image__img lazyload\" itemprop=\"image\" title=\"Foto: Skjermdump \/ Instagram \/ @cmpulisic\" alt=\"SVARER: AC Milan-spilleren hadde en tydelig oppfordring til de som spekulerer i hans privatliv. Foto: Skjermdump \/ Instagram \/ @cmpulisic\" width=\"675\" height=\"1458\" bad-src=\"https:\/\/www.europesays.com\/no\/wp-content\/uploads\/2025\/12\/18418136.webp.jpeg\" fetchpriority=\"auto\" \/><\/p>\n<p>      SVARER: AC Milan-spilleren hadde en tydelig oppfordring til de som spekulerer i hans privatliv.<br \/>\n         Foto: Skjermdump \/ Instagram \/ @cmpulisic<\/p>\n<p>\u2013 Man m\u00e5 holde kildene ansvarlige, det kan p\u00e5virke folks liv.<\/p>\n<p> Pulisic har tidligere v\u00e6rt koblet til golfspilleren Alexa Melton, mens Sweeney ble observert med forretningsmannen Scooter Braun (44) tidligere i h\u00f8st.<\/p>\n","protected":false},"excerpt":{"rendered":"Saken oppsummert Rykter om en romanse mellom Sydney Sweeney og Christian Pulisic har spredt seg fra italienske medier.&hellip;\n","protected":false},"author":2,"featured_media":123499,"comment_status":"","ping_status":"","sticky":false,"template":"","format":"standard","meta":{"footnotes":""},"categories":[5],"tags":[20,21,24,25,15,19,22,23,17,18,13,30,28,29,14,16,26,27],"class_list":{"0":"post-123498","1":"post","2":"type-post","3":"status-publish","4":"format-standard","5":"has-post-thumbnail","7":"category-overskrifter","8":"tag-breaking-news","9":"tag-breakingnews","10":"tag-featured-news","11":"tag-featurednews","12":"tag-headlines","13":"tag-hovedoppslag","14":"tag-latest-news","15":"tag-latestnews","16":"tag-main-news","17":"tag-mainnews","18":"tag-news","19":"tag-no","20":"tag-norge","21":"tag-norway","22":"tag-nyheter","23":"tag-overskrifter","24":"tag-top-stories","25":"tag-topstories"},"share_on_mastodon":{"url":"https:\/\/pubeurope.com\/@no\/115801880256583875","error":""},"_links":{"self":[{"href":"https:\/\/www.europesays.com\/no\/wp-json\/wp\/v2\/posts\/123498","targetHints":{"allow":["GET"]}}],"collection":[{"href":"https:\/\/www.europesays.com\/no\/wp-json\/wp\/v2\/posts"}],"about":[{"href":"https:\/\/www.europesays.com\/no\/wp-json\/wp\/v2\/types\/post"}],"author":[{"embeddable":true,"href":"https:\/\/www.europesays.com\/no\/wp-json\/wp\/v2\/users\/2"}],"replies":[{"embeddable":true,"href":"https:\/\/www.europesays.com\/no\/wp-json\/wp\/v2\/comments?post=123498"}],"version-history":[{"count":0,"href":"https:\/\/www.europesays.com\/no\/wp-json\/wp\/v2\/posts\/123498\/revisions"}],"wp:featuredmedia":[{"embeddable":true,"href":"https:\/\/www.europesays.com\/no\/wp-json\/wp\/v2\/media\/123499"}],"wp:attachment":[{"href":"https:\/\/www.europesays.com\/no\/wp-json\/wp\/v2\/media?parent=123498"}],"wp:term":[{"taxonomy":"category","embeddable":true,"href":"https:\/\/www.europesays.com\/no\/wp-json\/wp\/v2\/categories?post=123498"},{"taxonomy":"post_tag","embeddable":true,"href":"https:\/\/www.europesays.com\/no\/wp-json\/wp\/v2\/tags?post=123498"}],"curies":[{"name":"wp","href":"https:\/\/api.w.org\/{rel}","templated":true}]}}