{"id":123502,"date":"2025-12-29T08:21:46","date_gmt":"2025-12-29T08:21:46","guid":{"rendered":"https:\/\/www.europesays.com\/no\/123502\/"},"modified":"2025-12-29T08:21:46","modified_gmt":"2025-12-29T08:21:46","slug":"kultur-musikkaret-2025-musikkaret-2025-vi-triller-terningen-til-kardangs-bad-mistake-album","status":"publish","type":"post","link":"https:\/\/www.europesays.com\/no\/123502\/","title":{"rendered":"Kultur, Musikk\u00e5ret 2025 | Musikk\u00e5ret 2025: Vi triller terningen til Kardangs \u00abBad Mistake\u00bb-album"},"content":{"rendered":"<p data-content=\"lead-text\" class=\"lead-text story brick-c-eOZvhA\">\n<p>          Flekkefjord-bandet slapp h\u00f8sten 2025 sitt tredje studioalbum. Tradisjonen tro har de lagt turen til Riverside Studio i Kvinesdal, der Thomas Gallatin nok en gang sitter bak spakene. Resultatet er en produksjon som l\u00e5ter knall bra, og med god, jevn kvalitet p\u00e5 l\u00e5tene. Det eneste som savnes er sanger som skiller seg litt mer ut og kanskje er det blitt litt for trygge i sin sjanger og sound.\n      <\/p>\n","protected":false},"excerpt":{"rendered":"Flekkefjord-bandet slapp h\u00f8sten 2025 sitt tredje studioalbum. Tradisjonen tro har de lagt turen til Riverside Studio i Kvinesdal,&hellip;\n","protected":false},"author":2,"featured_media":81235,"comment_status":"","ping_status":"","sticky":false,"template":"","format":"standard","meta":{"footnotes":""},"categories":[58],"tags":[71,30,28,29,72],"class_list":{"0":"post-123502","1":"post","2":"type-post","3":"status-publish","4":"format-standard","5":"has-post-thumbnail","7":"category-underholdning","8":"tag-entertainment","9":"tag-no","10":"tag-norge","11":"tag-norway","12":"tag-underholdning"},"share_on_mastodon":{"url":"https:\/\/pubeurope.com\/@no\/115801888017411652","error":""},"_links":{"self":[{"href":"https:\/\/www.europesays.com\/no\/wp-json\/wp\/v2\/posts\/123502","targetHints":{"allow":["GET"]}}],"collection":[{"href":"https:\/\/www.europesays.com\/no\/wp-json\/wp\/v2\/posts"}],"about":[{"href":"https:\/\/www.europesays.com\/no\/wp-json\/wp\/v2\/types\/post"}],"author":[{"embeddable":true,"href":"https:\/\/www.europesays.com\/no\/wp-json\/wp\/v2\/users\/2"}],"replies":[{"embeddable":true,"href":"https:\/\/www.europesays.com\/no\/wp-json\/wp\/v2\/comments?post=123502"}],"version-history":[{"count":0,"href":"https:\/\/www.europesays.com\/no\/wp-json\/wp\/v2\/posts\/123502\/revisions"}],"wp:featuredmedia":[{"embeddable":true,"href":"https:\/\/www.europesays.com\/no\/wp-json\/wp\/v2\/media\/81235"}],"wp:attachment":[{"href":"https:\/\/www.europesays.com\/no\/wp-json\/wp\/v2\/media?parent=123502"}],"wp:term":[{"taxonomy":"category","embeddable":true,"href":"https:\/\/www.europesays.com\/no\/wp-json\/wp\/v2\/categories?post=123502"},{"taxonomy":"post_tag","embeddable":true,"href":"https:\/\/www.europesays.com\/no\/wp-json\/wp\/v2\/tags?post=123502"}],"curies":[{"name":"wp","href":"https:\/\/api.w.org\/{rel}","templated":true}]}}