{"id":123503,"date":"2025-12-29T08:24:22","date_gmt":"2025-12-29T08:24:22","guid":{"rendered":"https:\/\/www.europesays.com\/no\/123503\/"},"modified":"2025-12-29T08:24:22","modified_gmt":"2025-12-29T08:24:22","slug":"det-er-veldig-irriterende","status":"publish","type":"post","link":"https:\/\/www.europesays.com\/no\/123503\/","title":{"rendered":"\u2013 Det er veldig irriterende!"},"content":{"rendered":"<p class=\"kicker t14 tm14 font-NotoSans\" style=\"\"><a href=\"https:\/\/www.abcnyheter.no\/livsstil\" target=\"_blank\" rel=\"nofollow noopener\">Livsstil<\/a><\/p>\n<p>    To ting forbauser entusiasten.<\/p>\n<p>\n        TESLA-STIKK: Det er s\u00e6rlig to ting som irriterer Eyvind Hellstr\u00f8m i trafikken.<br \/>\n        Broom\n    <\/p>\n<p class=\"italic m-italic\" data-lab-italic=\"italic\">(<a href=\"https:\/\/www.tv2.no\/broom\/hellstrom-med-tesla-stikk-det-er-veldig-irriterende\/18385664\/\" rel=\"nofollow noopener\" target=\"_blank\">Artikkelen<\/a> er f\u00f8rst publisert av <a href=\"https:\/\/www.tv2.no\/broom?r=refresh\" rel=\"nofollow noopener\" target=\"_blank\">Broom<\/a>):<\/p>\n<p>\u2013 Jeg mener selv jeg er en god sj\u00e5f\u00f8r og har blitt mye roligere med \u00e5rene. Men det er s\u00e6rlig to ting som irriterer i trafikken. For det f\u00f8rste er det alt for mange n\u00f8lere. Folk er usikre og \u00f8delegger den jevne flyten.<\/p>\n<p>Det forteller Eyvind Hellstr\u00f8m, som er gjest i Brooms podcast 0-100. Men det er \u00e9n ting som f\u00e5r mesterkokken litt ekstra irritert.<\/p>\n<p>\u2013 Ja, hvorfor bruker aldri Tesla-sj\u00e5f\u00f8rer blinklys? Jeg skj\u00f8nner det ikke! Igjen handler dette om flyt i trafikken. Jeg tenker at Tesla-sj\u00e5f\u00f8rer kan bli flinkere p\u00e5 akkurat det, sier bilentusiasten, som selv kj\u00f8rer Mercedes G580.<\/p>\n<p><a href=\"https:\/\/open.spotify.com\/episode\/5S6o2NxR4hdf87KRkD0rRM?si=b52302339c554f66\" target=\"_blank\" rel=\"nofollow noopener\">F\u00e5 med deg hele intervjuet i podcasten her.<\/a><\/p>\n<p>Sparer flere tusen i m\u00e5neden<\/p>\n<p>                <img decoding=\"async\" src=\"https:\/\/www.europesays.com\/no\/wp-content\/uploads\/2025\/12\/1350384.webp.jpeg\" width=\"480\" height=\"274\" title=\"IKON: Du skal ha et godt trent \u00f8ye for \u00e5 skille elektriske G-Klasse fra sine bensin- og diesels\u00f8sken.\" alt=\"\" loading=\"lazy\" style=\"\"\/><\/p>\n<p>\n            IKON: Du skal ha et godt trent \u00f8ye for \u00e5 skille elektriske G-Klasse fra sine bensin- og diesels\u00f8sken.<br \/>\n            Broom\n        <\/p>\n<p>Hellstr\u00f8m har i mange \u00e5r kj\u00f8rt Mercedes G-Klasse, eller Gel\u00e4ndewagen, som mange fortsatt kaller den.<\/p>\n<p>F\u00f8r 77-\u00e5ringen gikk over til elektrisk versjon av den ikoniske modellen, var det G700 Brabus med V8-motor som gjaldt.<\/p>\n<p>\u2013 Jeg savner s\u00e5 klart lyden innimellom, men jeg savner ikke bensinpengene. N\u00e5 sparer jeg flere tusen i m\u00e5neden bare p\u00e5 bensin. Samtidig mener jeg elektriske G-Klasse byr p\u00e5 de viktigste egenskapene jeg liker ved bilen. Komfort, trygghetsf\u00f8lelse ogs\u00e5 er man jo litt sjef p\u00e5 veien, smiler han.<\/p>\n<p><a href=\"https:\/\/www.tv2.no\/broom\/fra-bensin-til-elbil-ikke-spor-meg-hvorfor-1\/17878458\/\" target=\"_blank\" rel=\"nofollow noopener\">Fra bensin- til elbil: \u2013 Ikke sp\u00f8r meg hvorfor!<\/a><\/p>\n","protected":false},"excerpt":{"rendered":"Livsstil To ting forbauser entusiasten. TESLA-STIKK: Det er s\u00e6rlig to ting som irriterer Eyvind Hellstr\u00f8m i trafikken. Broom&hellip;\n","protected":false},"author":2,"featured_media":123504,"comment_status":"","ping_status":"","sticky":false,"template":"","format":"standard","meta":{"footnotes":""},"categories":[56],"tags":[60,61,62,30,28,29],"class_list":{"0":"post-123503","1":"post","2":"type-post","3":"status-publish","4":"format-standard","5":"has-post-thumbnail","7":"category-naeringsliv","8":"tag-business","9":"tag-economy","10":"tag-naeringsliv","11":"tag-no","12":"tag-norge","13":"tag-norway"},"share_on_mastodon":{"url":"https:\/\/pubeurope.com\/@no\/115801900014074135","error":""},"_links":{"self":[{"href":"https:\/\/www.europesays.com\/no\/wp-json\/wp\/v2\/posts\/123503","targetHints":{"allow":["GET"]}}],"collection":[{"href":"https:\/\/www.europesays.com\/no\/wp-json\/wp\/v2\/posts"}],"about":[{"href":"https:\/\/www.europesays.com\/no\/wp-json\/wp\/v2\/types\/post"}],"author":[{"embeddable":true,"href":"https:\/\/www.europesays.com\/no\/wp-json\/wp\/v2\/users\/2"}],"replies":[{"embeddable":true,"href":"https:\/\/www.europesays.com\/no\/wp-json\/wp\/v2\/comments?post=123503"}],"version-history":[{"count":0,"href":"https:\/\/www.europesays.com\/no\/wp-json\/wp\/v2\/posts\/123503\/revisions"}],"wp:featuredmedia":[{"embeddable":true,"href":"https:\/\/www.europesays.com\/no\/wp-json\/wp\/v2\/media\/123504"}],"wp:attachment":[{"href":"https:\/\/www.europesays.com\/no\/wp-json\/wp\/v2\/media?parent=123503"}],"wp:term":[{"taxonomy":"category","embeddable":true,"href":"https:\/\/www.europesays.com\/no\/wp-json\/wp\/v2\/categories?post=123503"},{"taxonomy":"post_tag","embeddable":true,"href":"https:\/\/www.europesays.com\/no\/wp-json\/wp\/v2\/tags?post=123503"}],"curies":[{"name":"wp","href":"https:\/\/api.w.org\/{rel}","templated":true}]}}