{"id":123505,"date":"2025-12-29T08:25:35","date_gmt":"2025-12-29T08:25:35","guid":{"rendered":"https:\/\/www.europesays.com\/no\/123505\/"},"modified":"2025-12-29T08:25:35","modified_gmt":"2025-12-29T08:25:35","slug":"donald-trump-og-volodymyr-zelenskyj-motes-sondag","status":"publish","type":"post","link":"https:\/\/www.europesays.com\/no\/123505\/","title":{"rendered":"Donald Trump og Volodymyr Zelenskyj m\u00f8tes s\u00f8ndag"},"content":{"rendered":"\n<ul class=\"_list_o9xde_3 _list_64s2r_85 _unordered_o9xde_106 text-sans-m\">\n<li class=\"_item_o9xde_30\">Trump og Zelenskyj m\u00f8tes p\u00e5 Mar-a-Lago i Florida s\u00f8ndag. <\/li>\n<li class=\"_item_o9xde_30\">De m\u00f8tte pressen rundt klokken 19.30 norsk tid. F\u00f8r dette snakket Trump og Putin p\u00e5 telefonen.<\/li>\n<li class=\"_item_o9xde_30\">M\u00e5let med samtalene er \u00e5 diskutere fredsplanen for Ukraina og Russland. <\/li>\n<li class=\"_item_o9xde_30\">De to presidentene mener begge at de er n\u00e6rmere enighet.<\/li>\n<li class=\"_item_o9xde_30\">Krigen startet da Russland tok kontroll over Krym-halv\u00f8ya i 2014.<\/li>\n<\/ul>\n<p>Vis mer <\/p>\n<p class=\"_paragraph_o9xde_4 _paragraph_xtcu6_10 layout-component text-serif-m layout-normal text-serif-m layout-padded\">Like f\u00f8r klokken 23.00 ankom Trump talerstolen og ramset opp de europeiske lederne han nettopp hadde snakket med.<\/p>\n<p class=\"_paragraph_o9xde_4 _paragraph_xtcu6_10 layout-component text-serif-m layout-normal text-serif-m layout-padded\">\u2013 Vi hadde et fantastisk m\u00f8te. Vi gjorde store fremskritt.<\/p>\n<p class=\"_paragraph_o9xde_4 _paragraph_xtcu6_10 layout-component text-serif-m layout-normal text-serif-m layout-padded\">Men han understreket at dette ikke er gjort p\u00e5 \u00e9n dag.<\/p>\n<p class=\"_paragraph_o9xde_4 _paragraph_xtcu6_10 layout-component text-serif-m layout-normal text-serif-m layout-padded\">F\u00f8r m\u00f8tet med de europeiske lederne s\u00f8ndag kveld, rundt klokken 19.30 norsk tid, m\u00f8ttes de to presidentene p\u00e5 Trumps eiendom Mar-a-Lago i Florida.<\/p>\n<p><img alt=\"Volodymyr Zelenskyj og Donald Trump utenfor Mar-a-Lago s\u00f8ndag kveld.   Foto: Jonathan Ernst \/ Reuters \/ NTB\" class=\"_image_qp4xg_65 layout-component layout-normal\" data-fullscreen- data-track-element-type=\"Article image fullscreen\" data-track-name=\"ImageFullscreen\" decoding=\"async\" loading=\"lazy\" height=\"2656\" itemprop=\"image\"  src=\"https:\/\/www.europesays.com\/no\/wp-content\/uploads\/2025\/12\/9ac0879b-a527-47b6-986c-2fd41ac47eb5.jpeg\"  style=\"object-position:0% 0%\" width=\"3984\"\/>Volodymyr Zelenskyj og Donald Trump utenfor Mar-a-Lago s\u00f8ndag kveld.   Foto: Jonathan Ernst \/ Reuters \/ NTB<\/p>\n<p class=\"_paragraph_o9xde_4 _paragraph_xtcu6_10 layout-component text-serif-m layout-normal text-serif-m layout-padded\">Trump hevdet at han hadde l\u00f8st \u00e5tte kriger, uten \u00e5 spesifisere hvilke dette var snakk om.<\/p>\n<p class=\"_paragraph_o9xde_4 _paragraph_xtcu6_10 layout-component text-serif-m layout-normal text-serif-m layout-padded\">\u2013 Dette er den vanskeligste, sa han p\u00e5 trappene til eiendommen med Zelenskyj ved sin side.<\/p>\n<p class=\"_paragraph_o9xde_4 _paragraph_xtcu6_10 layout-component text-serif-m layout-normal text-serif-m layout-padded\">Den amerikanske presidenten omtaler <a href=\"https:\/\/www.vg.no\/tag\/invasjonen-av-ukraina?utm_source=vg-article&amp;utm_medium=auto-tagger&amp;utm_campaign=vrQ8xw\" class=\"_link_o9xde_39\" rel=\"nofollow noopener\" target=\"_blank\">krigen i Ukraina<\/a> som den st\u00f8rste og mest d\u00f8delige siden andre verdenskrig.<\/p>\n<p class=\"_paragraph_o9xde_4 _paragraph_xtcu6_10 layout-component text-serif-m layout-normal layout-padded\"><strong class=\"_strong_o9xde_25\">Les ogs\u00e5:<\/strong> <a href=\"https:\/\/www.vg.no\/i\/lwdd0y\" data-track-element-type=\"Link\" data-track-id=\"link:lwdd0y\" class=\"_link_o9xde_39\" rel=\"nofollow noopener\" target=\"_blank\">Trump hevder han har stanset seks kriger<\/a><\/p>\n<p> \u2013 N\u00f8kkelen til \u00e5 oppn\u00e5 varig fred<\/p>\n<p class=\"_paragraph_o9xde_4 _paragraph_xtcu6_10 layout-component text-serif-m layout-normal text-serif-m layout-padded\">\u2013 Vi skal finne m\u00e5ter for \u00e5 omg\u00e5 Putins v\u00e5penhvile-motstand, sa Trump og la til at det er en \u00e6re \u00e5 ha Zelenskyj p\u00e5 bes\u00f8k.<\/p>\n<p class=\"_paragraph_o9xde_4 _paragraph_xtcu6_10 layout-component text-serif-m layout-normal text-serif-m layout-padded\">If\u00f8lge den amerikanske presidenten har lederne diskutert omtrent alle temaene.<\/p>\n<p class=\"_paragraph_o9xde_4 _paragraph_xtcu6_10 layout-component text-serif-m layout-normal text-serif-m layout-padded\">Ogs\u00e5 den ukrainske presidenten sier seg enig i at lederne har hatt en sv\u00e6rt god diskusjon.<\/p>\n<p class=\"_paragraph_o9xde_4 _paragraph_xtcu6_10 layout-component text-serif-m layout-normal text-serif-m layout-padded\">\u2013 V\u00e5rt team skal m\u00f8tes i l\u00f8pet av de neste ukene for \u00e5 ferdigstille fredsplanen.<\/p>\n<p class=\"_paragraph_o9xde_4 _paragraph_xtcu6_10 layout-component text-serif-m layout-normal text-serif-m layout-padded\">\u2013 Ukraina er klare for fred, sier Zelenskyj.<\/p>\n<p><img alt=\"B\u00e5de de amerikanske og ukrainske teamene vil fortsette \u00e5 jobbe med fredsplanen fremover.  Foto: Jonathan Ernst \/ Reuters \/ NTB\" class=\"_image_qp4xg_65 layout-component layout-normal\" data-fullscreen- data-track-element-type=\"Article image fullscreen\" data-track-name=\"ImageFullscreen\" decoding=\"async\" loading=\"lazy\" height=\"2613\" itemprop=\"image\"  src=\"https:\/\/www.europesays.com\/no\/wp-content\/uploads\/2025\/12\/b389ecfc-a67a-4ab5-821c-aa60294c303a.jpeg\"  style=\"object-position:0% 0%\" width=\"3920\"\/>B\u00e5de de amerikanske og ukrainske teamene vil fortsette \u00e5 jobbe med fredsplanen fremover.  Foto: Jonathan Ernst \/ Reuters \/ NTB<\/p>\n<p class=\"_paragraph_o9xde_4 _paragraph_xtcu6_10 layout-component text-serif-m layout-normal text-serif-m layout-padded\">Det var stor enighet om at sikkerhetsgarantiene er n\u00f8kkelen til \u00e5 oppn\u00e5 varig fred.<\/p>\n<p class=\"_paragraph_o9xde_4 _paragraph_xtcu6_10 layout-component text-serif-m layout-normal text-serif-m layout-padded\">Den ukrainske presidenten uttalte at det er rundt 90 prosent enighet rundt fredsplanen, og hele 100 prosent enighet rundt sikkerhetsgarantier.<\/p>\n<p class=\"_paragraph_o9xde_4 _paragraph_xtcu6_10 layout-component text-serif-m layout-normal text-serif-m layout-padded\">Det til litt motstand fra Trump som heller sier det er 95 prosent enighet rundt sikkerhetsgarantiene.<\/p>\n<p class=\"_paragraph_o9xde_4 _paragraph_xtcu6_10 layout-component text-serif-m layout-normal text-serif-m layout-padded\">If\u00f8lge Zelenskyj skal Trump ta imot ham og alle de europeiske lederne for nye fredssamtaler i Washington i Januar, skriver Reuters. <\/p>\n<p class=\"_paragraph_o9xde_4 _paragraph_xtcu6_10 layout-component text-serif-m layout-normal text-serif-m layout-padded\">Frankrikes president Emmanuel Macron sier at landene i koalisjonen av de villige vil samles for \u00e5 gj\u00f8re ferdig sine konkrete forslag i Paris etter nytt\u00e5r. <\/p>\n<p> \u2013 Kommer n\u00e6rmere til en enighet<\/p>\n<p class=\"_paragraph_o9xde_4 _paragraph_xtcu6_10 layout-component text-serif-m layout-normal text-serif-m layout-padded\">Det er imidlertid enkelte saker som de to ikke er enige om, if\u00f8lge ham:<\/p>\n<p class=\"_paragraph_o9xde_4 _paragraph_xtcu6_10 layout-component text-serif-m layout-normal text-serif-m layout-padded\">\u2013 Det er en vanskelig situasjon.<\/p>\n<p class=\"_paragraph_o9xde_4 _paragraph_xtcu6_10 layout-component text-serif-m layout-normal text-serif-m layout-padded\">Noe av det som n\u00e5 gjenst\u00e5r \u00e5 bli enige om er sp\u00f8rsm\u00e5let rundt landomr\u00e5der.<\/p>\n<p class=\"_paragraph_o9xde_4 _paragraph_xtcu6_10 layout-component text-serif-m layout-normal text-serif-m layout-padded\">N\u00e5r den amerikanske presidenten f\u00e5r sp\u00f8rsm\u00e5l om de har kommet til enighet om Donbas, svarer han f\u00f8lgende:<\/p>\n<p class=\"_paragraph_o9xde_4 _paragraph_xtcu6_10 layout-component text-serif-m layout-normal text-serif-m layout-padded\"><strong class=\"_strong_o9xde_25\">\u2013 Enighet er et sterkt ord, men vi kommer n\u00e6rmere til en enighet. Det er ul\u00f8st, men vi er mye n\u00e6rmere.<\/strong><\/p>\n<p class=\"_paragraph_o9xde_4 _paragraph_xtcu6_10 layout-component text-serif-m layout-normal text-serif-m layout-padded\">P\u00e5 et annet sp\u00f8rsm\u00e5l der det sies at Russland ber Ukraina om \u00e5 gi opp Donbas, kommenterer Trump at \u00abdet er et problem de m\u00e5 rydde opp i\u00bb.<\/p>\n<p class=\"_paragraph_o9xde_4 _paragraph_xtcu6_10 layout-component text-serif-m layout-normal text-serif-m layout-padded\">Men han er klar p\u00e5 at han tror det beveger seg i riktig retning.<\/p>\n<p class=\"_paragraph_o9xde_4 _paragraph_xtcu6_10 layout-component text-serif-m layout-normal text-serif-m layout-padded\">Donbas er en av de store sakene som de sliter med \u00e5 komme til enighet om, og if\u00f8lge<a href=\"https:\/\/www.bbc.com\/news\/articles\/cr4d99p63y4o\" class=\"_link_o9xde_39\" rel=\"nofollow noopener\" target=\"_blank\"> BBC<\/a> kontrollerer russerne omtrent 75 prosent av Donetsk Oblast.<\/p>\n<p class=\"_paragraph_o9xde_4 _paragraph_xtcu6_10 layout-component text-serif-m layout-normal text-serif-m layout-padded\">Avtalen m\u00e5 trolig forankres hos ukrainere med en folkeavstemning, sa Trump.<\/p>\n<p> \u2013 Han tar feil<\/p>\n<p class=\"_paragraph_o9xde_4 _paragraph_xtcu6_10 layout-component text-serif-m layout-normal text-serif-m layout-padded\">VG snakket med Civita-medlem og USA-ekspert Eirik L\u00f8kke etter at Trump og Zelenskyj snakket med pressen f\u00f8r m\u00f8tet med de europeiske lederne.<\/p>\n<p class=\"_paragraph_o9xde_4 _paragraph_xtcu6_10 layout-component text-serif-m layout-normal text-serif-m layout-padded\">Da sa Trump at han trodde ogs\u00e5 Putin \u00f8nsket fred.<\/p>\n<p class=\"_paragraph_o9xde_4 _paragraph_xtcu6_10 layout-component text-serif-m layout-normal text-serif-m layout-padded\">Dette kaller L\u00f8kke for \u00abt\u00f8v\u00bb:<\/p>\n<p class=\"_paragraph_o9xde_4 _paragraph_xtcu6_10 layout-component text-serif-m layout-normal text-serif-m layout-padded\">\u2013 Han tar feil. Putin \u00f8nsker ikke fred, sier han til VG.<\/p>\n<p><img decoding=\"async\" alt=\"Bilde av Eirik L\u00f8kke\" class=\"_image_ygndg_42\" height=\"32\" itemprop=\"image\" loading=\"lazy\"  src=\"https:\/\/www.europesays.com\/no\/wp-content\/uploads\/2025\/12\/7fb8731e-bbda-4fa8-a397-a75b305ffc3b.jpeg\"  width=\"40\"\/><strong class=\"_name_ygndg_51 title-serif-xs\">Eirik L\u00f8kke<\/strong><\/p>\n<p class=\"_paragraph_o9xde_4 text-sans-m _description_ygndg_56\">USA-ekspert og r\u00e5dgiver i tenketanken Civita<\/p>\n<p class=\"_paragraph_o9xde_4 _paragraph_xtcu6_10 layout-component text-serif-m layout-normal text-serif-m layout-padded\">Et av temaene for dagens m\u00f8te var sikkerhetsgarantier for Ukraina. <\/p>\n<p class=\"_paragraph_o9xde_4 _paragraph_xtcu6_10 layout-component text-serif-m layout-normal text-serif-m layout-padded\">Da Trump ble spurt p\u00e5 trappen inn til Mar-a-Lago, uttalte han at ingen vet hvordan disse garantiene vil se ut.<\/p>\n<p class=\"_paragraph_o9xde_4 _paragraph_xtcu6_10 layout-component text-serif-m layout-normal text-serif-m layout-padded\">L\u00f8kke spekulerer i hva som vil skje dersom Ukraina sier seg villig til \u00e5 gi fra seg landomr\u00e5der mot store sikkerhetsgarantier fra USA. <\/p>\n<p class=\"_paragraph_o9xde_4 _paragraph_xtcu6_10 layout-component text-serif-m layout-normal text-serif-m layout-padded\">\u2013 Da vil bare Putin flytte m\u00e5lstolpen enda n\u00e6rmere. Da vil han ha mer.<\/p>\n<p> \u2013 I siste fase<\/p>\n<p class=\"_paragraph_o9xde_4 _paragraph_xtcu6_10 layout-component text-serif-m layout-normal text-serif-m layout-padded\">Trump er tydelig p\u00e5 at han har troen p\u00e5 at de skal klare \u00e5 f\u00e5 slutt p\u00e5 krigen.<\/p>\n<p class=\"_paragraph_o9xde_4 _paragraph_xtcu6_10 layout-component text-serif-m layout-normal text-serif-m layout-padded\">\u2013 Putin vil ha fred, sa han.<\/p>\n<p class=\"_paragraph_o9xde_4 _paragraph_xtcu6_10 layout-component text-serif-m layout-normal text-serif-m layout-padded\">If\u00f8lge den amerikanske presidenten er forhandlingene i siste fase:<\/p>\n<p class=\"_paragraph_o9xde_4 _paragraph_xtcu6_10 layout-component text-serif-m layout-normal text-serif-m layout-padded\">\u2013 Vi har to villige sider, to villige land. Jeg tror vi har grunnlaget for en avtale.<\/p>\n<p><img alt=\"President Volodymyr Zelenskyj ankom Florida like etter klokken 15.30 norsk tid.   Foto: AP\" class=\"_image_qp4xg_65 layout-component layout-normal\" data-fullscreen- data-track-element-type=\"Article image fullscreen\" data-track-name=\"ImageFullscreen\" decoding=\"async\" loading=\"lazy\" height=\"2032\" itemprop=\"image\"  src=\"https:\/\/www.europesays.com\/no\/wp-content\/uploads\/2025\/12\/7d78b60d-dd60-46b6-9319-57666fd78d7e.jpeg\"  style=\"object-position:0% 0%\" width=\"3634\"\/>President Volodymyr Zelenskyj ankom Florida like etter klokken 15.30 norsk tid.   Foto: AP<\/p>\n<p class=\"_paragraph_o9xde_4 _paragraph_xtcu6_10 layout-component text-serif-m layout-normal text-serif-m layout-padded\">Trump understreket derimot at de ikke har satt en tidsfrist.<\/p>\n<p class=\"_paragraph_o9xde_4 _paragraph_xtcu6_10 layout-component text-serif-m layout-normal text-serif-m layout-padded\">Zelenskyj uttalte p\u00e5 sin side at han h\u00e5pet fredsplanen ville gi fred s\u00e5 fort som mulig. <\/p>\n<p class=\"_paragraph_o9xde_4 _paragraph_xtcu6_10 layout-component text-serif-m layout-normal text-serif-m layout-padded\">Han forteller at de ukrainske og amerikanske teamene har gjort \u00abdet de kan\u00bb for \u00e5 utarbeide en fredsplan, og poengterer at det har v\u00e6rt fremskritt i forhandlingene de siste m\u00e5nedene<\/p>\n<p> Snakket med Putin rett f\u00f8r m\u00f8tet<\/p>\n<p class=\"_paragraph_o9xde_4 _paragraph_xtcu6_10 layout-component text-serif-m layout-normal text-serif-m layout-padded\">Kort tid f\u00f8r m\u00f8tet sier den amerikanske presidenten at han har snakket med Russlands president Vladimir Putin over telefon.<\/p>\n<p class=\"_paragraph_o9xde_4 _paragraph_xtcu6_10 layout-component text-serif-m layout-normal text-serif-m layout-padded\"><strong class=\"_strong_o9xde_25\">Telefonsamtalen omtaler han som \u00abgod og veldig produktiv\u00bb, p\u00e5 Truth Social.<\/strong><\/p>\n<p><img alt=\"I august i \u00e5r m\u00f8ttes Trump og Putin i Alaska.  Foto: Julia Demaree Nikhinson \/ AP \/ NTB\" class=\"_image_qp4xg_65 layout-component layout-normal\" data-fullscreen- data-track-element-type=\"Article image fullscreen\" data-track-name=\"ImageFullscreen\" decoding=\"async\" loading=\"lazy\" height=\"2313\" itemprop=\"image\"  src=\"https:\/\/www.europesays.com\/no\/wp-content\/uploads\/2025\/12\/7cb358d5-019e-4123-9d1f-a768b20f7c96.jpeg\"  style=\"object-position:0% 0%\" width=\"3459\"\/>I august i \u00e5r m\u00f8ttes Trump og Putin i Alaska.  Foto: Julia Demaree Nikhinson \/ AP \/ NTB<\/p>\n<p class=\"_paragraph_o9xde_4 _paragraph_xtcu6_10 layout-component text-serif-m layout-normal text-serif-m layout-padded\">Russland bekrefter samtalen mellom Putin og Trump, og beskriver tonen som vennlig.<\/p>\n<p class=\"_paragraph_o9xde_4 _paragraph_xtcu6_10 layout-component text-serif-m layout-normal text-serif-m layout-padded\">Under samtalen, som skal ha vart i \u00e9n time og femten minutter, ble det ogs\u00e5 utvekslet julehilsener.<\/p>\n<p class=\"_paragraph_o9xde_4 _paragraph_xtcu6_10 layout-component text-serif-m layout-normal text-serif-m layout-padded\">Yuri Usjakov, Kreml-r\u00e5dgiver, sier at de to skal snakke igjen etter m\u00f8tet med Zelenskyj, if\u00f8lge Reuters.<\/p>\n<p> St\u00f8re deltok i m\u00f8tet<\/p>\n<p class=\"_paragraph_o9xde_4 _paragraph_xtcu6_10 layout-component text-serif-m layout-normal text-serif-m layout-padded\">Da Trump listet opp de europeiske lederne som var til stede under m\u00f8tet, nevnte han Norges statsminister Jonas Gahr St\u00f8re.<\/p>\n<p class=\"_paragraph_o9xde_4 _paragraph_xtcu6_10 layout-component text-serif-m layout-normal text-serif-m layout-padded\">Ogs\u00e5 l\u00f8rdag deltok St\u00f8re i et digitalt m\u00f8te med Zelenskyj.<\/p>\n<p class=\"_paragraph_o9xde_4 _paragraph_xtcu6_10 layout-component text-serif-m layout-normal text-serif-m layout-padded\">\u2013 Vi gikk gjennom det omfattende diplomatiske arbeidet som p\u00e5g\u00e5r for \u00e5 bidra til en slutt p\u00e5 krigen og en varig og rettferdig fredsl\u00f8sning. Ukraina har bred europeisk st\u00f8tte n\u00e5r president Zelenskyj i morgen m\u00f8ter president Trump i USA, uttalte statsministeren til NTB.<\/p>\n<p><img alt=\"I oktober i \u00e5r var Ukrainas president og f\u00f8rstedamen p\u00e5 bes\u00f8k i Norge.  Foto: Javad Parsa \/ NTB\" class=\"_image_qp4xg_65 layout-component layout-normal\" data-fullscreen- data-track-element-type=\"Article image fullscreen\" data-track-name=\"ImageFullscreen\" decoding=\"async\" loading=\"lazy\" height=\"5126\" itemprop=\"image\"  src=\"https:\/\/www.europesays.com\/no\/wp-content\/uploads\/2025\/12\/1445118a-8dd7-46bc-98ed-5eb80e3040f3.png\"  style=\"object-position:0% 0%\" width=\"7689\"\/>I oktober i \u00e5r var Ukrainas president og f\u00f8rstedamen p\u00e5 bes\u00f8k i Norge.  Foto: Javad Parsa \/ NTB<\/p>\n<p class=\"_paragraph_o9xde_4 _paragraph_xtcu6_10 layout-component text-serif-m layout-normal text-serif-m layout-padded\">Tidligere denne m\u00e5neden uttalte president Vladimir Putin at Russland vil ta kontroll over hele omr\u00e5det enten med milit\u00e6re midler eller p\u00e5 andre m\u00e5ter, if\u00f8lge det russiske nyhetsbyr\u00e5et Ria.<\/p>\n<p class=\"_paragraph_o9xde_4 _paragraph_xtcu6_10 layout-component text-serif-m layout-normal text-serif-m layout-padded\">Zaporizjzja er Europas st\u00f8rste atomkraftverk. Det ligger i et territorium som Russland har kontroll over milit\u00e6rt, men som Ukraina fortsatt krever kontroll over.<\/p>\n<p class=\"_paragraph_o9xde_4 _paragraph_xtcu6_10 layout-component text-serif-m layout-normal text-serif-m layout-padded\">Etter Zelenskyjs m\u00f8te med Trump vil han igjen delta i et telefonm\u00f8te med europeiske ledere. <\/p>\n<p> Hadde en samtale med Starmer<\/p>\n<p class=\"_paragraph_o9xde_4 _paragraph_xtcu6_10 layout-component text-serif-m layout-normal text-serif-m layout-padded\">S\u00f8ndag morgen hadde Zelenskyj og Storbritannias statsminister Keir Starmer en \u00abdetaljert telefonsamtale\u00bb, if\u00f8lge den ukrainske presidenten.<\/p>\n<p class=\"_paragraph_o9xde_4 _paragraph_xtcu6_10 layout-component text-serif-m layout-normal text-serif-m layout-padded\">P\u00e5 X skriver han at de to diskuterte forberedelser f\u00f8r m\u00f8tet med Trump, samt relasjonen mellom de europeiske partene.<\/p>\n<p class=\"_paragraph_o9xde_4 _paragraph_xtcu6_10 layout-component text-serif-m layout-normal text-serif-m layout-padded\">\u2013 Jeg informerte ham om situasjonen p\u00e5 frontlinjen og om konsekvensene av russiske angrep, skriver Zelenskyj videre.<\/p>\n","protected":false},"excerpt":{"rendered":"Trump og Zelenskyj m\u00f8tes p\u00e5 Mar-a-Lago i Florida s\u00f8ndag. De m\u00f8tte pressen rundt klokken 19.30 norsk tid. F\u00f8r&hellip;\n","protected":false},"author":2,"featured_media":123506,"comment_status":"","ping_status":"","sticky":false,"template":"","format":"standard","meta":{"footnotes":""},"categories":[12],"tags":[20,21,55,24,25,15,179,22,23,13,30,28,29,14,16,26,27,50,42,186,488,43,44,45],"class_list":{"0":"post-123505","1":"post","2":"type-post","3":"status-publish","4":"format-standard","5":"has-post-thumbnail","7":"category-verden","8":"tag-breaking-news","9":"tag-breakingnews","10":"tag-donald-trump","11":"tag-featured-news","12":"tag-featurednews","13":"tag-headlines","14":"tag-krigen-i-ukraina","15":"tag-latest-news","16":"tag-latestnews","17":"tag-news","18":"tag-no","19":"tag-norge","20":"tag-norway","21":"tag-nyheter","22":"tag-overskrifter","23":"tag-top-stories","24":"tag-topstories","25":"tag-usa","26":"tag-verden","27":"tag-vladimir-putin","28":"tag-volodymyr-zelenskyj","29":"tag-world","30":"tag-world-news","31":"tag-worldnews"},"share_on_mastodon":{"url":"https:\/\/pubeurope.com\/@no\/115801903902716664","error":""},"_links":{"self":[{"href":"https:\/\/www.europesays.com\/no\/wp-json\/wp\/v2\/posts\/123505","targetHints":{"allow":["GET"]}}],"collection":[{"href":"https:\/\/www.europesays.com\/no\/wp-json\/wp\/v2\/posts"}],"about":[{"href":"https:\/\/www.europesays.com\/no\/wp-json\/wp\/v2\/types\/post"}],"author":[{"embeddable":true,"href":"https:\/\/www.europesays.com\/no\/wp-json\/wp\/v2\/users\/2"}],"replies":[{"embeddable":true,"href":"https:\/\/www.europesays.com\/no\/wp-json\/wp\/v2\/comments?post=123505"}],"version-history":[{"count":0,"href":"https:\/\/www.europesays.com\/no\/wp-json\/wp\/v2\/posts\/123505\/revisions"}],"wp:featuredmedia":[{"embeddable":true,"href":"https:\/\/www.europesays.com\/no\/wp-json\/wp\/v2\/media\/123506"}],"wp:attachment":[{"href":"https:\/\/www.europesays.com\/no\/wp-json\/wp\/v2\/media?parent=123505"}],"wp:term":[{"taxonomy":"category","embeddable":true,"href":"https:\/\/www.europesays.com\/no\/wp-json\/wp\/v2\/categories?post=123505"},{"taxonomy":"post_tag","embeddable":true,"href":"https:\/\/www.europesays.com\/no\/wp-json\/wp\/v2\/tags?post=123505"}],"curies":[{"name":"wp","href":"https:\/\/api.w.org\/{rel}","templated":true}]}}