{"id":123507,"date":"2025-12-29T08:26:26","date_gmt":"2025-12-29T08:26:26","guid":{"rendered":"https:\/\/www.europesays.com\/no\/123507\/"},"modified":"2025-12-29T08:26:26","modified_gmt":"2025-12-29T08:26:26","slug":"den-autoritaere-donald-trump-e24","status":"publish","type":"post","link":"https:\/\/www.europesays.com\/no\/123507\/","title":{"rendered":"Den autorit\u00e6re Donald Trump \u2013 E24"},"content":{"rendered":"<p class=\"fullWidthDesktop hyperion-css-71ztg2\" data-test-tag=\"lead-text\">Styrer Donald Trump mot et autorit\u00e6rt styresett? Ja, svarer dagens gjest.  <\/p>\n<p><img decoding=\"async\" class=\"image-asset hyperion-css-u06ts1\" data-test-tag=\"image-asset\" src=\"https:\/\/www.europesays.com\/no\/wp-content\/uploads\/2025\/12\/e8eaed7c-f912-4ebd-bcc6-80f104a39f72.jpeg\"  alt=\"\"  loading=\"eager\" fetchpriority=\"high\" style=\"aspect-ratio:1024 \/ 768\"\/> Foto: Erik Andr\u00e9 Holm-Nyvold\/PodmePublisert: Publisert: <\/p>\n<p>I g\u00e5r 08:57<\/p>\n<ul class=\"hyperion-css-pte5x0\">\n<li aria-label=\"link\" class=\"narrow-button hyperion-css-1sz7d3n\">Kopier lenke<\/li>\n<li aria-label=\"link\" class=\"wide-button hyperion-css-1sz7d3n\">Kopier lenke<\/li>\n<li aria-label=\"facebook\" class=\"narrow-button hyperion-css-1sz7d3n\">Del p\u00e5 Facebook<\/li>\n<li aria-label=\"facebook\" class=\"wide-button hyperion-css-1sz7d3n\">Del p\u00e5 Facebook<\/li>\n<li aria-label=\"email\" class=\"narrow-button hyperion-css-1sz7d3n\">Del med e-post<\/li>\n<li aria-label=\"email\" class=\"wide-button hyperion-css-1sz7d3n\">Del med e-post<\/li>\n<\/ul>\n<p class=\"hyperion-css-1lemvax\">Og han mener grensen ble krysset for lenge siden. Historiker B\u00e5rd Larsen, tilknyttet Civita, tror ogs\u00e5 Trump vil fors\u00f8ke \u00e5 bli sittende som president etter at perioden hans er over. <\/p>\n<p class=\"hyperion-css-1lemvax\">Han m\u00f8ter politisk redakt\u00f8r Torbj\u00f8rn R\u00f8e Isaksen i en samtale om USA, den autorit\u00e6re trusselen og hva vi kan forvente fremover. <\/p>\n<p class=\"hyperion-css-1lemvax\"><strong>Stopp verden er en podkast fra E24 og Podme. <\/strong><\/p>\n<p class=\"hyperion-css-1lemvax\">Du kan h\u00f8re den enten her eller i Podmes spiller.<br \/>I Stopp verden m\u00f8ter politisk redakt\u00f8r Torbj\u00f8rn R\u00f8e Isaksen en gjest hver uke for \u00e5 snakke om et tema \u2013 over et godt glass med drikke. <br \/>Samtalene handler om de store sp\u00f8rsm\u00e5lene og de lange linjene, om hvordan samfunnet v\u00e5rt har utviklet seg og hvordan vi skal man\u00f8vrere fremover.<\/p>\n","protected":false},"excerpt":{"rendered":"Styrer Donald Trump mot et autorit\u00e6rt styresett? Ja, svarer dagens gjest. Foto: Erik Andr\u00e9 Holm-Nyvold\/PodmePublisert: Publisert: I g\u00e5r&hellip;\n","protected":false},"author":2,"featured_media":123508,"comment_status":"","ping_status":"","sticky":false,"template":"","format":"standard","meta":{"footnotes":""},"categories":[10],"tags":[20,21,24,25,15,22,23,13,30,28,29,14,16,26,27],"class_list":{"0":"post-123507","1":"post","2":"type-post","3":"status-publish","4":"format-standard","5":"has-post-thumbnail","7":"category-norge","8":"tag-breaking-news","9":"tag-breakingnews","10":"tag-featured-news","11":"tag-featurednews","12":"tag-headlines","13":"tag-latest-news","14":"tag-latestnews","15":"tag-news","16":"tag-no","17":"tag-norge","18":"tag-norway","19":"tag-nyheter","20":"tag-overskrifter","21":"tag-top-stories","22":"tag-topstories"},"share_on_mastodon":{"url":"https:\/\/pubeurope.com\/@no\/115801907730502179","error":""},"_links":{"self":[{"href":"https:\/\/www.europesays.com\/no\/wp-json\/wp\/v2\/posts\/123507","targetHints":{"allow":["GET"]}}],"collection":[{"href":"https:\/\/www.europesays.com\/no\/wp-json\/wp\/v2\/posts"}],"about":[{"href":"https:\/\/www.europesays.com\/no\/wp-json\/wp\/v2\/types\/post"}],"author":[{"embeddable":true,"href":"https:\/\/www.europesays.com\/no\/wp-json\/wp\/v2\/users\/2"}],"replies":[{"embeddable":true,"href":"https:\/\/www.europesays.com\/no\/wp-json\/wp\/v2\/comments?post=123507"}],"version-history":[{"count":0,"href":"https:\/\/www.europesays.com\/no\/wp-json\/wp\/v2\/posts\/123507\/revisions"}],"wp:featuredmedia":[{"embeddable":true,"href":"https:\/\/www.europesays.com\/no\/wp-json\/wp\/v2\/media\/123508"}],"wp:attachment":[{"href":"https:\/\/www.europesays.com\/no\/wp-json\/wp\/v2\/media?parent=123507"}],"wp:term":[{"taxonomy":"category","embeddable":true,"href":"https:\/\/www.europesays.com\/no\/wp-json\/wp\/v2\/categories?post=123507"},{"taxonomy":"post_tag","embeddable":true,"href":"https:\/\/www.europesays.com\/no\/wp-json\/wp\/v2\/tags?post=123507"}],"curies":[{"name":"wp","href":"https:\/\/api.w.org\/{rel}","templated":true}]}}