{"id":123511,"date":"2025-12-29T08:28:23","date_gmt":"2025-12-29T08:28:23","guid":{"rendered":"https:\/\/www.europesays.com\/no\/123511\/"},"modified":"2025-12-29T08:28:23","modified_gmt":"2025-12-29T08:28:23","slug":"uavgjort-i-united-duellen-mellom-amad-og-mbeumo","status":"publish","type":"post","link":"https:\/\/www.europesays.com\/no\/123511\/","title":{"rendered":"Uavgjort i United-duellen mellom Amad og Mbeumo"},"content":{"rendered":"<p>        NurPhoto\n    <\/p>\n<p class=\"kicker font-weight-bold m-font-weight-bold tertiary color_mobile_tertiary\" style=\"\">AMAD MED PERLESCORING:<\/p>\n<p>Amad og Bryan Mbeumo er begge savnet i Manchester, og s\u00f8ndag kveld m\u00f8ttes de to United-spillerne til duell i Afrikamesterskapet. Oppgj\u00f8ret mellom Elfenbenskysten og Kamerun endte 1-1.<\/p>\n<p class=\"font-weight-bold m-font-weight-bold\" data-lab-font_weight=\"font-weight-bold\">Amad markerte seg i storkampen og scoret i andre kamp p\u00e5 rad, og driblefantens scoring mot Kamerun kom p\u00e5 typisk Amad-vis: Han fikk ballen ute til h\u00f8yre, la den over p\u00e5 venstre og b\u00f8yde den bort i det lengste hj\u00f8rnet. Scoringen var vakker, men ikke nok til \u00e5 gi Elfenbenskysten seieren.\u00a0<\/p>\n<p>                <img decoding=\"async\" src=\"https:\/\/www.europesays.com\/no\/wp-content\/uploads\/2025\/12\/1411370.webp.jpeg\" width=\"480\" height=\"274\" title=\"Amad l\u00f8per av g\u00e5rde for \u00e5 feire dr\u00f8mmescoringen sin.\" alt=\"\" loading=\"lazy\" style=\"\"\/><\/p>\n<p>\n            Amad l\u00f8per av g\u00e5rde for \u00e5 feire dr\u00f8mmescoringen sin.<br \/>\n            NurPhoto\n        <\/p>\n<p>For noen minutter senere utlignet Kamerun etter et selvm\u00e5l av backen Ghislain Konan, som var sv\u00e6rt uheldig da et skudd gikk via foten hans, skiftet retning og gikk i en bue over Elfenbenkystens keeper.\u00a0<\/p>\n<p class=\"font-weight-bold m-font-weight-bold\" data-lab-font_weight=\"font-weight-bold\">B\u00e5de Amad og Mbeumo kom til flere muligheter og sistnevnte var n\u00e6re p\u00e5 \u00e5 bli matchvinner med et skudd som gikk like utenfor, men United-duellen i Marokko endte alts\u00e5 1-1.\u00a0<\/p>\n<p class=\"font-weight-bold m-font-weight-bold\" data-lab-font_weight=\"font-weight-bold\">Amad ble k\u00e5ret til banens beste for andre kamp p\u00e5 rad. Han fikk samme pris etter Elfenbenkystens \u00e5pningskamp.\u00a0<\/p>\n<p>Dermed er det fortsatt vid\u00e5pent i jakten p\u00e5 gruppeseier i gruppe F: Kamerun og Elfenbenskysten st\u00e5r begge med fire poeng og helt lik m\u00e5lforskjell f\u00f8r den siste gruppespillskampen. Like bak f\u00f8lger Mosambik, som skal m\u00f8te Mbeumos Kamerun i siste runde.\u00a0<\/p>\n<p>Amad og Mbeumos nasjoner er begge favoritter til \u00e5 g\u00e5 videre og blant favorittene til \u00e5 vinne mesterskapet.\u00a0<\/p>\n<p>Amad ble byttet ut og erstattet av tidligere United-spiller Wilfried Zaha i det 87. minutt. Mbeumo spilte hele kampen for Kamerun, og det samme gjorde for \u00f8vrig United-aktuelle Carlos Baleba.\u00a0<\/p>\n<p>        <a itemprop=\"url\" class=\"\" href=\"https:\/\/www.united.no\/nyheter\/dette-mener-avisen-er-de-beste-og-verste-kjopene-siden-2013\/1411162\" data-k5a-url=\"https:\/\/www.united.no\/a\/1411162\" rel=\"nofollow noopener\" target=\"_blank\"><\/p>\n<p>\nSTOR K\u00c5RING FRA THE TELEGRAPH:\n<\/p>\n<p>            Dette mener avisen er de beste og verste kj\u00f8pene siden 2013<\/p>\n<p>        <\/a><\/p>\n<p>\u00a0<\/p>\n","protected":false},"excerpt":{"rendered":"NurPhoto AMAD MED PERLESCORING: Amad og Bryan Mbeumo er begge savnet i Manchester, og s\u00f8ndag kveld m\u00f8ttes de&hellip;\n","protected":false},"author":2,"featured_media":123512,"comment_status":"","ping_status":"","sticky":false,"template":"","format":"standard","meta":{"footnotes":""},"categories":[59],"tags":[30,28,29,83,82],"class_list":{"0":"post-123511","1":"post","2":"type-post","3":"status-publish","4":"format-standard","5":"has-post-thumbnail","7":"category-sport","8":"tag-no","9":"tag-norge","10":"tag-norway","11":"tag-sport","12":"tag-sports"},"share_on_mastodon":{"url":"https:\/\/pubeurope.com\/@no\/115801915612918870","error":""},"_links":{"self":[{"href":"https:\/\/www.europesays.com\/no\/wp-json\/wp\/v2\/posts\/123511","targetHints":{"allow":["GET"]}}],"collection":[{"href":"https:\/\/www.europesays.com\/no\/wp-json\/wp\/v2\/posts"}],"about":[{"href":"https:\/\/www.europesays.com\/no\/wp-json\/wp\/v2\/types\/post"}],"author":[{"embeddable":true,"href":"https:\/\/www.europesays.com\/no\/wp-json\/wp\/v2\/users\/2"}],"replies":[{"embeddable":true,"href":"https:\/\/www.europesays.com\/no\/wp-json\/wp\/v2\/comments?post=123511"}],"version-history":[{"count":0,"href":"https:\/\/www.europesays.com\/no\/wp-json\/wp\/v2\/posts\/123511\/revisions"}],"wp:featuredmedia":[{"embeddable":true,"href":"https:\/\/www.europesays.com\/no\/wp-json\/wp\/v2\/media\/123512"}],"wp:attachment":[{"href":"https:\/\/www.europesays.com\/no\/wp-json\/wp\/v2\/media?parent=123511"}],"wp:term":[{"taxonomy":"category","embeddable":true,"href":"https:\/\/www.europesays.com\/no\/wp-json\/wp\/v2\/categories?post=123511"},{"taxonomy":"post_tag","embeddable":true,"href":"https:\/\/www.europesays.com\/no\/wp-json\/wp\/v2\/tags?post=123511"}],"curies":[{"name":"wp","href":"https:\/\/api.w.org\/{rel}","templated":true}]}}