{"id":123513,"date":"2025-12-29T08:29:07","date_gmt":"2025-12-29T08:29:07","guid":{"rendered":"https:\/\/www.europesays.com\/no\/123513\/"},"modified":"2025-12-29T08:29:07","modified_gmt":"2025-12-29T08:29:07","slug":"kultur-verdal-teaterlag-har-far-mathias-hele-salen-til-a-holde-pusten-tronder-avisa","status":"publish","type":"post","link":"https:\/\/www.europesays.com\/no\/123513\/","title":{"rendered":"Kultur, Verdal Teaterlag | Har f\u00e5r Mathias hele salen til \u00e5 holde pusten &#8211; Tr\u00f8nder-Avisa"},"content":{"rendered":"<ol>\n<li><a href=\"https:\/\/news.google.com\/rss\/articles\/CBMihwFBVV95cUxOU2VpUC03NmFVVG9BN2ZuaTNSTlJBTkpmVTdvOHM4WE9GeXV6OEZzTlNBSGMzeWtXRmVOZ3M2dV92X2tWS1p6VWdpYU9WcFNraU1iNjBnVHZLVVNWU2xEdlJNUmRTSzVMcXdIYlVPUVhtZkkzeGtkVHhlajFtcTZEamJtcThmeU0?oc=5\" target=\"_blank\" rel=\"nofollow noopener\">Kultur, Verdal Teaterlag | Har f\u00e5r Mathias hele salen til \u00e5 holde pusten<\/a>&nbsp;&nbsp;Tr\u00f8nder-Avisa<\/li>\n<li><a href=\"https:\/\/news.google.com\/rss\/articles\/CBMiogFBVV95cUxOY0cyZnVPTWdySTRoR3dCNG9NSE12Q1BrbW9XSVZLMFc1WHlaTDVtOUZDQ0Q2TnlLNTg5MHRJcHRzUjI2Z0FpNS11Z28yeXBVTXhsdTVtVTlNT0ZhQ3hNdFVYZHdQMlRXQnpYSU4xQ1pKbkZjT3JmOU1PYVhFRFZWRFRDTUotUERiRW56TTRaMHFjNVNQR0hQMVVfUHJTbGFJN3c?oc=5\" target=\"_blank\" rel=\"nofollow noopener\">Disse var p\u00e5 premieren<\/a>&nbsp;&nbsp;innherred.no<\/li>\n<li><a href=\"https:\/\/news.google.com\/rss\/articles\/CBMinwFBVV95cUxNdUVTVEQtT2NMcDRIOTJBcTQ1djJFLTgtbGpSTGhiUlBybU5QYWF3dEtTOFJOalFsWHlRU2xLTE1Db2hKUVd5emI2VkZLR2J6SHYzY0hBdjR4WUJOcnBJRFVfNlg0NzJZX0FMdVF0WGpuc0xwRzlGWWstaHNLRU9Rc2gyelItUlhKekt3U0tCM3BnYUFiNjN5MUMyeDVYazA?oc=5\" target=\"_blank\" rel=\"nofollow noopener\">H\u00e5vard (29) d\u00f8de p\u00e5 tragisk vis: \u2013 Dette har v\u00e6rt et fristed<\/a>&nbsp;&nbsp;adressa.no<\/li>\n<li><a href=\"https:\/\/news.google.com\/rss\/articles\/CBMihAFBVV95cUxPNG9PdWlMVUNPWDI0U3pTX3pDVzdVZG4xdUJrTTNjNWlOVmtJdkVxel8yYUs5NFNDUkNueDNpOW1YYVZkcy1UX3dxdWRxQ1FrdzV3ZnhRemE1Z3NBZzNnQlFWSlBaeVlCWlpHY2NvWTBMWndHQkdxLWxrRzE2V2FKbzY0OVU?oc=5\" target=\"_blank\" rel=\"nofollow noopener\">Verdal | Tidl\u00f8st gripende romjulsopplevelse<\/a>&nbsp;&nbsp;Inder\u00f8yningen<\/li>\n<li><a href=\"https:\/\/news.google.com\/rss\/articles\/CBMilwFBVV95cUxNb29RdTVOeVdtZFItYTUtNUJ4T2NaSkdaYlVhYlZuX3piZEhrdGVLUklzVFFzYXFsdU05VjJYUjlzZ3UxX2FDZXc1LWZrVktqOTctZENwM1NSQUswMmhrY2RBc2RTd0Y0TUExU3M2MkI2Sl9DNFV3OWlTcFJma1JFRkdGUjJVbUtyeTVacmtSNGhGRGNpdWdZ?oc=5\" target=\"_blank\" rel=\"nofollow noopener\">(+) En musikal b\u00e5de publikum og teaterlaget trenger<\/a>&nbsp;&nbsp;innherred.no<\/li>\n<\/ol>\n","protected":false},"excerpt":{"rendered":"Kultur, Verdal Teaterlag | Har f\u00e5r Mathias hele salen til \u00e5 holde pusten&nbsp;&nbsp;Tr\u00f8nder-Avisa Disse var p\u00e5 premieren&nbsp;&nbsp;innherred.no H\u00e5vard&hellip;\n","protected":false},"author":2,"featured_media":123514,"comment_status":"","ping_status":"","sticky":false,"template":"","format":"standard","meta":{"footnotes":""},"categories":[58],"tags":[71,30,28,29,72],"class_list":{"0":"post-123513","1":"post","2":"type-post","3":"status-publish","4":"format-standard","5":"has-post-thumbnail","7":"category-underholdning","8":"tag-entertainment","9":"tag-no","10":"tag-norge","11":"tag-norway","12":"tag-underholdning"},"share_on_mastodon":{"url":"https:\/\/pubeurope.com\/@no\/115801919502600837","error":""},"_links":{"self":[{"href":"https:\/\/www.europesays.com\/no\/wp-json\/wp\/v2\/posts\/123513","targetHints":{"allow":["GET"]}}],"collection":[{"href":"https:\/\/www.europesays.com\/no\/wp-json\/wp\/v2\/posts"}],"about":[{"href":"https:\/\/www.europesays.com\/no\/wp-json\/wp\/v2\/types\/post"}],"author":[{"embeddable":true,"href":"https:\/\/www.europesays.com\/no\/wp-json\/wp\/v2\/users\/2"}],"replies":[{"embeddable":true,"href":"https:\/\/www.europesays.com\/no\/wp-json\/wp\/v2\/comments?post=123513"}],"version-history":[{"count":0,"href":"https:\/\/www.europesays.com\/no\/wp-json\/wp\/v2\/posts\/123513\/revisions"}],"wp:featuredmedia":[{"embeddable":true,"href":"https:\/\/www.europesays.com\/no\/wp-json\/wp\/v2\/media\/123514"}],"wp:attachment":[{"href":"https:\/\/www.europesays.com\/no\/wp-json\/wp\/v2\/media?parent=123513"}],"wp:term":[{"taxonomy":"category","embeddable":true,"href":"https:\/\/www.europesays.com\/no\/wp-json\/wp\/v2\/categories?post=123513"},{"taxonomy":"post_tag","embeddable":true,"href":"https:\/\/www.europesays.com\/no\/wp-json\/wp\/v2\/tags?post=123513"}],"curies":[{"name":"wp","href":"https:\/\/api.w.org\/{rel}","templated":true}]}}