{"id":123517,"date":"2025-12-29T08:32:43","date_gmt":"2025-12-29T08:32:43","guid":{"rendered":"https:\/\/www.europesays.com\/no\/123517\/"},"modified":"2025-12-29T08:32:43","modified_gmt":"2025-12-29T08:32:43","slug":"forsvinningssak-ryster-sverige-kvinne-25-funnet-dod","status":"publish","type":"post","link":"https:\/\/www.europesays.com\/no\/123517\/","title":{"rendered":"Forsvinningssak ryster Sverige: Kvinne (25) funnet d\u00f8d"},"content":{"rendered":"\n<p class=\"_lead_o9xde_2 _lead_xtcu6_50 layout-component text-serif-m layout-normal text-serif-l layout-component layout-wide layout-padded _wide_17hqh_1 layout-padded\">Kvinnen forsvant fra R\u00f6nninge togstasjon 2. juledag. <\/p>\n<ul class=\"_gallery_1qa3s_23\" tabindex=\"0\">\n<li class=\"_item_1qa3s_37\" data-index=\"0\"><img fetchpriority=\"high\" decoding=\"async\" class=\"_image_foru8_23 _introGallery_foru8_43\" data-fullscreen- width=\"6000\" height=\"4000\" itemprop=\"image\" loading=\"eager\"  src=\"https:\/\/www.europesays.com\/no\/wp-content\/uploads\/2025\/12\/0c212336-bb2e-4512-8585-b84b746a97bf.jpeg\"  style=\"object-position:50% 50%;aspect-ratio:var(--gallery-aspect-ratio, 16 \/ 9)\"\/>Undergangen ved pendlertogstasjonen i R\u00f6nninge.  Foto: Nils Petter Nilsson\/TT \/ TT Nyhetsbyr\u00e5n \/ NTB<\/li>\n<li class=\"_item_1qa3s_37\" data-index=\"1\"><img decoding=\"async\" class=\"_image_foru8_23 _introGallery_foru8_43\" data-fullscreen- width=\"8192\" height=\"5464\" itemprop=\"image\" loading=\"lazy\"  src=\"https:\/\/www.europesays.com\/no\/wp-content\/uploads\/2025\/12\/f26aa026-91c6-4395-a23d-c9bc3f69cece.png\"  style=\"object-position:50% 50%;aspect-ratio:var(--gallery-aspect-ratio, 16 \/ 9)\"\/>Foto: Nils Petter Nilsson\/TT \/ TT Nyhetsbyr\u00e5n \/ NTB<\/li>\n<\/ul>\n<p>Undergangen ved pendlertogstasjonen i R\u00f6nninge.  Foto: Nils Petter Nilsson\/TT \/ TT Nyhetsbyr\u00e5n \/ NTB<\/p>\n<ul aria-hidden=\"true\" class=\"_images_ntbth_112\">\n<li><a class=\"_link_ntbth_117\" href=\"https:\/\/www.vg.no\/forfatter\/amalie-nordboe-odiin\" style=\"z-index:2\" title=\"Amalie Nordb\u00f8 Odiin\" rel=\"nofollow noopener\" target=\"_blank\"><img alt=\"Bilde av Amalie Nordb\u00f8 Odiin\" class=\"_image_ntbth_93\" fetchpriority=\"low\" loading=\"lazy\" decoding=\"async\" itemprop=\"image\"  src=\"https:\/\/www.europesays.com\/no\/wp-content\/uploads\/2025\/12\/3a48a883-d93f-48c4-8078-cc59876bbb5b.jpeg\"  width=\"480\"\/><\/a><\/li>\n<li><a class=\"_link_ntbth_117\" href=\"https:\/\/www.vg.no\/forfatter\/signe-rosenlund-hauglid\" style=\"z-index:1\" title=\"Signe Rosenlund-Hauglid\" rel=\"nofollow noopener\" target=\"_blank\"><img alt=\"Bilde av Signe Rosenlund-Hauglid\" class=\"_image_ntbth_93\" fetchpriority=\"low\" loading=\"lazy\" decoding=\"async\" itemprop=\"image\"  src=\"https:\/\/www.europesays.com\/no\/wp-content\/uploads\/2025\/12\/65e9df60-b046-4add-b7dd-10f1cf4fbd21.jpeg\"  width=\"480\"\/><\/a><\/li>\n<\/ul>\n<p> Oppdatert mandag 29. desember kl. 02:54     <\/p>\n<p class=\"_paragraph_o9xde_4 _paragraph_xtcu6_10 layout-component text-serif-m layout-normal text-serif-m layout-padded\">Om lag 30 kilometer s\u00f8rvest for Stockholm ligger Salem kommune. <\/p>\n<p class=\"_paragraph_o9xde_4 _paragraph_xtcu6_10 layout-component text-serif-m layout-normal text-serif-m layout-padded\">Her forsvant en kvinne i romjulen. <\/p>\n<p class=\"_paragraph_o9xde_4 _paragraph_xtcu6_10 layout-component text-serif-m layout-normal text-serif-m layout-padded\">If\u00f8lge politiets overv\u00e5kingskameraer steg kvinnen av toget klokken 01.20 natt til 26. desember. <\/p>\n<p class=\"_paragraph_o9xde_4 _paragraph_xtcu6_10 layout-component text-serif-m layout-normal text-serif-m layout-padded\">Hun kom aldri hjem. <\/p>\n<p class=\"_paragraph_o9xde_4 _paragraph_xtcu6_10 layout-component text-serif-m layout-normal text-serif-m layout-padded\">Samme kveld dro slektninger ut for \u00e5 lete, if\u00f8lge opplysninger til<a href=\"https:\/\/www.aftonbladet.se\/nyheter\/a\/8pmj5d\/uppgifter-satte-span-pa-den-misstankta-leddes-till-mordade-kvinnan\" class=\"_link_o9xde_39\" rel=\"nofollow noopener\" target=\"_blank\"> Aftonbladet<\/a>.<\/p>\n<p class=\"_paragraph_o9xde_4 _paragraph_xtcu6_10 layout-component text-serif-m layout-normal text-serif-m layout-padded\"><strong class=\"_strong_o9xde_25\">De fant hodetelefoner, kabelb\u00e5nd, hammere og bremsespor.<\/strong><\/p>\n<p class=\"_paragraph_o9xde_4 _paragraph_xtcu6_10 layout-component text-serif-m layout-normal text-serif-m layout-padded\">Kvinnen ble meldt savnet, og et stort s\u00f8k ble iverksatt. Politiet mistenkte at kvinnen var blitt kidnappet. <\/p>\n<p class=\"_paragraph_o9xde_4 _paragraph_xtcu6_10 layout-component text-serif-m layout-normal text-serif-m layout-padded\">Etterforskningen viste at mobiltelefonen hennes hadde blitt sl\u00e5tt av kort tid etter at hun forlot togstasjonen. Kvinnens eiendeler og andre gjenstander ble funnet i n\u00e6rheten, skriver <a href=\"https:\/\/www.tv4.se\/artikel\/3Jahuuetl54oXQSJWwgGcA\/25-ariga-kvinnan-i-roenninge-misstaenks-ha-styckmoerdats\" class=\"_link_o9xde_39\" rel=\"nofollow noopener\" target=\"_blank\">TV4 Nyheterna<\/a>. <\/p>\n<p class=\"_paragraph_o9xde_4 _paragraph_xtcu6_10 layout-component text-serif-m layout-normal text-serif-m layout-padded\">To dager senere <a href=\"https:\/\/polisen.se\/aktuellt\/nyheter\/stockholm\/2025\/december\/den-forsvunna-kvinnan-i-salem-hittad\/\" class=\"_link_o9xde_39\" rel=\"nofollow noopener\" target=\"_blank\">bekrefter politiet<\/a> at kvinnen ble funnet d\u00f8d p\u00e5 kveldstid 27. desember \u2013 et d\u00f8gn etter at hun forsvant. <\/p>\n<p><img alt=\"Visepolitimester i Stockholm S\u00f8r, Max \u00c5kerwall, under s\u00f8ndagens pressekonferanse.   Foto: Nils Petter Nilsson\/TT \/ TT Nyhetsbyr\u00e5n \/ NTB\" class=\"_image_qp4xg_65 layout-component layout-normal\" data-fullscreen- data-track-element-type=\"Article image fullscreen\" data-track-name=\"ImageFullscreen\" decoding=\"async\" loading=\"lazy\" height=\"2496\" itemprop=\"image\"  src=\"https:\/\/www.europesays.com\/no\/wp-content\/uploads\/2025\/12\/6bd65a66-b483-4f43-a5aa-b91bea8b400c.png\"  style=\"object-position:0% 0%\" width=\"3744\"\/>Visepolitimester i Stockholm S\u00f8r, Max \u00c5kerwall, under s\u00f8ndagens pressekonferanse.   Foto: Nils Petter Nilsson\/TT \/ TT Nyhetsbyr\u00e5n \/ NTB<\/p>\n<p class=\"_paragraph_o9xde_4 _paragraph_xtcu6_10 layout-component text-serif-m layout-normal text-serif-m layout-padded\">To personer er p\u00e5grepet og varetektsfengslet i saken. If\u00f8lge politiet ble de to p\u00e5grepet p\u00e5 forskjellige steder og tidspunkter. <\/p>\n<p class=\"_paragraph_o9xde_4 _paragraph_xtcu6_10 layout-component text-serif-m layout-normal text-serif-m layout-padded\">Den ene, en 45 \u00e5r gammel mann, er mistenkt for kidnapping. Den andre, en 26 \u00e5r gammel mann, er mistenkt for drap. <\/p>\n<p>Kilder til TV 4: \u2013 Handler om et parteringsdrap <\/p>\n<p class=\"_paragraph_o9xde_4 _paragraph_xtcu6_10 layout-component text-serif-m layout-normal text-serif-m layout-padded\">If\u00f8lge anonyme kilder som <a href=\"https:\/\/www.tv4.se\/artikel\/3Jahuuetl54oXQSJWwgGcA\/25-ariga-kvinnan-i-roenninge-misstaenks-ha-styckmoerdats\" class=\"_link_o9xde_39\" rel=\"nofollow noopener\" target=\"_blank\">TV4 Nyheterna<\/a> har snakket med skal politiet ha p\u00e5grepet 26-\u00e5ringen i et skogsomr\u00e5de s\u00f8r for Stockholm l\u00f8rdag. <\/p>\n<p class=\"_paragraph_o9xde_4 _paragraph_xtcu6_10 layout-component text-serif-m layout-normal text-serif-m layout-padded\">Mannen skal ha blitt arrestert da han gravde ned kroppsdeler. <\/p>\n<p class=\"_paragraph_o9xde_4 _paragraph_xtcu6_10 layout-component text-serif-m layout-normal text-serif-m layout-padded\">\u2013 Dette handler om et parteringsdrap, sier en anonym kilde til nyhetskanalen. <\/p>\n<p class=\"_paragraph_o9xde_4 _paragraph_xtcu6_10 layout-component text-serif-m layout-normal text-serif-m layout-padded\">Politiet har ikke bekreftet opplysningene, men visepolitimester i Stockholm S\u00f8r, Max \u00c5kerwall, har uttalt at \u00abomstendighetene under p\u00e5gripelsen gjorde det klart for politiet at kvinnen var d\u00f8d.\u00bb <\/p>\n<p><img alt=\"Mennesker har tent lys for den avd\u00f8de kvinnen i R\u00f6nninge.   Foto: Nils Petter Nilsson\/TT \/ TT Nyhetsbyr\u00e5n \/ NTB\" class=\"_image_qp4xg_65 layout-component layout-normal\" data-fullscreen- data-track-element-type=\"Article image fullscreen\" data-track-name=\"ImageFullscreen\" decoding=\"async\" loading=\"lazy\" height=\"3040\" itemprop=\"image\"  src=\"https:\/\/www.europesays.com\/no\/wp-content\/uploads\/2025\/12\/c57ebded-0f86-47c9-8f6b-9dc640209dc7.jpeg\"  style=\"object-position:0% 0%\" width=\"4536\"\/>Mennesker har tent lys for den avd\u00f8de kvinnen i R\u00f6nninge.   Foto: Nils Petter Nilsson\/TT \/ TT Nyhetsbyr\u00e5n \/ NTBTidligere d\u00f8mt <\/p>\n<p class=\"_paragraph_o9xde_4 _paragraph_xtcu6_10 layout-component text-serif-m layout-normal text-serif-m layout-padded\">26-\u00e5ringen er tidligere d\u00f8mt for et annet kidnappingsfors\u00f8k for flere \u00e5r siden, skriver flere svenske medier. <\/p>\n<p class=\"_paragraph_o9xde_4 _paragraph_xtcu6_10 layout-component text-serif-m layout-normal text-serif-m layout-padded\">Midt p\u00e5 lyse dagen, i et villaomr\u00e5de, slengte han forn\u00e6rmede inn i en bil, men personen kom seg unna gjennom en ul\u00e5st sided\u00f8r. Den forn\u00e6rmede l\u00f8p bort til en annen bilist, og 26-\u00e5ringen skal deretter ha tr\u00e5kket p\u00e5 gassen og kj\u00f8rt vekk. <\/p>\n<p class=\"_paragraph_o9xde_4 _paragraph_xtcu6_10 layout-component text-serif-m layout-normal text-serif-m layout-padded\">Mannen ble d\u00f8mt til litt over to \u00e5rs fengsel for dette forholdet. If\u00f8lge <a href=\"https:\/\/www.expressen.se\/nyheter\/sverige\/26-aringen-bytte-namn-flera--ganger-sparad-efter-fynden\/\" class=\"_link_o9xde_39\" rel=\"nofollow noopener\" target=\"_blank\">Expressen<\/a> skal han ha byttet navn flere ganger etter denne dommen. <\/p>\n<p>Statsministeren: \u2013 Marerittaktig<\/p>\n<p class=\"_paragraph_o9xde_4 _paragraph_xtcu6_10 layout-component text-serif-m layout-normal text-serif-m layout-padded\">Den svenske statsministeren Ulf Kristersson er tydelig ber\u00f8rt av volden mot kvinner som har rammet i romjulen. <\/p>\n<p class=\"_paragraph_o9xde_4 _paragraph_xtcu6_10 layout-component text-serif-m layout-normal text-serif-m layout-padded\">For drapet i Salem er ikke julens f\u00f8rste i Sverige. <\/p>\n<p class=\"_paragraph_o9xde_4 _paragraph_xtcu6_10 layout-component text-serif-m layout-normal text-serif-m layout-padded\"><a href=\"https:\/\/www.vg.no\/nyheter\/i\/gk7r00\/moren-til-drapsmistenkt-22-aaring-jeg-var-redd-for-ham\" data-track-element-type=\"Link\" data-track-id=\"link:gk7r00\" class=\"_link_o9xde_39\" rel=\"nofollow noopener\" target=\"_blank\">1. juledag ble en 55 \u00e5r gammel kvinne funnet drept i sitt eget hjem i byen Boden<\/a>. <\/p>\n<p class=\"_paragraph_o9xde_4 _paragraph_xtcu6_10 layout-component text-serif-m layout-normal text-serif-m layout-padded\">\u2013 Det er mye vi fortsatt ikke vet, og politiet gj\u00f8r n\u00e5 sitt viktige arbeid med \u00e5 etterforske hva som har skjedd i begge sakene. Men det som allerede er kjent, er marerittaktig og f\u00f8rer til uro og frykt, ikke minst blant mange kvinner, skriver han til <a href=\"https:\/\/www.aftonbladet.se\/nyheter\/a\/xrP7jl\/statsmininistern-mina-tankar-ar\" class=\"_link_o9xde_39\" rel=\"nofollow noopener\" target=\"_blank\">Aftonbladet<\/a>. <\/p>\n<p class=\"_paragraph_o9xde_4 _paragraph_xtcu6_10 layout-component text-serif-m layout-normal text-serif-m layout-padded\">Kristersson fortsetter med \u00e5 sende sine tanker til de etterlatte. <\/p>\n<p class=\"_paragraph_o9xde_4 _paragraph_xtcu6_10 layout-component text-serif-m layout-normal text-serif-m layout-padded\">\u2013 Jeg forst\u00e5r at det ikke finnes ord som akkurat n\u00e5 kan lette sorgen hos ofrenes familier og p\u00e5r\u00f8rende, men de skal vite at mine tanker er hos dem, og at vi er mange som b\u00e6rer sorgen sammen med dem. <\/p>\n<p><img decoding=\"async\" alt=\"Bilde av Ulf Kristersson\" class=\"_image_ygndg_42\" height=\"32\" itemprop=\"image\" loading=\"lazy\"  src=\"https:\/\/www.europesays.com\/no\/wp-content\/uploads\/2025\/12\/3f73f2ff-42a9-43cd-ba4e-4f79f5b3fbf7.png\"  width=\"40\"\/><strong class=\"_name_ygndg_51 title-serif-xs\">Ulf Kristersson<\/strong><\/p>\n<p class=\"_paragraph_o9xde_4 text-sans-m _description_ygndg_56\">Sveriges statsminister og partileder i Moderaterna <\/p>\n<p class=\"_paragraph_o9xde_4 _paragraph_xtcu6_10 layout-component text-serif-m layout-normal text-serif-m layout-padded\">Socialdemokraternas partileder Magdalena Andersson reagerer ogs\u00e5 sterkt p\u00e5 de to drapene. <\/p>\n<p class=\"_paragraph_o9xde_4 _paragraph_xtcu6_10 layout-component text-serif-m layout-normal text-serif-m layout-padded\">\u2013 Jeg er dypt ber\u00f8rt og f\u00f8ler et sterkt sinne over voldshandlingene i Boden og R\u00f6nninge i julehelgen. Hendelsene har rystet b\u00e5de lokalsamfunn og hele Sverige. En f\u00f8lelse av uro og frykt har spredt seg, sier hun til avisen. <\/p>\n<p class=\"_paragraph_o9xde_4 _paragraph_xtcu6_10 layout-component text-serif-m layout-normal text-serif-m layout-padded\">\u2013 Ingen kvinne skal m\u00e5tte frykte for sitt eget liv i v\u00e5rt land, avslutter Andersson.  <\/p>\n<p><img decoding=\"async\" alt=\"Bilde av Magdalena Andersson\" class=\"_image_ygndg_42\" height=\"27\" itemprop=\"image\" loading=\"lazy\"  src=\"https:\/\/www.europesays.com\/no\/wp-content\/uploads\/2025\/12\/8614f750-bffa-40e8-bf02-8fa12bf87dc0.jpeg\"  width=\"40\"\/><strong class=\"_name_ygndg_51 title-serif-xs\">Magdalena Andersson<\/strong><\/p>\n<p class=\"_paragraph_o9xde_4 text-sans-m _description_ygndg_56\">Partileder i Socialdemokraterna<\/p>\n","protected":false},"excerpt":{"rendered":"Kvinnen forsvant fra R\u00f6nninge togstasjon 2. juledag. Undergangen ved pendlertogstasjonen i R\u00f6nninge. Foto: Nils Petter Nilsson\/TT \/ TT&hellip;\n","protected":false},"author":2,"featured_media":123518,"comment_status":"","ping_status":"","sticky":false,"template":"","format":"standard","meta":{"footnotes":""},"categories":[12],"tags":[4035,20,21,10222,24,25,15,22,23,14618,13,30,28,29,14,16,26,27,1358,42,43,44,45],"class_list":{"0":"post-123517","1":"post","2":"type-post","3":"status-publish","4":"format-standard","5":"has-post-thumbnail","7":"category-verden","8":"tag-aftonbladet","9":"tag-breaking-news","10":"tag-breakingnews","11":"tag-expressen","12":"tag-featured-news","13":"tag-featurednews","14":"tag-headlines","15":"tag-latest-news","16":"tag-latestnews","17":"tag-magdalena-andersson","18":"tag-news","19":"tag-no","20":"tag-norge","21":"tag-norway","22":"tag-nyheter","23":"tag-overskrifter","24":"tag-top-stories","25":"tag-topstories","26":"tag-ulf-kristersson","27":"tag-verden","28":"tag-world","29":"tag-world-news","30":"tag-worldnews"},"share_on_mastodon":{"url":"https:\/\/pubeurope.com\/@no\/115801931544640227","error":""},"_links":{"self":[{"href":"https:\/\/www.europesays.com\/no\/wp-json\/wp\/v2\/posts\/123517","targetHints":{"allow":["GET"]}}],"collection":[{"href":"https:\/\/www.europesays.com\/no\/wp-json\/wp\/v2\/posts"}],"about":[{"href":"https:\/\/www.europesays.com\/no\/wp-json\/wp\/v2\/types\/post"}],"author":[{"embeddable":true,"href":"https:\/\/www.europesays.com\/no\/wp-json\/wp\/v2\/users\/2"}],"replies":[{"embeddable":true,"href":"https:\/\/www.europesays.com\/no\/wp-json\/wp\/v2\/comments?post=123517"}],"version-history":[{"count":0,"href":"https:\/\/www.europesays.com\/no\/wp-json\/wp\/v2\/posts\/123517\/revisions"}],"wp:featuredmedia":[{"embeddable":true,"href":"https:\/\/www.europesays.com\/no\/wp-json\/wp\/v2\/media\/123518"}],"wp:attachment":[{"href":"https:\/\/www.europesays.com\/no\/wp-json\/wp\/v2\/media?parent=123517"}],"wp:term":[{"taxonomy":"category","embeddable":true,"href":"https:\/\/www.europesays.com\/no\/wp-json\/wp\/v2\/categories?post=123517"},{"taxonomy":"post_tag","embeddable":true,"href":"https:\/\/www.europesays.com\/no\/wp-json\/wp\/v2\/tags?post=123517"}],"curies":[{"name":"wp","href":"https:\/\/api.w.org\/{rel}","templated":true}]}}