{"id":123521,"date":"2025-12-29T08:34:08","date_gmt":"2025-12-29T08:34:08","guid":{"rendered":"https:\/\/www.europesays.com\/no\/123521\/"},"modified":"2025-12-29T08:34:08","modified_gmt":"2025-12-29T08:34:08","slug":"arbeidsliv-helligdager-skrekkbeskjed-for-dem-som-vil-ha-fri-fra-jobben","status":"publish","type":"post","link":"https:\/\/www.europesays.com\/no\/123521\/","title":{"rendered":"Arbeidsliv, Helligdager | Skrekkbeskjed for dem som vil ha fri fra jobben"},"content":{"rendered":"\n<p>Bevegelige helligdager kan v\u00e6re til b\u00e5de glede og irritasjon for mange arbeidstakere, avhengig av hvilken ukedag de faller p\u00e5.<\/p>\n<p>Det kan nemlig variere en god del fra \u00e5r til \u00e5r hvor mye fri du f\u00e5r. I 2024 var det maks uttelling, der fem av fem bevegelige helligdager falt p\u00e5 en vanlig ukedag. I 2025 var det god uttelling, til tross for 17. mai en l\u00f8rdag.<\/p>\n<p>Men de neste \u00e5rene blir stadig verre for de som liker \u00e5 ha fri fra jobben.<\/p>\n<p>Fem faste og fem bevegelige<\/p>\n<p>I Norge finnes det fem faste helligdager, som alltid faller p\u00e5 en samme dag i uken, og som dermed er garantert \u00e5 gi oss fri. Det er:<\/p>\n<ul>\n<li>Skj\u00e6rtorsdag<\/li>\n<li>Langfredag<\/li>\n<li>Kristi himmelfartsdag (alltid p\u00e5 en torsdag)<\/li>\n<li>2. p\u00e5skedag (alltid p\u00e5 en mandag)<\/li>\n<li>2. pinsedag (alltid p\u00e5 en mandag)<\/li>\n<\/ul>\n<p>P\u00e5 disse dagene er du alts\u00e5 garantert \u00e5 ha fri uansett hva som skjer.<\/p>\n<p>Men ved siden av disse er det alts\u00e5 de fem bevegelige, og langt mindre forutsigbare, helligdagene:<\/p>\n<ul>\n<li>\n<p>1. nytt\u00e5rsdag<\/p>\n<\/li>\n<li>1. mai<\/li>\n<li>17. mai<\/li>\n<li>1. juledag<\/li>\n<li>2. juledag<\/li>\n<\/ul>\n<p>Dette er fridager som kan havne b\u00e5de p\u00e5 en hverdag og en helgedag. Det er ogs\u00e5 mulig, hvis man har maks uflaks, at en bevegelig helligdag kommer p\u00e5 en annen helligdag. Et s\u00e5nt \u00e5r kommer veldig snart. Mer om det senere.<\/p>\n<p><b>Les ogs\u00e5: <a class=\"simple-relation related-teaser article--c-eRUmMG article--c-eRUmMG-fZoQSp-design-nettavisen article--c-eRUmMG-gwthdJ-cv\" href=\"https:\/\/www.nettavisen.no\/tore-dropper-rema-fullstendig\/s\/5-95-2796757\" rel=\"nofollow noopener\" target=\"_blank\">Tore dropper Rema fullstendig<\/a><\/b><\/p>\n<p>D\u00e5rligere og d\u00e5rligere<\/p>\n<p>Neste \u00e5r blir dermed ikke s\u00e6rlig bra. 1. nytt\u00e5rsdag 2026 er, som de fleste sikkert har f\u00e5tt med seg, p\u00e5 en torsdag, mens 1. mai kommer p\u00e5 en fin-fin fredag, s\u00e5 dette blir nok en bra langhelg for mange.<\/p>\n<p>Verre er det med 17. mai, som er den d\u00e5rlige nyheten for landets skolebarn. For andre \u00e5r p\u00e5 rad faller 17. mai \u2013 dagen uten undervisning, men med oppm\u00f8te p\u00e5 skolen \u2013 i helgen. I \u00e5r var det p\u00e5 en l\u00f8rdag, i 2026 blir det p\u00e5 en s\u00f8ndag. Det betyr at alle Norges skolebarn m\u00e5 p\u00e5 skolen p\u00e5 en s\u00f8ndag.<\/p>\n<p>Neste jul blir imidlertid uttellingen fortsatt helt grei. Julaften 24. desember faller p\u00e5 en torsdag, og det betyr at 1. juledag er p\u00e5 en fredag og 2. juledag en l\u00f8rdag, noe som betyr at vi mister den sistnevnte dagen. Det er verdt \u00e5 huske at julaften offisielt bare er en halv fridag, selv om mange har fri hele dagen.<\/p>\n<p>  <a href=\"https:\/\/www.nettavisen.no\/5-95-2785012\" class=\"related-teaser has-image nettavisen-story-teaser article--c-eRUmMG article--c-eRUmMG-fZoQSp-design-nettavisen\" rel=\"nofollow noopener\" target=\"_blank\"><\/p>\n<p>    <img decoding=\"async\" loading=\"lazy\"  src=\"https:\/\/www.europesays.com\/no\/wp-content\/uploads\/2025\/12\/Thomas+og+Birgitte+%285%29+%281%29.jpg\" alt=\"\" class=\"brick-c-cFOWSL\" style=\"\"\/><\/p>\n<p>\n            Les ogs\u00e5<\/p>\n<p>              Skulle bytte bank: Tapte nesten \u00e9n million\n        <\/p>\n<p>  <\/a><br \/>\n  Helligdagsapokalypse i 2027<\/p>\n<p>Men om man syntes 2026 hadde for d\u00e5rlig helligdagsfangst, er det bare \u00e5 grue seg til 2027. Riktignok faller 1. nytt\u00e5rsdag 2027 p\u00e5 fridag, men s\u00e5 faller 1. mai p\u00e5 en l\u00f8rdag og 17. mai p\u00e5 en helligdag, 2. pinsedag, noe som er helt uvanlig uheldig. Sist gang noe liknende skjedde var i 2007, da 17. mai var p\u00e5 Kristi Himmelfartsdag.<\/p>\n<p>Om ikke det er nok, s\u00e5 faller 1. og 2. juledag 2027 p\u00e5 l\u00f8rdag og s\u00f8ndag i en helg. Og den p\u00e5f\u00f8lgende nytt\u00e5rsaften, alts\u00e5 om litt over to \u00e5r, faller p\u00e5 en helg. Med andre ord blir det ingen hele fridager den julen, og mye ekstra jobb for norske arbeidstakere.<\/p>\n","protected":false},"excerpt":{"rendered":"Bevegelige helligdager kan v\u00e6re til b\u00e5de glede og irritasjon for mange arbeidstakere, avhengig av hvilken ukedag de faller&hellip;\n","protected":false},"author":2,"featured_media":123522,"comment_status":"","ping_status":"","sticky":false,"template":"","format":"standard","meta":{"footnotes":""},"categories":[5],"tags":[20,21,24,25,15,19,22,23,17,18,13,30,28,29,14,16,26,27],"class_list":{"0":"post-123521","1":"post","2":"type-post","3":"status-publish","4":"format-standard","5":"has-post-thumbnail","7":"category-overskrifter","8":"tag-breaking-news","9":"tag-breakingnews","10":"tag-featured-news","11":"tag-featurednews","12":"tag-headlines","13":"tag-hovedoppslag","14":"tag-latest-news","15":"tag-latestnews","16":"tag-main-news","17":"tag-mainnews","18":"tag-news","19":"tag-no","20":"tag-norge","21":"tag-norway","22":"tag-nyheter","23":"tag-overskrifter","24":"tag-top-stories","25":"tag-topstories"},"share_on_mastodon":{"url":"https:\/\/pubeurope.com\/@no\/115801939222410844","error":""},"_links":{"self":[{"href":"https:\/\/www.europesays.com\/no\/wp-json\/wp\/v2\/posts\/123521","targetHints":{"allow":["GET"]}}],"collection":[{"href":"https:\/\/www.europesays.com\/no\/wp-json\/wp\/v2\/posts"}],"about":[{"href":"https:\/\/www.europesays.com\/no\/wp-json\/wp\/v2\/types\/post"}],"author":[{"embeddable":true,"href":"https:\/\/www.europesays.com\/no\/wp-json\/wp\/v2\/users\/2"}],"replies":[{"embeddable":true,"href":"https:\/\/www.europesays.com\/no\/wp-json\/wp\/v2\/comments?post=123521"}],"version-history":[{"count":0,"href":"https:\/\/www.europesays.com\/no\/wp-json\/wp\/v2\/posts\/123521\/revisions"}],"wp:featuredmedia":[{"embeddable":true,"href":"https:\/\/www.europesays.com\/no\/wp-json\/wp\/v2\/media\/123522"}],"wp:attachment":[{"href":"https:\/\/www.europesays.com\/no\/wp-json\/wp\/v2\/media?parent=123521"}],"wp:term":[{"taxonomy":"category","embeddable":true,"href":"https:\/\/www.europesays.com\/no\/wp-json\/wp\/v2\/categories?post=123521"},{"taxonomy":"post_tag","embeddable":true,"href":"https:\/\/www.europesays.com\/no\/wp-json\/wp\/v2\/tags?post=123521"}],"curies":[{"name":"wp","href":"https:\/\/api.w.org\/{rel}","templated":true}]}}