{"id":123527,"date":"2025-12-29T08:39:58","date_gmt":"2025-12-29T08:39:58","guid":{"rendered":"https:\/\/www.europesays.com\/no\/123527\/"},"modified":"2025-12-29T08:39:58","modified_gmt":"2025-12-29T08:39:58","slug":"airbus-leter-etter-europeisk-sky","status":"publish","type":"post","link":"https:\/\/www.europesays.com\/no\/123527\/","title":{"rendered":"Airbus leter etter europeisk sky"},"content":{"rendered":"<p><a class=\"inline-block uppercase px-2 py-1 rounded-full text-sm leading-none hover:underline whitespace-nowrap text-brandNeutral-900 bg-brandNeutral-100 dark:bg-brandStone-300 mb-6\" href=\"https:\/\/www.digi.no\/emne\/skytjenester\" rel=\"nofollow noopener\" target=\"_blank\">Skytjenester<\/a><\/p>\n<p class=\"text-xl leading-snug mb-8\">\u2013\u00a0 Vi vil sikre at opplysningene forblir under europeisk kontroll, sier nestsjefen i verdens st\u00f8rste flyprodusent.<\/p>\n<p>Caroline Augustine, Version 2<\/p>\n<p>28. des. 2025 &#8211; 05:00 <\/p>\n<p>Kommentarer<\/p>\n<p>Du m\u00e5 v\u00e6re innlogget hos Ifr\u00e5gas\u00e4tt for \u00e5 kommentere. Bruk BankID for automatisk oppretting av brukerkonto. Du kan kommentere under fullt navn eller med kallenavn.<\/p>\n","protected":false},"excerpt":{"rendered":"Skytjenester \u2013\u00a0 Vi vil sikre at opplysningene forblir under europeisk kontroll, sier nestsjefen i verdens st\u00f8rste flyprodusent. Caroline&hellip;\n","protected":false},"author":2,"featured_media":123528,"comment_status":"","ping_status":"","sticky":false,"template":"","format":"standard","meta":{"footnotes":""},"categories":[56],"tags":[60,14619,61,62,30,28,29,2673],"class_list":{"0":"post-123527","1":"post","2":"type-post","3":"status-publish","4":"format-standard","5":"has-post-thumbnail","7":"category-naeringsliv","8":"tag-business","9":"tag-digital-suverenitet","10":"tag-economy","11":"tag-naeringsliv","12":"tag-no","13":"tag-norge","14":"tag-norway","15":"tag-skytjenester"},"share_on_mastodon":{"url":"https:\/\/pubeurope.com\/@no\/115801962876105398","error":""},"_links":{"self":[{"href":"https:\/\/www.europesays.com\/no\/wp-json\/wp\/v2\/posts\/123527","targetHints":{"allow":["GET"]}}],"collection":[{"href":"https:\/\/www.europesays.com\/no\/wp-json\/wp\/v2\/posts"}],"about":[{"href":"https:\/\/www.europesays.com\/no\/wp-json\/wp\/v2\/types\/post"}],"author":[{"embeddable":true,"href":"https:\/\/www.europesays.com\/no\/wp-json\/wp\/v2\/users\/2"}],"replies":[{"embeddable":true,"href":"https:\/\/www.europesays.com\/no\/wp-json\/wp\/v2\/comments?post=123527"}],"version-history":[{"count":0,"href":"https:\/\/www.europesays.com\/no\/wp-json\/wp\/v2\/posts\/123527\/revisions"}],"wp:featuredmedia":[{"embeddable":true,"href":"https:\/\/www.europesays.com\/no\/wp-json\/wp\/v2\/media\/123528"}],"wp:attachment":[{"href":"https:\/\/www.europesays.com\/no\/wp-json\/wp\/v2\/media?parent=123527"}],"wp:term":[{"taxonomy":"category","embeddable":true,"href":"https:\/\/www.europesays.com\/no\/wp-json\/wp\/v2\/categories?post=123527"},{"taxonomy":"post_tag","embeddable":true,"href":"https:\/\/www.europesays.com\/no\/wp-json\/wp\/v2\/tags?post=123527"}],"curies":[{"name":"wp","href":"https:\/\/api.w.org\/{rel}","templated":true}]}}