{"id":123529,"date":"2025-12-29T08:41:39","date_gmt":"2025-12-29T08:41:39","guid":{"rendered":"https:\/\/www.europesays.com\/no\/123529\/"},"modified":"2025-12-29T08:41:39","modified_gmt":"2025-12-29T08:41:39","slug":"barnehager-som-ikke-eksisterer-fbi-etterforsker-svindel-i-somalisk-miljo","status":"publish","type":"post","link":"https:\/\/www.europesays.com\/no\/123529\/","title":{"rendered":"Barnehager som ikke eksisterer \u2013 FBI etterforsker svindel i somalisk milj\u00f8"},"content":{"rendered":"<p><strong>FBI har sendt forsterkede etterforskningsressurser til Minnesota for \u00e5 granske det som beskrives som omfattende svindel med offentlige midler, melder Reuters.<\/strong><\/p>\n<p>FBI-direkt\u00f8r Kash Patel opplyste s\u00f8ndag at byr\u00e5et har \u00abtrappet kraftig opp\u00bb etterforskningen i delstaten. If\u00f8lge f\u00f8derale myndigheter er svindelen i stor grad knyttet til milj\u00f8er blant Minnesotas somaliske innvandrere, og skal dreie seg om misbruk av millioner av dollar \u00f8remerket sosiale tjenester.<\/p>\n<p>Patel viste til \u00abnye rapporter i sosiale medier i Minnesota\u00bb, uten \u00e5 g\u00e5 i detaljer. Uttalelsen kom kort tid etter at en <a href=\"https:\/\/youtu.be\/r8AulCA1aOQ\" rel=\"nofollow noopener\" target=\"_blank\">video <\/a>fra YouTuberen Nick Shirley, sirkulerte p\u00e5 nett som viser barnehager som mottok enorme offentlige tilskudd, til tross for at virksomhetene skal ha v\u00e6rt inaktive.<\/p>\n<p><strong>Les ogs\u00e5: <a href=\"https:\/\/inyheter.no\/28\/12\/2025\/krever-arrestasjoner-etter-avsloring-av-milliardsvindel-over-110-millioner-dollar-pa-en-dag\/\" rel=\"nofollow noopener\" target=\"_blank\">Krever arrestasjoner etter avsl\u00f8ring av milliardsvindel: Over 110 millioner dollar p\u00e5 \u00e9n dag (+)<\/a><\/strong><\/p>\n<p>Den republikanske kongressrepresentanten Tom Emmer delte videoen og krevde svar fra delstatens guvern\u00f8r Tim Walz. Ogs\u00e5 visepresident JD Vance spredte innholdet videre i sosiale medier.<\/p>\n<p>\u2013 Folk m\u00e5 arresteres og straffeforf\u00f8lges, og guvern\u00f8ren i Minnesota m\u00e5 stilles til ansvar. Kongressen b\u00f8r holde h\u00f8ring umiddelbart og begynne \u00e5 f\u00e5 svar, skriver kongressrepresentant\u00a0Mike Lawler p\u00e5 X.<\/p>\n<blockquote class=\"twitter-tweet\" data-width=\"550\" data-dnt=\"true\">\n<p lang=\"en\" dir=\"ltr\">Folks need to be arrested and prosecuted and the Governor of Minnesota needs to be held accountable. Congress should hold a hearing immediately and start getting answers. <a href=\"https:\/\/t.co\/bpNEGnRKvY\" rel=\"nofollow\">https:\/\/t.co\/bpNEGnRKvY<\/a><\/p>\n<p>\u2014 Congressman Mike Lawler (@RepMikeLawler) <a href=\"https:\/\/twitter.com\/RepMikeLawler\/status\/2004925559688888913?ref_src=twsrc%5Etfw\" rel=\"nofollow noopener\" target=\"_blank\">December 27, 2025<\/a><\/p><\/blockquote>\n<p>If\u00f8lge CBS News, som siterer det f\u00f8derale p\u00e5talekontoret i Minnesota, er de fleste som nylig er tiltalt i store svindelsaker i delstaten av somalisk bakgrunn. Samtidig har det v\u00e6rt \u00e5pen konflikt mellom f\u00f8derale og delstatlige myndigheter om hvordan etterforskningen h\u00e5ndteres, skriver <a href=\"https:\/\/www.startribune.com\/minnesota-gov-tim-walz-and-the-dfl-are-tapping-influencers-to-spread-their-message\/601546526\" rel=\"nofollow noopener\" target=\"_blank\">Minnesota Star Tribune.<\/a><\/p>\n<p>FBI har ikke \u00f8nsket \u00e5 gi ytterligere detaljer om etterforskningen, og guvern\u00f8r Walz\u2019 kontor har forel\u00f8pig ikke kommentert saken.<\/p>\n<p>President Donald Trump har tidligere vist til disse sakene i sin kritikk av b\u00e5de den somaliske diasporaen og Walz, som var Demokratenes visepresidentkandidat i 2024-valget.<\/p>\n<blockquote class=\"twitter-tweet\" data-width=\"550\" data-dnt=\"true\">\n<p lang=\"en\" dir=\"ltr\">One fraudulent business in Minnesota that misspelled \u201clearning\u201d on its building received $1.9M this year while masquerading as a daycare. <\/p>\n<p>There are not enough words to describe the breathtaking failure that has happened under the watch of <a href=\"https:\/\/twitter.com\/GovTimWalz?ref_src=twsrc%5Etfw\" rel=\"nofollow noopener\" target=\"_blank\">@GovTimWalz<\/a>. <a href=\"https:\/\/t.co\/jKorqta5ZU\" rel=\"nofollow\">pic.twitter.com\/jKorqta5ZU<\/a><\/p>\n<p>\u2014 Secretary Linda McMahon (@EDSecMcMahon) <a href=\"https:\/\/twitter.com\/EDSecMcMahon\/status\/2005092889588891981?ref_src=twsrc%5Etfw\" rel=\"nofollow noopener\" target=\"_blank\">December 28, 2025<\/a><\/p><\/blockquote>\n<p><script async src=\"https:\/\/platform.twitter.com\/widgets.js\" charset=\"utf-8\"><\/script><\/p>\n","protected":false},"excerpt":{"rendered":"FBI har sendt forsterkede etterforskningsressurser til Minnesota for \u00e5 granske det som beskrives som omfattende svindel med offentlige&hellip;\n","protected":false},"author":2,"featured_media":123530,"comment_status":"","ping_status":"","sticky":false,"template":"","format":"standard","meta":{"footnotes":""},"categories":[12],"tags":[20,21,2879,24,25,15,22,23,2119,13,30,28,29,14,16,1441,26,27,50,42,43,44,45],"class_list":{"0":"post-123529","1":"post","2":"type-post","3":"status-publish","4":"format-standard","5":"has-post-thumbnail","7":"category-verden","8":"tag-breaking-news","9":"tag-breakingnews","10":"tag-fbi","11":"tag-featured-news","12":"tag-featurednews","13":"tag-headlines","14":"tag-latest-news","15":"tag-latestnews","16":"tag-minnesota","17":"tag-news","18":"tag-no","19":"tag-norge","20":"tag-norway","21":"tag-nyheter","22":"tag-overskrifter","23":"tag-svindel","24":"tag-top-stories","25":"tag-topstories","26":"tag-usa","27":"tag-verden","28":"tag-world","29":"tag-world-news","30":"tag-worldnews"},"share_on_mastodon":{"url":"https:\/\/pubeurope.com\/@no\/115801966820097944","error":""},"_links":{"self":[{"href":"https:\/\/www.europesays.com\/no\/wp-json\/wp\/v2\/posts\/123529","targetHints":{"allow":["GET"]}}],"collection":[{"href":"https:\/\/www.europesays.com\/no\/wp-json\/wp\/v2\/posts"}],"about":[{"href":"https:\/\/www.europesays.com\/no\/wp-json\/wp\/v2\/types\/post"}],"author":[{"embeddable":true,"href":"https:\/\/www.europesays.com\/no\/wp-json\/wp\/v2\/users\/2"}],"replies":[{"embeddable":true,"href":"https:\/\/www.europesays.com\/no\/wp-json\/wp\/v2\/comments?post=123529"}],"version-history":[{"count":0,"href":"https:\/\/www.europesays.com\/no\/wp-json\/wp\/v2\/posts\/123529\/revisions"}],"wp:featuredmedia":[{"embeddable":true,"href":"https:\/\/www.europesays.com\/no\/wp-json\/wp\/v2\/media\/123530"}],"wp:attachment":[{"href":"https:\/\/www.europesays.com\/no\/wp-json\/wp\/v2\/media?parent=123529"}],"wp:term":[{"taxonomy":"category","embeddable":true,"href":"https:\/\/www.europesays.com\/no\/wp-json\/wp\/v2\/categories?post=123529"},{"taxonomy":"post_tag","embeddable":true,"href":"https:\/\/www.europesays.com\/no\/wp-json\/wp\/v2\/tags?post=123529"}],"curies":[{"name":"wp","href":"https:\/\/api.w.org\/{rel}","templated":true}]}}