{"id":123537,"date":"2025-12-29T08:46:32","date_gmt":"2025-12-29T08:46:32","guid":{"rendered":"https:\/\/www.europesays.com\/no\/123537\/"},"modified":"2025-12-29T08:46:32","modified_gmt":"2025-12-29T08:46:32","slug":"denne-skimoten-gjor-comeback-na","status":"publish","type":"post","link":"https:\/\/www.europesays.com\/no\/123537\/","title":{"rendered":"&#8211; Denne skimoten gj\u00f8r comeback n\u00e5"},"content":{"rendered":"<p class=\"kicker \" style=\"\">Mote\u00a0<\/p>\n<p>  Slik skal vi kle oss i skibakken. Og nostalgi er et n\u00f8kkelord.\u00a0<\/p>\n<p>\n    SKIMOTE: If\u00f8lge KKs moteansvarlig er skimoten et eget univers. Her er kongen og dronningen p\u00e5 ski i 1978. Foto: NTB\n  <\/p>\n<p>Julens mange h\u00f8ydepunkter byr gjerne p\u00e5 flere anledninger til \u00e5 dra frem strass, paljetter og penskoene. Men det er ikke bare i juleselskaper vi skal kle oss opp &#8211; skibakken har nemlig blitt en arena for en rekke ikoniske mote\u00f8yeblikk.\u00a0<\/p>\n<p>F\u00f8r 1900-tallet handlet skikl\u00e6r f\u00f8rst og fremst og funksjonalitet. P\u00e5 denne tiden var det faktisk vanlig at kvinner sto p\u00e5 ski i tunge ullskj\u00f8rt. Gjennom tidene har skimoten endret seg &#8211; likevel er det mye som st\u00e5r seg like godt i dag, som for flere ti \u00e5r siden.\u00a0<\/p>\n<p>    <a itemprop=\"url\" href=\"https:\/\/www.kk.no\/mote\/skal-du-ha-ny-jakke-denne-vinteren-sa-la-det-bli-denne\/83932154\" rel=\"nofollow noopener\" target=\"_blank\"><\/p>\n<p>        <img loading=\"lazy\" decoding=\"async\" src=\"https:\/\/www.europesays.com\/no\/wp-content\/uploads\/2025\/12\/83932482.webp.webp\" width=\"980\" height=\"441\" title=\"Skal du ha ny jakke denne vinteren, s\u00e5 la det bli denne\" alt=\"\" class=\"lazyload\" style=\"--aspect-ratio-image: 2.22; \"\/><\/p>\n<p>        Skal du ha ny jakke denne vinteren, s\u00e5 la det bli denne<\/p>\n<p>    <\/a><\/p>\n<p>Ikonisk og elegant\u00a0\t<\/p>\n<p>\u00abEn jente kan se mer sexy ut i skikl\u00e6r enn i badedrakt\u00bb, skal sveitsiske designeren Fred Picard ha sagt i 1957.\u00a0<\/p>\n<p>Kanskje det mest ikoniske ski-antrekket er selveste Audrey Hepburn i filmen\u00a0\u00abCharade\u00bb fra 1963. Allerede i \u00e5pningsscenen m\u00f8ter vi Hepburn i en m\u00f8rk heldress fra Givenchy, brun balaklava og store solbriller fra Pierre Marly i vakre\u00a0Meg\u00e8ve.\u00a0<\/p>\n<p>        <img loading=\"lazy\" decoding=\"async\" src=\"https:\/\/www.europesays.com\/no\/wp-content\/uploads\/2025\/12\/84009553.webp.webp\" width=\"667\" height=\"754\" title=\"ELEGANT: Audrey Hepburn fra filmen \u00abCharade\u00bb i 1963. Foto: NTB\" alt=\"\" class=\"\" style=\"--aspect-ratio-image: 0.88; \"\/><\/p>\n<p>\n        ELEGANT: Audrey Hepburn fra filmen \u00abCharade\u00bb i 1963. Foto: NTB\n    <\/p>\n<p>I den Netflix-serien \u00abEmily in Paris\u00bb ble det ikoniske antrekket gjenskapt av seriens hovedperson, spilt av Lily Collins. Et bevis p\u00e5 at antrekket er like aktuelt i dag som for 62 \u00e5r siden.<\/p>\n<p>    <a itemprop=\"url\" href=\"https:\/\/www.kk.no\/mote\/en-oppskrift-pa-suksess\/83899466\" rel=\"nofollow noopener\" target=\"_blank\"><\/p>\n<p>        <img loading=\"lazy\" decoding=\"async\" src=\"https:\/\/www.europesays.com\/no\/wp-content\/uploads\/2025\/12\/83899479.webp.webp\" width=\"147\" height=\"98\" title=\"\u2013 En oppskrift p\u00e5 suksess\" alt=\"\" class=\"lazyload\" style=\"--aspect-ratio-image: 1.50; \"\/><\/p>\n<p>        \u2013 En oppskrift p\u00e5 suksess<\/p>\n<p>    <\/a><\/p>\n<p>Lady Gaga serverte oss ogs\u00e5 noen ikoniske skiantrekk som Patrizia Reggiani i filmen \u00abHouse of Gucci\u00bb fra 2021. If\u00f8rt en tettsittende skidrakt, store smykker og en pelshatt viser Gaga en den mer overd\u00e5dige luksusen, som vi ogs\u00e5 kan se i dag. De siste \u00e5rene har fuskepels, store luer og briller trendet &#8211; ogs\u00e5 i skibakken.\u00a0<\/p>\n<p>        <img loading=\"lazy\" decoding=\"async\" src=\"https:\/\/www.europesays.com\/no\/wp-content\/uploads\/2025\/12\/84009607.webp.webp\" width=\"980\" height=\"559\" title=\"LUKSUS: Lady Gaga og Adam Driver i filmen \u00abHouse of Gucci\u00bb. Foto: NTB\" alt=\"\" class=\"\" style=\"--aspect-ratio-image: 1.75; \"\/><\/p>\n<p>\n        LUKSUS: Lady Gaga og Adam Driver i filmen \u00abHouse of Gucci\u00bb. Foto: NTB\n    <\/p>\n<p>Heldressens storhetstid\u00a0\t<\/p>\n<p>Prinsesse Diana har blitt et moteikon, og ogs\u00e5 hennes antrekk fra skibakken har blitt lagt merke til. P\u00e5 80- og 90-tallet imponerte hun med den ene ski-looken etter den andre.\u00a0<\/p>\n<p>Skidressen var tilsynelatende blant prinsessens favoritter, og hun hadde ikke bare \u00e9n skidress i garderoben. Hun er s\u00e6rlig kjent for sin r\u00f8de dress med asymmetrisk glidel\u00f8s og h\u00f8y krage fra merke HEAD.\u00a0<\/p>\n<p>Hun er fotografert i den ikoniske 80-tallsdressen en rekke ganger. I 1986 hadde prinsessen den p\u00e5 Klosters-Serneus i Sveits, hvor hun sammen med kong Charles var p\u00e5 ferie.\u00a0<\/p>\n<p>        <img loading=\"lazy\" decoding=\"async\" src=\"https:\/\/www.europesays.com\/no\/wp-content\/uploads\/2025\/12\/84009312.webp.webp\" width=\"667\" height=\"474\" title=\"IKONISK SKIDRESS: Kong Charles og prinsesse Diana i Sveits i 1986. Foto: NTB\" alt=\"\" class=\"\" style=\"--aspect-ratio-image: 1.41; \"\/><\/p>\n<p>\n        IKONISK SKIDRESS: Kong Charles og prinsesse Diana i Sveits i 1986. Foto: NTB\n    <\/p>\n<p>    <a itemprop=\"url\" href=\"https:\/\/www.kk.no\/mote\/vi-ble-oppriktig-glade-da-vi-sa-prinsessen-bruke-dem\/83972185\" rel=\"nofollow noopener\" target=\"_blank\"><\/p>\n<p>        <img loading=\"lazy\" decoding=\"async\" src=\"https:\/\/www.europesays.com\/no\/wp-content\/uploads\/2025\/12\/83966087.webp.webp\" width=\"980\" height=\"441\" title=\"- Vi ble oppriktig glade da vi s\u00e5 prinsessen bruke dem\" alt=\"\" class=\"lazyload\" style=\"--aspect-ratio-image: 2.22; \"\/><\/p>\n<p>         &#8211; Vi ble oppriktig glade da vi s\u00e5 prinsessen bruke dem<\/p>\n<p>    <\/a><\/p>\n<p>Senere i 1991 hadde hun p\u00e5 seg samme skidress, da hun og s\u00f8nnene prins William og prins Harry sto p\u00e5 ski i Lech i \u00d8sterrike &#8211; som for \u00f8vrig var et skisenter familien bes\u00f8kte igjen og igjen.\u00a0<\/p>\n<p>        <img loading=\"lazy\" decoding=\"async\" src=\"https:\/\/www.europesays.com\/no\/wp-content\/uploads\/2025\/12\/84009235.webp.webp\" width=\"980\" height=\"559\" title=\"SKIDRESS: Prins William, prinsesse Diana og prins Harry under deres skiferie i \u00d8sterrike tilbake i 1991. Foto: NTB\" alt=\"\" class=\"\" style=\"--aspect-ratio-image: 1.75; \"\/><\/p>\n<p>\n        SKIDRESS: Prins William, prinsesse Diana og prins Harry under deres skiferie i \u00d8sterrike tilbake i 1991. Foto: NTB\n    <\/p>\n<p>I skigarderoben hadde Diana ogs\u00e5 en bl\u00e5 dress og en sort med rosa og gr\u00f8nne detaljer.<\/p>\n<p>        <img loading=\"lazy\" decoding=\"async\" src=\"https:\/\/www.europesays.com\/no\/wp-content\/uploads\/2025\/12\/84009209.webp.webp\" width=\"270\" height=\"605\" title=\"Prinsesse Diana p\u00e5 ski i Lech, i 1994. Foto: NTB\" alt=\"\" class=\"\" style=\"--aspect-ratio-image: 0.45; \"\/><\/p>\n<p>\n        Prinsesse Diana p\u00e5 ski i Lech, i 1994. Foto: NTB\n    <\/p>\n<p>        <img loading=\"lazy\" decoding=\"async\" src=\"https:\/\/www.europesays.com\/no\/wp-content\/uploads\/2025\/12\/84009309.webp.webp\" width=\"270\" height=\"603\" title=\"Prinsesse Diana under en skiferie i Klosters i Sveits i 1987. Foto: NTB\" alt=\"\" class=\"\" style=\"--aspect-ratio-image: 0.45; \"\/><\/p>\n<p>\n        Prinsesse Diana under en skiferie i Klosters i Sveits i 1987. Foto: NTB\n    <\/p>\n<p>    <a itemprop=\"url\" href=\"https:\/\/www.kk.no\/mote\/dette-far-vi-ikke-nok-av-na\/83899059\" rel=\"nofollow noopener\" target=\"_blank\"><\/p>\n<p>        <img loading=\"lazy\" decoding=\"async\" src=\"https:\/\/www.europesays.com\/no\/wp-content\/uploads\/2025\/12\/83899096.webp.webp\" width=\"980\" height=\"441\" title=\"Dette f\u00e5r vi ikke nok av n\u00e5\" alt=\"\" class=\"lazyload\" style=\"--aspect-ratio-image: 2.22; \"\/><\/p>\n<p>        Dette f\u00e5r vi ikke nok av n\u00e5<\/p>\n<p>    <\/a><\/p>\n<p>Heldressen i sterke neonfarger hadde sin storhetstid p\u00e5 80-tallet. V\u00e5r egen dronning Sonja har ogs\u00e5 en rekke ganger imponert i skibakken, og ikke bare for sine skiferdigheter. Under Ridderrennet i Oslo tilbake i 1989 hadde hun p\u00e5 seg en bl\u00e5 heldress.\u00a0<\/p>\n<p>        <img loading=\"lazy\" decoding=\"async\" src=\"https:\/\/www.europesays.com\/no\/wp-content\/uploads\/2025\/12\/84009487.webp.webp\" width=\"667\" height=\"861\" title=\"HELDRESS: Dronning Sonja p\u00e5 ski i bl\u00e5 skidress under Ridderrennet i 1989. Foto: Jan Greve\/NTB\" alt=\"\" class=\"\" style=\"--aspect-ratio-image: 0.77; \"\/><\/p>\n<p>\n        HELDRESS: Dronning Sonja p\u00e5 ski i bl\u00e5 skidress under Ridderrennet i 1989. Foto: Jan Greve\/NTB\n    <\/p>\n<p>&#8211; Et slags kj\u00e6rlighetsforhold \t<\/p>\n<p>KKs moteansvarlig, Ida Elise Eide Einarsd\u00f3ttir, forteller at nostalgi st\u00e5r sterkt i motebildet om dagen &#8211; ogs\u00e5 hva gjelder skimoten.\u00a0<\/p>\n<p class=\"font-weight-bold m-font-weight-bold\" data-lab-font_weight=\"font-weight-bold\">&#8211; Spesielt 80-tallet gj\u00f8r et comeback n\u00e5. Det som skiller skimoten den gang da fra n\u00e5 er nok f\u00f8rst og fremst det tekniske. Der er vi kommet en lang vei. Klassiske merker som Fusalp og Moncler st\u00e5r fortsatt sterkt som evige klassikere, men etter hvert som skimoten er blitt stadig mer &#8211; vel, motete &#8211; har etter hvert s\u00e5 godt som alle merker med respekt for seg selv egne skikolleksjoner, ritkignok mer eller mindre tekniske.\u00a0<\/p>\n<p>    <a itemprop=\"url\" href=\"https:\/\/www.kk.no\/mote\/stildronningen-gjorde-det-for-alle-andre\/82585204\" rel=\"nofollow noopener\" target=\"_blank\"><\/p>\n<p>        <img loading=\"lazy\" decoding=\"async\" src=\"https:\/\/www.europesays.com\/no\/wp-content\/uploads\/2025\/12\/82585269.webp.webp\" width=\"980\" height=\"441\" title=\"Stildronningen: - Gjorde det f\u00f8r alle andre\" alt=\"\" class=\"lazyload\" style=\"--aspect-ratio-image: 2.22; \"\/><\/p>\n<p>        Stildronningen: &#8211; Gjorde det f\u00f8r alle andre<\/p>\n<p>    <\/a><\/p>\n<p>Skimoten er litt som i en boble, den har liksom sitt eget univers, uttrykker KKs moteansvarlig. Mer aktuell n\u00e5 enn p\u00e5 lenge ettersom vi under og etter pandemien fikk en oppsving hva gjelder nettopp friluftstrender<\/p>\n<p>&#8211; For \u00f8vrig er ikke koblingen mellom mote og sport ny. Det er et slags kj\u00e6rlighetsforhold der, og selvf\u00f8lgelig potensielt klingende mynt i kassa for klesmerkene.<\/p>\n<p> Einarsd\u00f3ttir forteller at skikl\u00e6r som g\u00e5r ton-i-ton n\u00e5 er sv\u00e6rt popul\u00e6rt. Jakkene skal gjerne ha et innsvinget liv og belte.\u00a0<\/p>\n<p>        <img loading=\"lazy\" decoding=\"async\" src=\"https:\/\/www.europesays.com\/no\/wp-content\/uploads\/2025\/12\/84010169.webp.webp\" width=\"667\" height=\"661\" title=\"INNSVINGET JAKKE: Her er Paris Hilton i \u00d8sterrike i 2007. Foto: NTB\" alt=\"\" class=\"\" style=\"--aspect-ratio-image: 1.01; \"\/><\/p>\n<p>\n        INNSVINGET JAKKE: Her er Paris Hilton i \u00d8sterrike i 2007. Foto: NTB\n    <\/p>\n<p>En annen sterk trend er den vi kan kalle den \u00abnorske skimoten\u00bb. Det norske merket Amundsen Sports er s\u00e6rlig kjent for den norske stilen, med r\u00f8d, bl\u00e5 og hvit som farger som s\u00e6rlig g\u00e5r igjen.\u00a0<\/p>\n<p>        <img loading=\"lazy\" decoding=\"async\" src=\"https:\/\/www.europesays.com\/no\/wp-content\/uploads\/2025\/12\/84010218.webp.webp\" width=\"980\" height=\"559\" title=\"VEST: Kong Harald og dronning Sonja p\u00e5 skitur ved sitt hjem, Skaugum, i 1978. Foto: Erik Thorberg\/NTB\" alt=\"\" class=\"\" style=\"--aspect-ratio-image: 1.75; \"\/><\/p>\n<p>\n        VEST: Kong Harald og dronning Sonja p\u00e5 skitur ved sitt hjem, Skaugum, i 1978. Foto: Erik Thorberg\/NTB\n    <\/p>\n<p>        <img loading=\"lazy\" decoding=\"async\" src=\"https:\/\/www.europesays.com\/no\/wp-content\/uploads\/2025\/12\/84010494.webp.webp\" width=\"667\" height=\"748\" title=\"R\u00d8D: Dronning Sonja p\u00e5 skitur i Alvda i 1990. Foto: NTB\" alt=\"\" class=\"\" style=\"--aspect-ratio-image: 0.89; \"\/><\/p>\n<p>\n        R\u00d8D: Dronning Sonja p\u00e5 skitur i Alvda i 1990. Foto: NTB\n    <\/p>\n<p>Det lille ekstra\u00a0\t<\/p>\n<p>De siste \u00e5rene har, som nevnt, fuskepels og pels tatt motebildet med storm. Og den store luen kan nettopp v\u00e6re det som topper ski-antrekket (vel og merke, utenfor bakken).\u00a0<\/p>\n<p>        <img loading=\"lazy\" decoding=\"async\" src=\"https:\/\/www.europesays.com\/no\/wp-content\/uploads\/2025\/12\/84010179.webp.webp\" width=\"667\" height=\"627\" title=\"LUE: Kate Middleton i stor pelslue tilbake i 2006. Foto: NTB\" alt=\"\" class=\"\" style=\"--aspect-ratio-image: 1.06; \"\/><\/p>\n<p>\n        LUE: Kate Middleton i stor pelslue tilbake i 2006. Foto: NTB\n    <\/p>\n<p>Det samme gj\u00f8r de ikoniske\u00a0Moon Boots, som ble <a href=\"https:\/\/www.kk.no\/mote\/oi-der-kommer-slasken-gaende\/82519011\" rel=\"nofollow noopener\" target=\"_blank\">f\u00f8dt i Italia tidlig p\u00e5 70-tallet.<\/a> <\/p>\n<p> Her hjemme stilte selveste kong Harald i Moon Boots under ski-NM i Mer\u00e5ker i 2019. Dronningen har ogs\u00e5 et par liggende, som hun blant annet er fotografert i tilbake i 2011.\u00a0<\/p>\n<p>        <img loading=\"lazy\" decoding=\"async\" src=\"https:\/\/www.europesays.com\/no\/wp-content\/uploads\/2025\/12\/84010389.webp.webp\" width=\"667\" height=\"514\" title=\"MOTEKONGEN: Kong Harald under 15 km skiatlon for kvinner i Mer\u00e5ker i 2019. FOTO: Terje Pedersen \/ NTB\" alt=\"\" class=\"\" style=\"--aspect-ratio-image: 1.30; \"\/><\/p>\n<p>\n        MOTEKONGEN: Kong Harald under 15 km skiatlon for kvinner i Mer\u00e5ker i 2019. FOTO: Terje Pedersen \/ NTB\n    <\/p>\n<p>        <img loading=\"lazy\" decoding=\"async\" src=\"https:\/\/www.europesays.com\/no\/wp-content\/uploads\/2025\/12\/84009507.webp.webp\" width=\"667\" height=\"1001\" title=\"MOON BOOT: Dronning Sonja ankommer her Holmenkollen i 2011. Foto: Lise \u00c5serud \/ NTB\" alt=\"\" class=\"\" style=\"--aspect-ratio-image: 0.67; \"\/><\/p>\n<p>\n        MOON BOOT: Dronning Sonja ankommer her Holmenkollen i 2011. Foto: Lise \u00c5serud \/ NTB\n    <\/p>\n<p>Skistjernen Therese Johaug tok det enda et skritt videre, og hadde Moon Boots til brudekjolen da hun giftet seg med Nils Jakob Hoff nytt\u00e5rsaften 2023.<\/p>\n<p>    <a itemprop=\"url\" href=\"https:\/\/www.kk.no\/mote\/oi-der-kommer-slasken-gaende\/82519011\" rel=\"nofollow noopener\" target=\"_blank\"><\/p>\n<p>        <img loading=\"lazy\" decoding=\"async\" src=\"https:\/\/www.europesays.com\/no\/wp-content\/uploads\/2025\/12\/82525083.webp.webp\" width=\"147\" height=\"98\" title=\"- Oi der kommer slasken g\u00e5ende\" alt=\"\" class=\"lazyload\" style=\"--aspect-ratio-image: 1.50; \"\/><\/p>\n<p>        &#8211; Oi der kommer slasken g\u00e5ende<\/p>\n<p>    <\/a><\/p>\n<p>        <img loading=\"lazy\" decoding=\"async\" src=\"https:\/\/www.europesays.com\/no\/wp-content\/uploads\/2025\/12\/81893704.webp.webp\" width=\"196\" height=\"255\" title=\"Har du et tips?\" alt=\"\" class=\"\" style=\"--aspect-ratio-image: 0.77; \"\/><\/p>\n<p>        Har du et tips?<\/p>\n<p class=\"subtitle\">Hei, jeg heter Malin Haugan og er journalist i KK. Har du et tips, en historie du vil fortelle eller et felt du mener vi b\u00f8r skrive om?<\/p>\n","protected":false},"excerpt":{"rendered":"Mote\u00a0 Slik skal vi kle oss i skibakken. Og nostalgi er et n\u00f8kkelord.\u00a0 SKIMOTE: If\u00f8lge KKs moteansvarlig er&hellip;\n","protected":false},"author":2,"featured_media":123538,"comment_status":"","ping_status":"","sticky":false,"template":"","format":"standard","meta":{"footnotes":""},"categories":[58],"tags":[1560,71,14621,4024,30,28,29,3650,14620,72],"class_list":{"0":"post-123537","1":"post","2":"type-post","3":"status-publish","4":"format-standard","5":"has-post-thumbnail","7":"category-underholdning","8":"tag-dronning-sonja","9":"tag-entertainment","10":"tag-moon-boots","11":"tag-mote","12":"tag-no","13":"tag-norge","14":"tag-norway","15":"tag-ski","16":"tag-skiklaer","17":"tag-underholdning"},"share_on_mastodon":{"url":"https:\/\/pubeurope.com\/@no\/115801986586028474","error":""},"_links":{"self":[{"href":"https:\/\/www.europesays.com\/no\/wp-json\/wp\/v2\/posts\/123537","targetHints":{"allow":["GET"]}}],"collection":[{"href":"https:\/\/www.europesays.com\/no\/wp-json\/wp\/v2\/posts"}],"about":[{"href":"https:\/\/www.europesays.com\/no\/wp-json\/wp\/v2\/types\/post"}],"author":[{"embeddable":true,"href":"https:\/\/www.europesays.com\/no\/wp-json\/wp\/v2\/users\/2"}],"replies":[{"embeddable":true,"href":"https:\/\/www.europesays.com\/no\/wp-json\/wp\/v2\/comments?post=123537"}],"version-history":[{"count":0,"href":"https:\/\/www.europesays.com\/no\/wp-json\/wp\/v2\/posts\/123537\/revisions"}],"wp:featuredmedia":[{"embeddable":true,"href":"https:\/\/www.europesays.com\/no\/wp-json\/wp\/v2\/media\/123538"}],"wp:attachment":[{"href":"https:\/\/www.europesays.com\/no\/wp-json\/wp\/v2\/media?parent=123537"}],"wp:term":[{"taxonomy":"category","embeddable":true,"href":"https:\/\/www.europesays.com\/no\/wp-json\/wp\/v2\/categories?post=123537"},{"taxonomy":"post_tag","embeddable":true,"href":"https:\/\/www.europesays.com\/no\/wp-json\/wp\/v2\/tags?post=123537"}],"curies":[{"name":"wp","href":"https:\/\/api.w.org\/{rel}","templated":true}]}}