{"id":123539,"date":"2025-12-29T08:52:17","date_gmt":"2025-12-29T08:52:17","guid":{"rendered":"https:\/\/www.europesays.com\/no\/123539\/"},"modified":"2025-12-29T08:52:17","modified_gmt":"2025-12-29T08:52:17","slug":"heyerdahl-om-rekordhoy-gullpris-en-skjult-formue-i-hjemmet","status":"publish","type":"post","link":"https:\/\/www.europesays.com\/no\/123539\/","title":{"rendered":"Heyerdahl om rekordh\u00f8y gullpris: \u2013 En skjult formue i hjemmet"},"content":{"rendered":"<p>Gullprisen har aldri v\u00e6rt h\u00f8yere. 2. juledag ble det satt ny rekord, og det f\u00e5r konsekvenser langt utover investormilj\u00f8ene. \u2013 Sp\u00f8rsm\u00e5let er hvor mange privatpersoner som faktisk har f\u00e5tt dette med seg, sier Heyerdahl.<\/p>\n<p>Publisert 28. des. 10:06 | Oppdatert 28. des. 10:22<\/p>\n<p><img decoding=\"async\" class=\"c-image--blurry c-image-fa\" data-id=\"8317367\" src=\"https:\/\/www.europesays.com\/no\/wp-content\/uploads\/2025\/12\/pipe.jpeg\"  alt=\"Article lead\" style=\"position:relative;display:block;object-position:50% 50%\"\/><\/p>\n<p>KRAFTIG PRIS\u00d8KNING: Takstmann og gullsmed Thomas Heyerdahl, daglig leder i Gullsmed Heyerdahl.  <strong>Foto: Gullsmed Heyerdahl<\/strong><\/p>\n","protected":false},"excerpt":{"rendered":"Gullprisen har aldri v\u00e6rt h\u00f8yere. 2. juledag ble det satt ny rekord, og det f\u00e5r konsekvenser langt utover&hellip;\n","protected":false},"author":2,"featured_media":123540,"comment_status":"","ping_status":"","sticky":false,"template":"","format":"standard","meta":{"footnotes":""},"categories":[56],"tags":[60,61,62,30,28,29],"class_list":{"0":"post-123539","1":"post","2":"type-post","3":"status-publish","4":"format-standard","5":"has-post-thumbnail","7":"category-naeringsliv","8":"tag-business","9":"tag-economy","10":"tag-naeringsliv","11":"tag-no","12":"tag-norge","13":"tag-norway"},"share_on_mastodon":{"url":"https:\/\/pubeurope.com\/@no\/115802009990702578","error":""},"_links":{"self":[{"href":"https:\/\/www.europesays.com\/no\/wp-json\/wp\/v2\/posts\/123539","targetHints":{"allow":["GET"]}}],"collection":[{"href":"https:\/\/www.europesays.com\/no\/wp-json\/wp\/v2\/posts"}],"about":[{"href":"https:\/\/www.europesays.com\/no\/wp-json\/wp\/v2\/types\/post"}],"author":[{"embeddable":true,"href":"https:\/\/www.europesays.com\/no\/wp-json\/wp\/v2\/users\/2"}],"replies":[{"embeddable":true,"href":"https:\/\/www.europesays.com\/no\/wp-json\/wp\/v2\/comments?post=123539"}],"version-history":[{"count":0,"href":"https:\/\/www.europesays.com\/no\/wp-json\/wp\/v2\/posts\/123539\/revisions"}],"wp:featuredmedia":[{"embeddable":true,"href":"https:\/\/www.europesays.com\/no\/wp-json\/wp\/v2\/media\/123540"}],"wp:attachment":[{"href":"https:\/\/www.europesays.com\/no\/wp-json\/wp\/v2\/media?parent=123539"}],"wp:term":[{"taxonomy":"category","embeddable":true,"href":"https:\/\/www.europesays.com\/no\/wp-json\/wp\/v2\/categories?post=123539"},{"taxonomy":"post_tag","embeddable":true,"href":"https:\/\/www.europesays.com\/no\/wp-json\/wp\/v2\/tags?post=123539"}],"curies":[{"name":"wp","href":"https:\/\/api.w.org\/{rel}","templated":true}]}}