{"id":123551,"date":"2025-12-29T09:06:08","date_gmt":"2025-12-29T09:06:08","guid":{"rendered":"https:\/\/www.europesays.com\/no\/123551\/"},"modified":"2025-12-29T09:06:08","modified_gmt":"2025-12-29T09:06:08","slug":"finn-bjorn-tonder-debatt-gorings-psykiater-fikk-dessverre-rett","status":"publish","type":"post","link":"https:\/\/www.europesays.com\/no\/123551\/","title":{"rendered":"Finn Bj\u00f8rn T\u00f8nder, Debatt | G\u00f6rings psykiater fikk dessverre rett"},"content":{"rendered":"\n<p><b>Ikke alle filmkritikere<\/b> er enige med meg i at James Vanderbilts \u00abN\u00fcrnberg\u00bb var en kjempegod film, den som hadde premiere p\u00e5 kino nylig. Den stakk ikke dypt nok, mente flere.<\/p>\n<p>Egentlig spiller det ingen rolle at meningene om filmen er delte. Det viktigste med \u00abN\u00fcrnberg\u00bb er at den f\u00e5r den amerikanske psykiateren Douglas M. Kelley (1912-1958) frem i lyset. Og ikke minst de advarslene han kom med etter at han hadde mentalunders\u00f8kt 22 nazi-ledere f\u00f8r rettssakene mot dem i N\u00fcrnberg etter andre verdenskrig.<\/p>\n<p><b>Kelley var hyret<\/b> inn av de allierte for \u00e5 f\u00e5 avklart om han som var nummer to i nazi-regimet etter Adolf Hitler, Hermann G\u00f6ring \u2013 og de 21 andre arresterte nazi-lederne, kunne regnes som tilregnelige.<\/p>\n<p>Sp\u00f8rsm\u00e5let var absolutt relevant med tanke p\u00e5 all den ondskap, grusomheter og umenneskelighet nazistene hadde st\u00e5tt bak.<\/p>\n<p>Blant annet hadde de med overlegg bestemt at alle j\u00f8der i verden skulle utryddes. De klarte da ogs\u00e5 p\u00e5 bestialsk vis \u00e5 ta livet av seks millioner av dem.<\/p>\n<p>Blant folk flest rundt om i verden var det derfor ingen tvil om at det m\u00e5tte v\u00e6re sinnssyke ledere som beordret slike uhyrligheter mot menneskeheten. Spesielt da offentligheten fikk se hva som hadde foreg\u00e5tt i nazistenes utryddelsesleire, ble ordet sinnssyke ofte brukt om dem som sto bak grusomhetene.<\/p>\n<p><b>I samtaler med<\/b> og unders\u00f8kelser av G\u00f6ring og de andre ville psykiateren Kelley finne ut hvilken psykiatrisk sykdom eller forstyrrelse disse nazistene delte. Han fant imidlertid ikke ett psykotisk trekk som var felles for alle, i stedet personlighetstrekk som mange folk hadde og har.<\/p>\n<p>Han sa etterp\u00e5 at hvis G\u00f6ring kunne falle s\u00e5 dypt som han gjorde, og beg\u00e5 slike groteske forbrytelser, ja, s\u00e5 kunne ogs\u00e5 Kelley selv gj\u00f8re det.<\/p>\n<p>Hans profesjonelle tro ble fullstendig snudd p\u00e5 hodet etter unders\u00f8kelsene av nazi-lederne. Og hans personlige liv ble ogs\u00e5 p\u00e5virket av det han konkluderte med. Hensikten med N\u00fcrnberg-rettssakene var jo at de allierte en gang for alle ville f\u00e5 frem at de tyske nazistene var noen utskudd, og at verden aldri m\u00e5tte f\u00e5 oppleve noe tilsvarende igjen.<\/p>\n<p>   <img decoding=\"async\" width=\"1364\" height=\"950\" fetchpriority=\"low\"  loading=\"lazy\"  src=\"https:\/\/www.europesays.com\/no\/wp-content\/uploads\/2025\/12\/Goering_on_trial_%28color%29.jpg\" alt=\"\" class=\"brick-c-cFOWSL\" style=\"--brick-image-ratio: 1364 \/ 950;\"\/><\/p>\n<p>      Hermann G\u00f6ring p\u00e5 tiltalebenken under N\u00fcrnbergprosessen.<br \/>\n      Foto: Wikimedia Commons\n    <\/p>\n<p><b>Det er et faktum<\/b> at film er et langt sterkere medium enn b\u00f8ker. \u00abN\u00fcrnberg\u00bb er basert p\u00e5 Jack El-Hais bok \u00abNazisten og psykiateren\u00bb fra 2013. Den vekket oppsikt, men p\u00e5 langt n\u00e6r s\u00e5 mye som filmen gj\u00f8r i disse dager.<\/p>\n<p>Derfor er det bra at verden ogs\u00e5 f\u00e5r en filmversjon av arbeidet til El-Hai.<\/p>\n<p>Gjennom s\u00f8nnen til Douglas M. Kelley fikk han tilgang p\u00e5 alle notatene til psykiateren om arbeidet hans med de 22 nazi-lederne. Han sa da boken kom ut:<\/p>\n<p>\u00abNazistene var etter Kelleys oppfatning ikke sinnssyke. De fleste som beg\u00e5r forbrytelser mot menneskeheten, som nazistene, er tilregnelige. Da Kelley uttalte det i USA etter N\u00fcrnberg-prosessen, ville ikke amerikanerne h\u00f8re p\u00e5 ham. Og spesielt ikke p\u00e5 at han sa at uhyrlighetene kan skje igjen. Hvor som helst og n\u00e5r som helst. Ogs\u00e5 i USA. Menn som er ivrig etter \u00e5 f\u00e5 makt kan g\u00e5 over lik for \u00e5 oppn\u00e5 makt. De kan ogs\u00e5 v\u00e6re menneskelige og sjarmerende, slik for eksempel G\u00f6ring ogs\u00e5 var. Menneskelighet og ondskap utelukker ikke hverandre\u00bb, var Kelleys hovedbudskap if\u00f8lge El-Hai.<\/p>\n<p><b>Douglas M. Kelley <\/b>skrev ogs\u00e5 bok, \u00ab22 cells in Nuremberg\u00bb, om det han opplevde i samtaler med G\u00f6ring og de 21 andre \u00abekstremt selvnytende narsissistene\u00bb. Men ogs\u00e5 i boken konkluderte han med at det finnes mennesker over hele verden som i sin higen etter makt er i stand til \u00e5 gj\u00f8re uhyrligheter, uten \u00e5 v\u00e6re sinnssyke.<\/p>\n<p>Boken solgte omtrent ikke. Amerikanerne ville ikke ta inn psykiaterens budskap. Selv var han skremt over sine oppdagelser og var preget av det s\u00e5 lenge han levde. 45 \u00e5r gammel tok han sitt eget liv ved \u00e5 svelge innholdet i en cyanidkapsel. Han d\u00f8de med andre ord p\u00e5 n\u00f8yaktig samme m\u00e5te som Herman G\u00f6ring, som var for feig til \u00e5 bli hengt etter d\u00f8dsdommen, og valgte derfor selvmord.<\/p>\n<p><b>Jeg tar meg<\/b> i \u00e5 tenke mye p\u00e5 Douglas M. Kelleys konklusjoner i disse dager. Hadde verden v\u00e6rt et bedre sted om amerikanerne og verden for \u00f8vrig hadde lyttet til Kelley allerede p\u00e5 1940- og 50-tallet? Sett signalene tidligere da nye despoter var p\u00e5 vei opp i mange forskjellige land? Og klart \u00e5 stoppe dem i tide?<\/p>\n<p>Jeg vet ikke. Forfatteren av \u00abNazisten og psykiateren\u00bb, Jack El-Hai, har uttalt at m\u00e5ten \u00e5 bekjempe ekstremistgruppers utbredelse er ikke \u00e5 fokusere p\u00e5 individer som kan beg\u00e5 forbrytelser, men fokusere p\u00e5 feilslutningene og vise dem frem.<\/p>\n<p><b>Selvsagt er det<\/b> \u00e5 g\u00e5 for langt \u00e5 sammenlikne for eksempel USAs president, Donald Trump, med Herman G\u00f6ring. Likevel var det Trump jeg tenkte p\u00e5 da jeg s\u00e5 skuespilleren Russell Crowe gestalte Herman G\u00f6ring i filmen \u00abN\u00fcrnberg\u00bb.<\/p>\n<p>Ekstremt selvnytende og narsissistiske mennesker minner jo om hverandre. Og Trump har jo ogs\u00e5 vist at han er villig til \u00e5 g\u00e5 langt for \u00e5 oppn\u00e5 og ut\u00f8ve makt, samtidig som han bagatelliserer og benekter lovbrudd han beviselig har gjort seg skyldig i.<\/p>\n<p>At psykiater Kelley hadde rett i sine sp\u00e5dommer om at det som skjedde under andre verdenskrig absolutt kan skje igjen, har vi dagsaktuelle eksempler p\u00e5. Det skulle v\u00e6re nok \u00e5 nevne Putin og Netanyahu.<\/p>\n<p>  <a href=\"https:\/\/www.ba.no\/5-8-3261801\" class=\"related-teaser has-image default-opinion-teaser article--c-eRUmMG article--c-eRUmMG-jKCPdD-design-default\" rel=\"nofollow noopener\" target=\"_blank\"><\/p>\n<p>    <img decoding=\"async\" loading=\"lazy\"  src=\"https:\/\/www.europesays.com\/no\/wp-content\/uploads\/2025\/12\/NTB_B8E6ezPlGkw.jpg\" alt=\"\" class=\"brick-c-cFOWSL\" style=\"\"\/><\/p>\n<p>\n            Les ogs\u00e5<\/p>\n<p>              \u2013 Hvorfor akkurat syv slag?\n        <\/p>\n<p>  <\/a><\/p>\n","protected":false},"excerpt":{"rendered":"Ikke alle filmkritikere er enige med meg i at James Vanderbilts \u00abN\u00fcrnberg\u00bb var en kjempegod film, den som&hellip;\n","protected":false},"author":2,"featured_media":123552,"comment_status":"","ping_status":"","sticky":false,"template":"","format":"standard","meta":{"footnotes":""},"categories":[12],"tags":[36,20,21,37,24,25,3259,15,14623,22,23,13,30,28,29,14622,14,1533,16,26,27,42,43,44,45],"class_list":{"0":"post-123551","1":"post","2":"type-post","3":"status-publish","4":"format-standard","5":"has-post-thumbnail","7":"category-verden","8":"tag-art","9":"tag-breaking-news","10":"tag-breakingnews","11":"tag-debatt","12":"tag-featured-news","13":"tag-featurednews","14":"tag-finn-bjorn-tonder","15":"tag-headlines","16":"tag-herman-goring","17":"tag-latest-news","18":"tag-latestnews","19":"tag-news","20":"tag-no","21":"tag-norge","22":"tag-norway","23":"tag-nurnberg-rettssaken","24":"tag-nyheter","25":"tag-opinion","26":"tag-overskrifter","27":"tag-top-stories","28":"tag-topstories","29":"tag-verden","30":"tag-world","31":"tag-world-news","32":"tag-worldnews"},"share_on_mastodon":{"url":"https:\/\/pubeurope.com\/@no\/115802065049184901","error":""},"_links":{"self":[{"href":"https:\/\/www.europesays.com\/no\/wp-json\/wp\/v2\/posts\/123551","targetHints":{"allow":["GET"]}}],"collection":[{"href":"https:\/\/www.europesays.com\/no\/wp-json\/wp\/v2\/posts"}],"about":[{"href":"https:\/\/www.europesays.com\/no\/wp-json\/wp\/v2\/types\/post"}],"author":[{"embeddable":true,"href":"https:\/\/www.europesays.com\/no\/wp-json\/wp\/v2\/users\/2"}],"replies":[{"embeddable":true,"href":"https:\/\/www.europesays.com\/no\/wp-json\/wp\/v2\/comments?post=123551"}],"version-history":[{"count":0,"href":"https:\/\/www.europesays.com\/no\/wp-json\/wp\/v2\/posts\/123551\/revisions"}],"wp:featuredmedia":[{"embeddable":true,"href":"https:\/\/www.europesays.com\/no\/wp-json\/wp\/v2\/media\/123552"}],"wp:attachment":[{"href":"https:\/\/www.europesays.com\/no\/wp-json\/wp\/v2\/media?parent=123551"}],"wp:term":[{"taxonomy":"category","embeddable":true,"href":"https:\/\/www.europesays.com\/no\/wp-json\/wp\/v2\/categories?post=123551"},{"taxonomy":"post_tag","embeddable":true,"href":"https:\/\/www.europesays.com\/no\/wp-json\/wp\/v2\/tags?post=123551"}],"curies":[{"name":"wp","href":"https:\/\/api.w.org\/{rel}","templated":true}]}}