{"id":123555,"date":"2025-12-29T09:08:30","date_gmt":"2025-12-29T09:08:30","guid":{"rendered":"https:\/\/www.europesays.com\/no\/123555\/"},"modified":"2025-12-29T09:08:30","modified_gmt":"2025-12-29T09:08:30","slug":"en-ny-loke-tar-arven-videre","status":"publish","type":"post","link":"https:\/\/www.europesays.com\/no\/123555\/","title":{"rendered":"En ny L\u00f8ke tar arven videre:"},"content":{"rendered":"<p>For da det hele skulle avgj\u00f8res i NM-finalen mellom Runar og Kolstad, valgte Runar-trener Bjarte Myrhol \u00e5 sende frem 18 \u00e5r gamle Alexander L\u00f8ke Gautestad.<\/p>\n<p>P\u00e5 tribunen sto en r\u00f8rt mamma Heidi L\u00f8ke og s\u00e5 s\u00f8nnen iskaldt sette den avgj\u00f8rende straffen i m\u00e5l.<\/p>\n<p>\u2013 T\u00e5rene kom, dette var stort, sier Heidi L\u00f8ke etter kampen.<\/p>\n<p>        <img class=\"image__img lazyload\" itemprop=\"image\" title=\"Foto: Gorm Kallestad \/ NTB\" alt=\"H\u00c5NDBALL I BLODET: I 2008 var Alexander til stede under EM for \u00e5 heie p\u00e5 mamma Heidi L\u00f8ke. Foto: Gorm Kallestad \/ NTB\" width=\"675\" height=\"480\" bad-src=\"https:\/\/www.europesays.com\/no\/wp-content\/uploads\/2025\/12\/18417103.webp.jpeg\" fetchpriority=\"auto\" \/><\/p>\n<p>      H\u00c5NDBALL I BLODET: I 2008 var Alexander til stede under EM for \u00e5 heie p\u00e5 mamma Heidi L\u00f8ke.<br \/>\n         Foto: Gorm Kallestad \/ NTB<\/p>\n<p> \u2013 Det var utrolig mektig og r\u00f8rende \u00e5 se p\u00e5, sa TV 2s h\u00e5ndballekspert Gro Hammerseng-Edin om \u00f8yeblikket. <\/p>\n<p>For er det \u00e9n som kan sies \u00e5 ha genene i orden, s\u00e5 er det Alexander L\u00f8ke Gautestad.<\/p>\n<p>To etternavn som begge har preget norsk h\u00e5ndball stort.<\/p>\n<p>Mamma Heidi L\u00f8ke er en legende og kan vise til gull i OL, VM og EM.\u00a0<\/p>\n<p>I 2011 ble hun av Det internasjonale h\u00e5ndballforbundet k\u00e5ret til verdens beste kvinnelige h\u00e5ndballspiller.<\/p>\n<p>Faren er trenerlegenden Leif Gautestad. Ikke nok med det. Onkelen er ingen ringere enn Frank L\u00f8ke og tanten Lise L\u00f8ke har ogs\u00e5 landskamper for Norge.<\/p>\n<p>Roser psyken: \u2013 Det er helt sinnssykt<\/p>\n<p>Da L\u00f8ke Gautestad hamret inn den avgj\u00f8rende straffen, s\u00e5 han ikke ut til \u00e5 v\u00e6re preget av omstendighetene i det hele tatt.<\/p>\n<p>\u2013 Det at de setter ham til \u00e5 ta den siste straffen, det viser litt hva han har gjort p\u00e5 trening og at han er iskald. Han har mange gode \u00e5r foran seg, jeg gleder meg til \u00e5 f\u00f8lge ham. Jeg er veldig stolt over ham, sier Heidi L\u00f8ke.<\/p>\n<p>TV 2s h\u00e5ndballekspert Gro Hammerseng-Edin er sv\u00e6rt imponert over 18-\u00e5ringens psyke.<\/p>\n<p>\u00a0\u2013 Det er helt sinnssykt \u00e5 se hvordan en s\u00e5 ung fyr takler en slik situasjon. Ikke minst vurderingen til Bjarte Myrhol som velger \u00e5 gi ham muligheten. Det var helt vilt, sier Hammerseng-Edin.<\/p>\n<p>Selv forklarer L\u00f8ke Gautestad det s\u00e5 enkelt:<\/p>\n<p>\u2013 Du m\u00e5 ha is i magen, sier 18-\u00e5ringen selvsikkert til TV 2.<\/p>\n<p>        <img class=\"image__img lazyload\" itemprop=\"image\" title=\"Foto: Gorm Kallestad \/ NTB\" alt=\"TETT P\u00c5: Alexander var bare to \u00e5r gammel da han var med til VM i Kina i 2009. Foto: Gorm Kallestad \/ NTB\" width=\"675\" height=\"466\" bad-src=\"https:\/\/www.europesays.com\/no\/wp-content\/uploads\/2025\/12\/18417273.webp.jpeg\" fetchpriority=\"auto\" \/><\/p>\n<p>      TETT P\u00c5: Alexander var bare to \u00e5r gammel da han var med til VM i Kina i 2009.<br \/>\n         Foto: Gorm Kallestad \/ NTB<\/p>\n<p>Ved sin side sto mamma Heidi L\u00f8ke og smilte stolt mot s\u00f8nnen.<\/p>\n<p class=\"italic m-italic\" data-lab-italic=\"italic\">\u2013 Hvor har du det fra? Spurte TV 2s programleder.<\/p>\n<p>\u2013 Jeg vet ikke, svarte 18-\u00e5ringen og dultet borti moren sin, f\u00f8r begge lo.<\/p>\n<p>\u2013 N\u00e5 m\u00e5 du svare tante Lise, sa Heidi L\u00f8ke.<\/p>\n<p class=\"bold m-bold\" data-lab-font_weight=\"bold\">\u2013 Tante Lise! Kom det kontant fra finalehelten.<\/p>\n<p>\u2013 Ikke som min onkel!<\/p>\n<p>Runars NM-tittel var deres f\u00f8rste siden 2008.<\/p>\n<p>Det skulle selvsagt feires, men hovedrollen p\u00e5 festen hadde Alexander L\u00f8ke Gautestad ingen planer om \u00e5 ta.<\/p>\n<p>\u2013 Jeg er litt mer den fornuftige L\u00f8ke.<\/p>\n<p>\u2013 Han er faktisk det. Han er mye roligere enn oss andre i L\u00f8ke-familien, svarer moren.<\/p>\n<p>Han hadde iallfall ikke planer om \u00e5 g\u00e5 i fotsporene til onkel Frank L\u00f8ke, som gjennom karrieren, og ikke minst etter karrieren, har hatt for vane \u00e5 skape overskrifter.<\/p>\n<p>\u2013 Du f\u00e5r g\u00e5 og feire p\u00e5 ekte L\u00f8ke-vis, avsluttet TV 2s programleder, som fikk et kontant svar:<\/p>\n<p class=\"bold m-bold\" data-lab-font_weight=\"bold\">\u2013\u00a0Vi f\u00e5r se! Ikke som min onkel i hvert fall.\u00a0<\/p>\n<p>        <img class=\"image__img lazyload\" itemprop=\"image\" title=\"Foto: Carina Johansen \/ NTB\" alt=\"SHOW: Frank L\u00f8ke fra boksekampen mot Ole Klemetsen i september. Foto: Carina Johansen \/ NTB\" width=\"675\" height=\"426\" bad-src=\"https:\/\/www.europesays.com\/no\/wp-content\/uploads\/2025\/12\/18417285.webp.jpeg\" fetchpriority=\"auto\" \/><\/p>\n<p>      SHOW: Frank L\u00f8ke fra boksekampen mot Ole Klemetsen i september.<br \/>\n         Foto: Carina Johansen \/ NTB<\/p>\n<p>Frank L\u00f8ke er tydelig imponert over nev\u00f8en sin og sier overfor TV 2 at det er \u00abstarten p\u00e5 noe stort\u00bb:\u00a0<\/p>\n<p>\u2013\u00a0N\u00e5r en 18-\u00e5ring kommer inn og avgj\u00f8r finalen p\u00e5 den m\u00e5ten, det kommer til \u00e5 v\u00e6re gjennombruddet hans, sier han, og legger til:\u00a0<\/p>\n<p>\u2013 Folk som trodde de var kvitt L\u00f8ke p\u00e5 herrelandslaget, de tar feil!<\/p>\n<p>N\u00e5r han h\u00f8rer hvordan nev\u00f8en ikke skal feire, ler han:\u00a0<\/p>\n<p>\u2013 Jeg h\u00e5pet jo han skulle v\u00e6re like god som meg p\u00e5 banketten, men det er kanskje bra han har l\u00e6rt hva han ikke skal gj\u00f8re, for \u00e5 si det s\u00e5nn!<\/p>\n<p>H\u00f8ydramatisk finale\u00a0<\/p>\n<p>Det ble en h\u00f8ydramatisk finale mellom Runar og Kolstad, som m\u00e5tte avgj\u00f8res ved straffekastkonkurranse. <\/p>\n<p>Runar-bautaen Christoffer Rambo fikk r\u00f8dt kort allerede 20 minutter ut i f\u00f8rsteomgang. I andreomgang fikk ogs\u00e5 Sander Myklebust det r\u00f8de kortet.<\/p>\n<p>Rambo var ikke overrasket over at det var nettopp L\u00f8ke Gautestad som endte opp som den store helten.<\/p>\n<p class=\"bold m-bold\" data-lab-font_weight=\"bold\">\u2013 Det er L\u00f8ke det. Trenger jeg \u00e5 si noe mer?\u00a0<\/p>\n","protected":false},"excerpt":{"rendered":"For da det hele skulle avgj\u00f8res i NM-finalen mellom Runar og Kolstad, valgte Runar-trener Bjarte Myrhol \u00e5 sende&hellip;\n","protected":false},"author":2,"featured_media":123556,"comment_status":"","ping_status":"","sticky":false,"template":"","format":"standard","meta":{"footnotes":""},"categories":[5],"tags":[20,21,24,25,15,19,22,23,17,18,13,30,28,29,14,16,26,27],"class_list":{"0":"post-123555","1":"post","2":"type-post","3":"status-publish","4":"format-standard","5":"has-post-thumbnail","7":"category-overskrifter","8":"tag-breaking-news","9":"tag-breakingnews","10":"tag-featured-news","11":"tag-featurednews","12":"tag-headlines","13":"tag-hovedoppslag","14":"tag-latest-news","15":"tag-latestnews","16":"tag-main-news","17":"tag-mainnews","18":"tag-news","19":"tag-no","20":"tag-norge","21":"tag-norway","22":"tag-nyheter","23":"tag-overskrifter","24":"tag-top-stories","25":"tag-topstories"},"share_on_mastodon":{"url":"https:\/\/pubeurope.com\/@no\/115802072919695221","error":""},"_links":{"self":[{"href":"https:\/\/www.europesays.com\/no\/wp-json\/wp\/v2\/posts\/123555","targetHints":{"allow":["GET"]}}],"collection":[{"href":"https:\/\/www.europesays.com\/no\/wp-json\/wp\/v2\/posts"}],"about":[{"href":"https:\/\/www.europesays.com\/no\/wp-json\/wp\/v2\/types\/post"}],"author":[{"embeddable":true,"href":"https:\/\/www.europesays.com\/no\/wp-json\/wp\/v2\/users\/2"}],"replies":[{"embeddable":true,"href":"https:\/\/www.europesays.com\/no\/wp-json\/wp\/v2\/comments?post=123555"}],"version-history":[{"count":0,"href":"https:\/\/www.europesays.com\/no\/wp-json\/wp\/v2\/posts\/123555\/revisions"}],"wp:featuredmedia":[{"embeddable":true,"href":"https:\/\/www.europesays.com\/no\/wp-json\/wp\/v2\/media\/123556"}],"wp:attachment":[{"href":"https:\/\/www.europesays.com\/no\/wp-json\/wp\/v2\/media?parent=123555"}],"wp:term":[{"taxonomy":"category","embeddable":true,"href":"https:\/\/www.europesays.com\/no\/wp-json\/wp\/v2\/categories?post=123555"},{"taxonomy":"post_tag","embeddable":true,"href":"https:\/\/www.europesays.com\/no\/wp-json\/wp\/v2\/tags?post=123555"}],"curies":[{"name":"wp","href":"https:\/\/api.w.org\/{rel}","templated":true}]}}