{"id":123557,"date":"2025-12-29T09:09:29","date_gmt":"2025-12-29T09:09:29","guid":{"rendered":"https:\/\/www.europesays.com\/no\/123557\/"},"modified":"2025-12-29T09:09:29","modified_gmt":"2025-12-29T09:09:29","slug":"tv-2s-kommentator-reagerer-sterkt","status":"publish","type":"post","link":"https:\/\/www.europesays.com\/no\/123557\/","title":{"rendered":"TV 2s kommentator reagerer sterkt:"},"content":{"rendered":"<p>S\u00f8ndagens NM-finaler var begge av det spektakul\u00e6re slaget. B\u00e5de Runar og Storhamar sikret gull etter straffekast.<\/p>\n<p>Men under herrenes finale kom mer enn selve spillet i fokus. Gjentatte ganger m\u00e5tte spillet stoppes p\u00e5 grunn av feil med scoreboardsystemet.<\/p>\n<p>Det fikk TV 2s kommentator Harald Bredeli til \u00e5 reagere.<\/p>\n<p class=\"bold m-bold\" data-lab-font_weight=\"bold\">\u2013 Det er tredje eller fjerde gangen klokka svikter i l\u00f8pet av en omgang i NM-finale. Det er helt h\u00e5pl\u00f8st, sukker Bredeli.<\/p>\n<p>Han f\u00e5r svar fra sin kommentatorkollega Bent Svele.<\/p>\n<p>\u2013 H\u00e5pl\u00f8st er det beste ordet vi kan bruke p\u00e5 det \u2013 som vi kan si p\u00e5 live-TV, svarer Svele.<\/p>\n<p>De siste minuttene av f\u00f8rste omgang gikk uten klokke i hallen, og gjennom TV-skjermen kunne man h\u00f8re at speakeren gjentatte ganger opplyste om hvor lenge det var igjen av kampen.<\/p>\n<p>        <img class=\"image__img lazyload\" itemprop=\"image\" title=\"Foto: Beate Oma Dahle \/ NTB\" alt=\"DYNAMISK DUO: Bent Svele og Harald Bredeli. Foto: Beate Oma Dahle \/ NTB\" width=\"978\" height=\"656\" bad-src=\"https:\/\/www.europesays.com\/no\/wp-content\/uploads\/2025\/12\/18417706.webp.jpeg\" fetchpriority=\"auto\" \/><\/p>\n<p>      DYNAMISK DUO: Bent Svele og Harald Bredeli.<br \/>\n         Foto: Beate Oma Dahle \/ NTB<\/p>\n<p>I kvinnefinalen oppsto det ogs\u00e5 en situasjon som stoppet spillet i en kort periode.<\/p>\n<p>Dette skyldtes et mindre avvik knyttet til gulvreklamen. Summen av tidtakingsproblemer og utfordringer med gulvreklamen frustrerte Bredeli ytterligere.<\/p>\n<p>\u2013 Da var det stopp etter stopp i herrens finaler. N\u00e5r klokka virker er det reklamen som ikke virker. Det skal ikke skje. Det er greit \u00e5 f\u00e5 ryddet unna f\u00f8r EM-\u00e5pninga i januar, sier Bredeli.\u00a0<\/p>\n<p>F\u00e5r svar fra forbundet<\/p>\n<p>Arrangementsansvarlig i Norges H\u00e5ndballforbund, Seada Saldic, skriver til TV 2:<\/p>\n<p>\u2013 Vi opplevde dessverre utfordringer med scoreboardsystemet som ble benyttet under NM-finalene, n\u00e6rmere bestemt i f\u00f8rste omgang av herrefinalen. Vi vil unders\u00f8ke dette n\u00e6rmere i h\u00e5p om \u00e5 finne ut n\u00f8yaktig hva feilen skyldtes, men situasjonen ble h\u00e5ndtert s\u00e5 godt som mulig der og da, og systemet ble restartet i pausen. Etter dette oppsto det ingen ytterligere problemer, noe som tyder p\u00e5 at dette var en teknisk svikt.\u00a0<\/p>\n<p>Hun har forst\u00e5else for at kritikken rettes mot arrang\u00f8ren, men ser likevel p\u00e5 s\u00f8ndagens NM-finaler som en positiv opplevelse.<\/p>\n<p>\u2013 Dette er selvsagt beklagelig, og vi er lei oss for at situasjonen oppsto. Vi har full forst\u00e5else for tilbakemeldingene og reaksjonene som kom fra b\u00e5de lag og publikum. Samtidig mener vi at finalene likevel ble gjennomf\u00f8rt p\u00e5 en rettferdig m\u00e5te, og at det til slutt ble en sv\u00e6rt minnerik dag for h\u00e5ndballpublikummet \u2013 b\u00e5de for dem som var til stede, og for dem som fulgte kampene p\u00e5 TV, skriver Saldic til TV 2.\u00a0<\/p>\n<p class=\"italic m-italic\" data-lab-italic=\"italic\">\u2013 EM n\u00e6rmer seg, hvordan skal dere unng\u00e5 at dette skjer da?\u00a0<\/p>\n<p>\u2013 I EM vil det bli benyttet et annet tidtaker- og kampsystem, i tr\u00e5d med mesterskapets tekniske oppsett, svarer Saldic.\u00a0<\/p>\n","protected":false},"excerpt":{"rendered":"S\u00f8ndagens NM-finaler var begge av det spektakul\u00e6re slaget. B\u00e5de Runar og Storhamar sikret gull etter straffekast. Men under&hellip;\n","protected":false},"author":2,"featured_media":123558,"comment_status":"","ping_status":"","sticky":false,"template":"","format":"standard","meta":{"footnotes":""},"categories":[59],"tags":[30,28,29,83,82],"class_list":{"0":"post-123557","1":"post","2":"type-post","3":"status-publish","4":"format-standard","5":"has-post-thumbnail","7":"category-sport","8":"tag-no","9":"tag-norge","10":"tag-norway","11":"tag-sport","12":"tag-sports"},"share_on_mastodon":{"url":"https:\/\/pubeurope.com\/@no\/115802076903440335","error":""},"_links":{"self":[{"href":"https:\/\/www.europesays.com\/no\/wp-json\/wp\/v2\/posts\/123557","targetHints":{"allow":["GET"]}}],"collection":[{"href":"https:\/\/www.europesays.com\/no\/wp-json\/wp\/v2\/posts"}],"about":[{"href":"https:\/\/www.europesays.com\/no\/wp-json\/wp\/v2\/types\/post"}],"author":[{"embeddable":true,"href":"https:\/\/www.europesays.com\/no\/wp-json\/wp\/v2\/users\/2"}],"replies":[{"embeddable":true,"href":"https:\/\/www.europesays.com\/no\/wp-json\/wp\/v2\/comments?post=123557"}],"version-history":[{"count":0,"href":"https:\/\/www.europesays.com\/no\/wp-json\/wp\/v2\/posts\/123557\/revisions"}],"wp:featuredmedia":[{"embeddable":true,"href":"https:\/\/www.europesays.com\/no\/wp-json\/wp\/v2\/media\/123558"}],"wp:attachment":[{"href":"https:\/\/www.europesays.com\/no\/wp-json\/wp\/v2\/media?parent=123557"}],"wp:term":[{"taxonomy":"category","embeddable":true,"href":"https:\/\/www.europesays.com\/no\/wp-json\/wp\/v2\/categories?post=123557"},{"taxonomy":"post_tag","embeddable":true,"href":"https:\/\/www.europesays.com\/no\/wp-json\/wp\/v2\/tags?post=123557"}],"curies":[{"name":"wp","href":"https:\/\/api.w.org\/{rel}","templated":true}]}}