{"id":123559,"date":"2025-12-29T09:10:59","date_gmt":"2025-12-29T09:10:59","guid":{"rendered":"https:\/\/www.europesays.com\/no\/123559\/"},"modified":"2025-12-29T09:10:59","modified_gmt":"2025-12-29T09:10:59","slug":"borgen-skuespilleren-om-sexlivet-behandlet-dem-ikke-pent","status":"publish","type":"post","link":"https:\/\/www.europesays.com\/no\/123559\/","title":{"rendered":"\u00abBorgen\u00bb-skuespilleren om sexlivet: &#8211; Behandlet dem ikke pent"},"content":{"rendered":"<p>Den danske skuespilleren og regiss\u00f8ren Christian Tafdrup (47), kjent fra den politiske dramaserien \u00abBorgen\u00bb, \u00e5pner seg om tidligere feil i kj\u00e6rlighetslivet.\u00a0<\/p>\n<p>I et intervju med <a href=\"https:\/\/www.berlingske.dk\/eksistens\/engang-sneg-christian-tafdrup-sig-vaek-fra-one-night-stands-i-ly-af-natten-i-dag-ville-han-blive-liggende-30-minutter-laengere?utm_source=social&amp;utm_medium=facebook&amp;utm_content=billede_opslag&amp;fbclid=IwdGRleAO91vxleHRuA2FlbQIxMQBzcnRjBmFwcF9pZAo2NjI4NTY4Mzc5AAEejHvQi2qc0QfYWUTzkEM9l2RBwKKDMMMtMnORrCz52-B-Ba_N-cLgR7iVOgo_aem_N3PpJw9lpS7eTqNdsv3p6A\" rel=\"nofollow noopener\" target=\"_blank\">Berlingske<\/a> forteller 47-\u00e5ringen \u00e6rlig at han i begynnelsen av 30-\u00e5rene ikke alltid behandlet kvinner han hadde one-night stands med p\u00e5 en ordentlig m\u00e5te.<\/p>\n<p>\u2013 I starten av tretti\u00e5rene mine behandlet jeg ikke one-night stands s\u00e6rlig pent. Det kunne handle om \u00e5 st\u00e5 opp midt p\u00e5 natten og stikke f\u00f8r de stod opp, eller \u00e5 lyve om at jeg m\u00e5tte dra tidlig fordi jeg skulle hjelpe en venn, sier Tafdrup i intervjuet.<\/p>\n<p>\u2013 Man skal oppf\u00f8re seg ordentlig\u00a0<\/p>\n<p>I dag ser han annerledes p\u00e5 det \u2013 og legger ikke skjul p\u00e5 at han angrer.<\/p>\n<p>\u2013 Man skal oppf\u00f8re seg ordentlig, uansett om det er med en kj\u00e6reste man har v\u00e6rt sammen med i ti \u00e5r, eller et menneske man nettopp har m\u00f8tt, understreker han i Berlingske.<\/p>\n<p>If\u00f8lge den tidligere \u00abBorgen\u00bb-skuespilleren handler respekt ogs\u00e5 om de sm\u00e5 tingene. Selv i et tilfeldig m\u00f8te mener han at man har et ansvar for \u00e5 vise hensyn.<\/p>\n<p>\u2013 Det kan bety at man m\u00e5 bli liggende en halvtime lenger enn man egentlig har lyst til, sier han i intervjuet.<\/p>\n<p>Tafdrup var tidligere i et ti \u00e5r langt forhold med Natalie Toro Stokholm. De gikk fra hverandre i januar 2024.<\/p>\n<p>Filmskaper og regiss\u00f8r\u00a0<\/p>\n<p>Skuespilleren har sl\u00e5tt seg opp som filmskaper de siste \u00e5rene. Han fikk sitt internasjonale gjennombrudd som regiss\u00f8r med den kritikerroste og omdiskuterte filmen \u00abSpeak No Evil\u00bb i 2022.\u00a0<\/p>\n<p>Som skuespiller er han kjent fra blant annet TV-seriene \u00abL\u00e6rkevej\u00bb og \u00abBorgen\u00bb, sistnevnte\u00a0kjent for sin skildring av politisk maktspill i Danmark:<\/p>\n","protected":false},"excerpt":{"rendered":"Den danske skuespilleren og regiss\u00f8ren Christian Tafdrup (47), kjent fra den politiske dramaserien \u00abBorgen\u00bb, \u00e5pner seg om tidligere&hellip;\n","protected":false},"author":2,"featured_media":123560,"comment_status":"","ping_status":"","sticky":false,"template":"","format":"standard","meta":{"footnotes":""},"categories":[58],"tags":[71,30,28,29,72],"class_list":{"0":"post-123559","1":"post","2":"type-post","3":"status-publish","4":"format-standard","5":"has-post-thumbnail","7":"category-underholdning","8":"tag-entertainment","9":"tag-no","10":"tag-norge","11":"tag-norway","12":"tag-underholdning"},"share_on_mastodon":{"url":"https:\/\/pubeurope.com\/@no\/115802084629798587","error":""},"_links":{"self":[{"href":"https:\/\/www.europesays.com\/no\/wp-json\/wp\/v2\/posts\/123559","targetHints":{"allow":["GET"]}}],"collection":[{"href":"https:\/\/www.europesays.com\/no\/wp-json\/wp\/v2\/posts"}],"about":[{"href":"https:\/\/www.europesays.com\/no\/wp-json\/wp\/v2\/types\/post"}],"author":[{"embeddable":true,"href":"https:\/\/www.europesays.com\/no\/wp-json\/wp\/v2\/users\/2"}],"replies":[{"embeddable":true,"href":"https:\/\/www.europesays.com\/no\/wp-json\/wp\/v2\/comments?post=123559"}],"version-history":[{"count":0,"href":"https:\/\/www.europesays.com\/no\/wp-json\/wp\/v2\/posts\/123559\/revisions"}],"wp:featuredmedia":[{"embeddable":true,"href":"https:\/\/www.europesays.com\/no\/wp-json\/wp\/v2\/media\/123560"}],"wp:attachment":[{"href":"https:\/\/www.europesays.com\/no\/wp-json\/wp\/v2\/media?parent=123559"}],"wp:term":[{"taxonomy":"category","embeddable":true,"href":"https:\/\/www.europesays.com\/no\/wp-json\/wp\/v2\/categories?post=123559"},{"taxonomy":"post_tag","embeddable":true,"href":"https:\/\/www.europesays.com\/no\/wp-json\/wp\/v2\/tags?post=123559"}],"curies":[{"name":"wp","href":"https:\/\/api.w.org\/{rel}","templated":true}]}}